{"id":6341,"date":"2016-12-13T17:32:01","date_gmt":"2016-12-13T17:32:01","guid":{"rendered":"http:\/\/www.sinprofaz.org.br\/?p=6341"},"modified":"2016-12-15T13:41:43","modified_gmt":"2016-12-15T13:41:43","slug":"sinprofaz-prestigia-cerimonia-de-posse-da-nova-diretoria-da-anajur","status":"publish","type":"post","link":"https:\/\/sinprofaz.org.br\/2024\/noticias\/sinprofaz-prestigia-cerimonia-de-posse-da-nova-diretoria-da-anajur\/","title":{"rendered":"SINPROFAZ PRESTIGIA CERIM\u00d4NIA DE POSSE DA NOVA DIRETORIA DA ANAJUR"},"content":{"rendered":"<p>O presidente do SINPROFAZ e do F\u00f3rum Nacional da Advocacia P\u00fablica, Achilles Frias, comp\u00f4s a mesa da cerim\u00f4nia de posse da nova diretoria da Associa\u00e7\u00e3o Nacional dos Membros das Carreiras da Advocacia-Geral da Uni\u00e3o &#8211; ANAJUR. A solenidade foi realizada nesta ter\u00e7a-feira (13), no Centro Cultural Evandro Lins e Silva, no Edif\u00edcio Sede do Conselho Federal da OAB, em Bras\u00edlia\/DF. Para suceder Joana Mello, h\u00e1 seis anos na presid\u00eancia da entidade, foi eleita Ruth Jeh\u00e1 Miller, atual diretora jur\u00eddica adjunta da Associa\u00e7\u00e3o.<\/p>\n<p>Em discurso, o presidente do SINPROFAZ enalteceu o trabalho conjunto das entidades representativas da Advocacia P\u00fablica Federal e desejou sucesso aos novos gestores da ANAJUR. &#8220;Os momentos mais dif\u00edceis, enfrentamos juntos. Nossas decis\u00f5es estrat\u00e9gicas resultaram em conquistas e promoveram o fortalecimento da AGU. N\u00e3o tenho d\u00favidas de que, a seu tempo, a Advocacia-Geral da Uni\u00e3o se consolidar\u00e1 como a principal institui\u00e7\u00e3o jur\u00eddica do pa\u00eds. Que essa nova diretoria d\u00ea continuidade ao exitoso trabalho que vem sendo feito pela ANAJUR, parceira de grandes vit\u00f3rias&#8221;, declarou Achilles Frias.<\/p>\n\n\t\t<style type=\"text\/css\">\n\t\t\t#gallery-1 {\n\t\t\t\tmargin: auto;\n\t\t\t}\n\t\t\t#gallery-1 .gallery-item {\n\t\t\t\tfloat: left;\n\t\t\t\tmargin-top: 10px;\n\t\t\t\ttext-align: center;\n\t\t\t\twidth: 33%;\n\t\t\t}\n\t\t\t#gallery-1 img {\n\t\t\t\tborder: 2px solid #cfcfcf;\n\t\t\t}\n\t\t\t#gallery-1 .gallery-caption {\n\t\t\t\tmargin-left: 0;\n\t\t\t}\n\t\t\t\/* see gallery_shortcode() in wp-includes\/media.php *\/\n\t\t<\/style>\n\t\t<div id='gallery-1' class='gallery galleryid-6341 gallery-columns-3 gallery-size-thumbnail'><dl class='gallery-item'>\n\t\t\t<dt class='gallery-icon landscape'>\n\t\t\t\t<a href='https:\/\/sinprofaz.org.br\/2024\/wp-content\/uploads\/2016\/12\/029.jpg'><img loading=\"lazy\" decoding=\"async\" width=\"150\" height=\"150\" src=\"https:\/\/sinprofaz.org.br\/2024\/wp-content\/uploads\/2016\/12\/029-150x150.jpg\" class=\"attachment-thumbnail size-thumbnail\" alt=\"\" \/><\/a>\n\t\t\t<\/dt><\/dl><dl class='gallery-item'>\n\t\t\t<dt class='gallery-icon landscape'>\n\t\t\t\t<a href='https:\/\/sinprofaz.org.br\/2024\/wp-content\/uploads\/2016\/12\/037.jpg'><img loading=\"lazy\" decoding=\"async\" width=\"150\" height=\"150\" src=\"https:\/\/sinprofaz.org.br\/2024\/wp-content\/uploads\/2016\/12\/037-150x150.jpg\" class=\"attachment-thumbnail size-thumbnail\" alt=\"\" \/><\/a>\n\t\t\t<\/dt><\/dl>\n\t\t\t<br style='clear: both' \/>\n\t\t<\/div>\n\n","protected":false},"excerpt":{"rendered":"<p>O presidente do SINPROFAZ e do F\u00f3rum Nacional da Advocacia P\u00fablica, Achilles Frias, comp\u00f4s a mesa da cerim\u00f4nia de posse da nova diretoria da Associa\u00e7\u00e3o Nacional dos Membros das Carreiras da Advocacia-Geral da Uni\u00e3o &#8211; ANAJUR.<\/p>\n","protected":false},"author":2,"featured_media":6342,"comment_status":"open","ping_status":"open","sticky":false,"template":"","format":"standard","meta":{"footnotes":""},"categories":[8],"tags":[34,32,23],"featured_image_url":"https:\/\/sinprofaz.org.br\/2024\/wp-content\/uploads\/2016\/12\/018-800x198.jpg","character_count":766,"formatted_date":"13\/12\/2016 - 17:32","contentNovo":"<p>O presidente do SINPROFAZ e do F\u00f3rum Nacional da Advocacia P\u00fablica, Achilles Frias, comp\u00f4s a mesa da cerim\u00f4nia de posse da nova diretoria da Associa\u00e7\u00e3o Nacional dos Membros das Carreiras da Advocacia-Geral da Uni\u00e3o - ANAJUR. A solenidade foi realizada nesta ter\u00e7a-feira (13), no Centro Cultural Evandro Lins e Silva, no Edif\u00edcio Sede do Conselho Federal da OAB, em Bras\u00edlia\/DF. Para suceder Joana Mello, h\u00e1 seis anos na presid\u00eancia da entidade, foi eleita Ruth Jeh\u00e1 Miller, atual diretora jur\u00eddica adjunta da Associa\u00e7\u00e3o.<\/p><p>Em discurso, o presidente do SINPROFAZ enalteceu o trabalho conjunto das entidades representativas da Advocacia P\u00fablica Federal e desejou sucesso aos novos gestores da ANAJUR. \"Os momentos mais dif\u00edceis, enfrentamos juntos. Nossas decis\u00f5es estrat\u00e9gicas resultaram em conquistas e promoveram o fortalecimento da AGU. N\u00e3o tenho d\u00favidas de que, a seu tempo, a Advocacia-Geral da Uni\u00e3o se consolidar\u00e1 como a principal institui\u00e7\u00e3o jur\u00eddica do pa\u00eds. Que essa nova diretoria d\u00ea continuidade ao exitoso trabalho que vem sendo feito pela ANAJUR, parceira de grandes vit\u00f3rias\", declarou Achilles Frias.<\/p>\r\n[gallery link=\"file\" ids=\"6343,6344\"]","_links":{"self":[{"href":"https:\/\/sinprofaz.org.br\/2024\/wp-json\/wp\/v2\/posts\/6341"}],"collection":[{"href":"https:\/\/sinprofaz.org.br\/2024\/wp-json\/wp\/v2\/posts"}],"about":[{"href":"https:\/\/sinprofaz.org.br\/2024\/wp-json\/wp\/v2\/types\/post"}],"author":[{"embeddable":true,"href":"https:\/\/sinprofaz.org.br\/2024\/wp-json\/wp\/v2\/users\/2"}],"replies":[{"embeddable":true,"href":"https:\/\/sinprofaz.org.br\/2024\/wp-json\/wp\/v2\/comments?post=6341"}],"version-history":[{"count":1,"href":"https:\/\/sinprofaz.org.br\/2024\/wp-json\/wp\/v2\/posts\/6341\/revisions"}],"predecessor-version":[{"id":6345,"href":"https:\/\/sinprofaz.org.br\/2024\/wp-json\/wp\/v2\/posts\/6341\/revisions\/6345"}],"wp:featuredmedia":[{"embeddable":true,"href":"https:\/\/sinprofaz.org.br\/2024\/wp-json\/wp\/v2\/media\/6342"}],"wp:attachment":[{"href":"https:\/\/sinprofaz.org.br\/2024\/wp-json\/wp\/v2\/media?parent=6341"}],"wp:term":[{"taxonomy":"category","embeddable":true,"href":"https:\/\/sinprofaz.org.br\/2024\/wp-json\/wp\/v2\/categories?post=6341"},{"taxonomy":"post_tag","embeddable":true,"href":"https:\/\/sinprofaz.org.br\/2024\/wp-json\/wp\/v2\/tags?post=6341"}],"curies":[{"name":"wp","href":"https:\/\/api.w.org\/{rel}","templated":true}]}}