{"id":6323,"date":"2016-12-09T11:00:21","date_gmt":"2016-12-09T11:00:21","guid":{"rendered":"http:\/\/www.sinprofaz.org.br\/?p=6323"},"modified":"2016-12-12T19:57:00","modified_gmt":"2016-12-12T19:57:00","slug":"em-curso-dos-novos-pfns-sinprofaz-destaca-vantagens-da-associacao","status":"publish","type":"post","link":"https:\/\/sinprofaz.org.br\/2024\/noticias\/em-curso-dos-novos-pfns-sinprofaz-destaca-vantagens-da-associacao\/","title":{"rendered":"EM CURSO DOS NOVOS PFNS, SINPROFAZ DESTACA VANTAGENS DA ASSOCIA\u00c7\u00c3O"},"content":{"rendered":"<p>Nessa quarta-feira (7), pen\u00faltimo dia do Curso de Ambienta\u00e7\u00e3o, os procuradores da Fazenda Nacional rec\u00e9m-empossados conheceram algumas das vantagens de se associarem ao SINPROFAZ. Em exposi\u00e7\u00e3o, os representantes do Sindicato \u2013 o presidente Achilles Frias, a diretora Val\u00e9ria Ferreira e o ex-diretor Valter Ventura \u2013 falaram sobre a import\u00e2ncia da entidade associativa, respons\u00e1vel pela defesa dos pleitos da Carreira nas mais diversas esferas de interesse. O Curso, que ocorre em Bras\u00edlia\/DF, tamb\u00e9m contou com a presen\u00e7a de Jos\u00e9 Carlos Loch e Filipe Aguiar de Barros, associados do SINPROFAZ e representantes da Carreira no Conselho Superior da AGU, e Nara Nishizawa, advogada do Sindicato.<\/p>\n<p>Aos novos PFNs, o presidente do SINPROFAZ deixou mensagem sobre a import\u00e2ncia de pertencer a uma coletividade. &#8220;No Sindicato, n\u00f3s, procuradores da Fazenda Nacional, temos um suporte t\u00e9cnico-jur\u00eddico e de prerrogativas diferenciado. Enquanto tivermos a divis\u00e3o de carreiras no \u00e2mbito da AGU, \u00e9 fundamental que cada uma delas tenha sua respectiva entidade. O SINPROFAZ \u00e9 a casa dos PFNs. Cabe a ele, portanto, defender os interesses espec\u00edficos dos procuradores da Fazenda Nacional. Nossas recentes conquistas s\u00f3 ocorreram em raz\u00e3o da luta do SINPROFAZ, pioneiro que \u00e9&#8221;, destacou Achilles Frias.<\/p>\n<p>Val\u00e9ria Ferreira ressaltou a responsabilidade do SINPROFAZ com rela\u00e7\u00e3o \u00e0 defesa das prerrogativas da Carreira no \u00e2mbito parlamentar e administrativo-funcional e reiterou a import\u00e2ncia da associa\u00e7\u00e3o sindical que, segundo ela, &#8220;\u00e9 o espa\u00e7o democr\u00e1tico onde a voz da Carreira \u00e9 ouvida&#8221;. O ex-diretor Valter Ventura lembrou que o &#8220;pertencimento&#8221; \u00e9 uma necessidade b\u00e1sica do ser humano e defendeu a import\u00e2ncia de os PFNs pertencerem a uma entidade pr\u00f3pria. &#8220;A atua\u00e7\u00e3o da Carreira no Congresso Nacional ao longo dos \u00faltimos anos foi poss\u00edvel gra\u00e7as ao SINPROFAZ, que bancou passagens a\u00e9reas, hospedagem, locomo\u00e7\u00e3o. Hoje, vemos esse trabalho revertido em benef\u00edcios coletivos e individuais para os procuradores da Fazenda Nacional.&#8221;<\/p>\n<p>Em rela\u00e7\u00e3o ao regime de previd\u00eancia, tema de interesse dos atuais e futuros associados do SINPROFAZ, a advogada Nara Nishizawa explicou que o Sindicato tem a\u00e7\u00e3o judicial, com liminar favor\u00e1vel, que prev\u00ea que todos os PFNs advindos das esferas municipais e estaduais possam se vincular ao regime antigo de previd\u00eancia, isto \u00e9, que n\u00e3o ficar\u00e3o limitados ao teto do regime geral. Essa a\u00e7\u00e3o tamb\u00e9m abrange futuros PFNs, ou seja, os que agora tomam posse. &#8220;Na condi\u00e7\u00e3o de filiados, portanto, os senhores devem fazer uso do Sindicato e exigirem o direito de permanecerem vinculados ao regime pr\u00f3prio de previd\u00eancia, com todos os benef\u00edcios decorrentes&#8221;, explicou.<\/p>\n\n\t\t<style type=\"text\/css\">\n\t\t\t#gallery-1 {\n\t\t\t\tmargin: auto;\n\t\t\t}\n\t\t\t#gallery-1 .gallery-item {\n\t\t\t\tfloat: left;\n\t\t\t\tmargin-top: 10px;\n\t\t\t\ttext-align: center;\n\t\t\t\twidth: 33%;\n\t\t\t}\n\t\t\t#gallery-1 img {\n\t\t\t\tborder: 2px solid #cfcfcf;\n\t\t\t}\n\t\t\t#gallery-1 .gallery-caption {\n\t\t\t\tmargin-left: 0;\n\t\t\t}\n\t\t\t\/* see gallery_shortcode() in wp-includes\/media.php *\/\n\t\t<\/style>\n\t\t<div id='gallery-1' class='gallery galleryid-6323 gallery-columns-3 gallery-size-thumbnail'><dl class='gallery-item'>\n\t\t\t<dt class='gallery-icon landscape'>\n\t\t\t\t<a href='https:\/\/sinprofaz.org.br\/2024\/wp-content\/uploads\/2016\/12\/027.jpg'><img loading=\"lazy\" decoding=\"async\" width=\"150\" height=\"150\" src=\"https:\/\/sinprofaz.org.br\/2024\/wp-content\/uploads\/2016\/12\/027-150x150.jpg\" class=\"attachment-thumbnail size-thumbnail\" alt=\"\" \/><\/a>\n\t\t\t<\/dt><\/dl><dl class='gallery-item'>\n\t\t\t<dt class='gallery-icon landscape'>\n\t\t\t\t<a href='https:\/\/sinprofaz.org.br\/2024\/wp-content\/uploads\/2016\/12\/035.jpg'><img loading=\"lazy\" decoding=\"async\" width=\"150\" height=\"150\" src=\"https:\/\/sinprofaz.org.br\/2024\/wp-content\/uploads\/2016\/12\/035-150x150.jpg\" class=\"attachment-thumbnail size-thumbnail\" alt=\"\" \/><\/a>\n\t\t\t<\/dt><\/dl><dl class='gallery-item'>\n\t\t\t<dt class='gallery-icon landscape'>\n\t\t\t\t<a href='https:\/\/sinprofaz.org.br\/2024\/wp-content\/uploads\/2016\/12\/044.jpg'><img loading=\"lazy\" decoding=\"async\" width=\"150\" height=\"150\" src=\"https:\/\/sinprofaz.org.br\/2024\/wp-content\/uploads\/2016\/12\/044-150x150.jpg\" class=\"attachment-thumbnail size-thumbnail\" alt=\"\" \/><\/a>\n\t\t\t<\/dt><\/dl><br style=\"clear: both\" \/><dl class='gallery-item'>\n\t\t\t<dt class='gallery-icon landscape'>\n\t\t\t\t<a href='https:\/\/sinprofaz.org.br\/2024\/wp-content\/uploads\/2016\/12\/053.jpg'><img loading=\"lazy\" decoding=\"async\" width=\"150\" height=\"150\" src=\"https:\/\/sinprofaz.org.br\/2024\/wp-content\/uploads\/2016\/12\/053-150x150.jpg\" class=\"attachment-thumbnail size-thumbnail\" alt=\"\" \/><\/a>\n\t\t\t<\/dt><\/dl>\n\t\t\t<br style='clear: both' \/>\n\t\t<\/div>\n\n","protected":false},"excerpt":{"rendered":"<p>Os representantes do SINPROFAZ, Achilles Frias, Val\u00e9ria Ferreira e Valter Ventura, falaram sobre a import\u00e2ncia da entidade associativa, respons\u00e1vel pela defesa dos pleitos da Carreira nas mais diversas esferas de interesse.<\/p>\n","protected":false},"author":2,"featured_media":6324,"comment_status":"open","ping_status":"open","sticky":false,"template":"","format":"standard","meta":{"footnotes":""},"categories":[8],"tags":[32,44,25],"featured_image_url":"https:\/\/sinprofaz.org.br\/2024\/wp-content\/uploads\/2016\/12\/016-800x198.jpg","character_count":1599,"formatted_date":"09\/12\/2016 - 11:00","contentNovo":"<p>Nessa quarta-feira (7), pen\u00faltimo dia do Curso de Ambienta\u00e7\u00e3o, os procuradores da Fazenda Nacional rec\u00e9m-empossados conheceram algumas das vantagens de se associarem ao SINPROFAZ. Em exposi\u00e7\u00e3o, os representantes do Sindicato \u2013 o presidente Achilles Frias, a diretora Val\u00e9ria Ferreira e o ex-diretor Valter Ventura \u2013 falaram sobre a import\u00e2ncia da entidade associativa, respons\u00e1vel pela defesa dos pleitos da Carreira nas mais diversas esferas de interesse. O Curso, que ocorre em Bras\u00edlia\/DF, tamb\u00e9m contou com a presen\u00e7a de Jos\u00e9 Carlos Loch e Filipe Aguiar de Barros, associados do SINPROFAZ e representantes da Carreira no Conselho Superior da AGU, e Nara Nishizawa, advogada do Sindicato.<\/p><p>Aos novos PFNs, o presidente do SINPROFAZ deixou mensagem sobre a import\u00e2ncia de pertencer a uma coletividade. \"No Sindicato, n\u00f3s, procuradores da Fazenda Nacional, temos um suporte t\u00e9cnico-jur\u00eddico e de prerrogativas diferenciado. Enquanto tivermos a divis\u00e3o de carreiras no \u00e2mbito da AGU, \u00e9 fundamental que cada uma delas tenha sua respectiva entidade. O SINPROFAZ \u00e9 a casa dos PFNs. Cabe a ele, portanto, defender os interesses espec\u00edficos dos procuradores da Fazenda Nacional. Nossas recentes conquistas s\u00f3 ocorreram em raz\u00e3o da luta do SINPROFAZ, pioneiro que \u00e9\", destacou Achilles Frias.<\/p><p>Val\u00e9ria Ferreira ressaltou a responsabilidade do SINPROFAZ com rela\u00e7\u00e3o \u00e0 defesa das prerrogativas da Carreira no \u00e2mbito parlamentar e administrativo-funcional e reiterou a import\u00e2ncia da associa\u00e7\u00e3o sindical que, segundo ela, \"\u00e9 o espa\u00e7o democr\u00e1tico onde a voz da Carreira \u00e9 ouvida\". O ex-diretor Valter Ventura lembrou que o \"pertencimento\" \u00e9 uma necessidade b\u00e1sica do ser humano e defendeu a import\u00e2ncia de os PFNs pertencerem a uma entidade pr\u00f3pria. \"A atua\u00e7\u00e3o da Carreira no Congresso Nacional ao longo dos \u00faltimos anos foi poss\u00edvel gra\u00e7as ao SINPROFAZ, que bancou passagens a\u00e9reas, hospedagem, locomo\u00e7\u00e3o. Hoje, vemos esse trabalho revertido em benef\u00edcios coletivos e individuais para os procuradores da Fazenda Nacional.\"<\/p><p>Em rela\u00e7\u00e3o ao regime de previd\u00eancia, tema de interesse dos atuais e futuros associados do SINPROFAZ, a advogada Nara Nishizawa explicou que o Sindicato tem a\u00e7\u00e3o judicial, com liminar favor\u00e1vel, que prev\u00ea que todos os PFNs advindos das esferas municipais e estaduais possam se vincular ao regime antigo de previd\u00eancia, isto \u00e9, que n\u00e3o ficar\u00e3o limitados ao teto do regime geral. Essa a\u00e7\u00e3o tamb\u00e9m abrange futuros PFNs, ou seja, os que agora tomam posse. \"Na condi\u00e7\u00e3o de filiados, portanto, os senhores devem fazer uso do Sindicato e exigirem o direito de permanecerem vinculados ao regime pr\u00f3prio de previd\u00eancia, com todos os benef\u00edcios decorrentes\", explicou.<\/p>\r\n[gallery link=\"file\" ids=\"6325,6326,6327,6328\"]","_links":{"self":[{"href":"https:\/\/sinprofaz.org.br\/2024\/wp-json\/wp\/v2\/posts\/6323"}],"collection":[{"href":"https:\/\/sinprofaz.org.br\/2024\/wp-json\/wp\/v2\/posts"}],"about":[{"href":"https:\/\/sinprofaz.org.br\/2024\/wp-json\/wp\/v2\/types\/post"}],"author":[{"embeddable":true,"href":"https:\/\/sinprofaz.org.br\/2024\/wp-json\/wp\/v2\/users\/2"}],"replies":[{"embeddable":true,"href":"https:\/\/sinprofaz.org.br\/2024\/wp-json\/wp\/v2\/comments?post=6323"}],"version-history":[{"count":2,"href":"https:\/\/sinprofaz.org.br\/2024\/wp-json\/wp\/v2\/posts\/6323\/revisions"}],"predecessor-version":[{"id":6330,"href":"https:\/\/sinprofaz.org.br\/2024\/wp-json\/wp\/v2\/posts\/6323\/revisions\/6330"}],"wp:featuredmedia":[{"embeddable":true,"href":"https:\/\/sinprofaz.org.br\/2024\/wp-json\/wp\/v2\/media\/6324"}],"wp:attachment":[{"href":"https:\/\/sinprofaz.org.br\/2024\/wp-json\/wp\/v2\/media?parent=6323"}],"wp:term":[{"taxonomy":"category","embeddable":true,"href":"https:\/\/sinprofaz.org.br\/2024\/wp-json\/wp\/v2\/categories?post=6323"},{"taxonomy":"post_tag","embeddable":true,"href":"https:\/\/sinprofaz.org.br\/2024\/wp-json\/wp\/v2\/tags?post=6323"}],"curies":[{"name":"wp","href":"https:\/\/api.w.org\/{rel}","templated":true}]}}