{"id":629,"date":"2012-03-08T14:35:23","date_gmt":"2012-03-08T14:35:23","guid":{"rendered":""},"modified":"-0001-11-30T00:00:00","modified_gmt":"-0001-11-30T03:00:00","slug":"8-de-marco-dia-internacional-da-mulher","status":"publish","type":"post","link":"https:\/\/sinprofaz.org.br\/2024\/noticias\/8-de-marco-dia-internacional-da-mulher\/","title":{"rendered":"8 de Mar\u00e7o: Dia Internacional da Mulher"},"content":{"rendered":"<p>O SINPROFAZ parabeniza a todas as mulheres que lutam e constroem diariamente um mundo igualit\u00e1rio, justo, sustent\u00e1vel e sem discrimina\u00e7\u00e3o.<\/p>\n<p>A Diretoria do Sindicato rende homenagens especialmente \u00e0s colegas Procuradoras da Fazenda Nacional, advogadas p\u00fablicas que tanto contribuem na defesa e zelo do patrim\u00f4nio p\u00fablico e na gera\u00e7\u00e3o de mais receitas para a Uni\u00e3o.<\/p>\n","protected":false},"excerpt":{"rendered":"<p>Todo dia \u00e9 dia de enaltecer a for\u00e7a, a garra e a luta das mulheres, mas hoje \u00e9 especial e simb\u00f3lico.<\/p>\n","protected":false},"author":1,"featured_media":0,"comment_status":"closed","ping_status":"open","sticky":false,"template":"","format":"standard","meta":{"footnotes":""},"categories":[8],"tags":[],"featured_image_url":"https:\/\/dummyimage.com\/720x400","character_count":187,"formatted_date":"08\/03\/2012 - 14:35","contentNovo":"\r\n<p>O SINPROFAZ parabeniza a todas as mulheres que lutam e constroem diariamente um mundo igualit\u00e1rio, justo, sustent\u00e1vel e sem discrimina\u00e7\u00e3o.<\/p>\r\n<p>A Diretoria do Sindicato rende homenagens especialmente \u00e0s colegas Procuradoras da Fazenda Nacional, advogadas p\u00fablicas que tanto contribuem na defesa e zelo do patrim\u00f4nio p\u00fablico e na gera\u00e7\u00e3o de mais receitas para a Uni\u00e3o.<\/p>","_links":{"self":[{"href":"https:\/\/sinprofaz.org.br\/2024\/wp-json\/wp\/v2\/posts\/629"}],"collection":[{"href":"https:\/\/sinprofaz.org.br\/2024\/wp-json\/wp\/v2\/posts"}],"about":[{"href":"https:\/\/sinprofaz.org.br\/2024\/wp-json\/wp\/v2\/types\/post"}],"author":[{"embeddable":true,"href":"https:\/\/sinprofaz.org.br\/2024\/wp-json\/wp\/v2\/users\/1"}],"replies":[{"embeddable":true,"href":"https:\/\/sinprofaz.org.br\/2024\/wp-json\/wp\/v2\/comments?post=629"}],"version-history":[{"count":0,"href":"https:\/\/sinprofaz.org.br\/2024\/wp-json\/wp\/v2\/posts\/629\/revisions"}],"wp:attachment":[{"href":"https:\/\/sinprofaz.org.br\/2024\/wp-json\/wp\/v2\/media?parent=629"}],"wp:term":[{"taxonomy":"category","embeddable":true,"href":"https:\/\/sinprofaz.org.br\/2024\/wp-json\/wp\/v2\/categories?post=629"},{"taxonomy":"post_tag","embeddable":true,"href":"https:\/\/sinprofaz.org.br\/2024\/wp-json\/wp\/v2\/tags?post=629"}],"curies":[{"name":"wp","href":"https:\/\/api.w.org\/{rel}","templated":true}]}}