{"id":628,"date":"2012-03-07T19:07:57","date_gmt":"2012-03-07T19:07:57","guid":{"rendered":""},"modified":"-0001-11-30T00:00:00","modified_gmt":"-0001-11-30T03:00:00","slug":"sinprofaz-e-recebido-por-dirigentes-da-oab-rs","status":"publish","type":"post","link":"https:\/\/sinprofaz.org.br\/2024\/noticias\/sinprofaz-e-recebido-por-dirigentes-da-oab-rs\/","title":{"rendered":"SINPROFAZ \u00e9 recebido por dirigentes da OAB-RS"},"content":{"rendered":"<p>A reuni\u00e3o com o presidente da OAB-RS, Claudio Lamachia, e com o presidente da Comiss\u00e3o da Advocacia P\u00fablica da mesma seccional, Arodi de Lima, ocorreu no \u00faltimo dia 2 de mar\u00e7o. O presidente do SINPROFAZ estava acompanhado dos PFNs Filipe Santos e Luciane Racki.<\/p>\n<p>Ao apresentar os dados da publica\u00e7\u00e3o \u201cOs N\u00fameros da PGFN\u201d, o presidente Titonelli demonstrou a sobrecarga de trabalho incidente sobre os Procuradores da Fazenda Nacional. Nesse pormenor, foi ressaltado que, se a aplica\u00e7\u00e3o dos recursos do FUNDAF fosse destinada \u00e0s finalidades descritas na lei, parte desses problemas poderia ser resolvida, o que \u00e9 revelado em outro estudo do SINPROFAZ: \u201cEncargo Legal e Honor\u00e1rios de Sucumb\u00eancia \u2013 Auditoria do FUNDAF\u201d.<\/p>\n<p>Na ocasi\u00e3o, Titonelli enfatizou que \u201cmesmo sem haver uma efetiva carreira de apoio, estrutura f\u00edsica, t\u00e9cnica e instrumental adequadas para o exerc\u00edcio das fun\u00e7\u00f5es dos Procuradores da Fazenda Nacional e sem a nomea\u00e7\u00e3o de todo seu quadro de Procuradores, a PGFN apresentou resultados excelentes nos \u00faltimos anos\u201d.<\/p>\n<p>O presidente do Sindicato informou aos dirigentes da seccional que oficiou ao Conselho Federal da OAB requerendo a ado\u00e7\u00e3o de provid\u00eancias no sentido de expedir competente ato que vise limitar a quantidade m\u00e1xima de processos por advogado. A m\u00e9dia de processos por PFN est\u00e1 em torno de 7 mil.<\/p>\n<h3>Advocacia P\u00fablica<\/h3>\n<p>A agenda conjunta das carreiras que integram a Advocacia P\u00fablica Federal foi outro ponto abordado na reuni\u00e3o.<\/p>\n<p>Titonelli, que tamb\u00e9m \u00e9 presidente do F\u00f3rum Nacional da Advocacia P\u00fablica Federal, ratificou o prop\u00f3sito de aproxima\u00e7\u00e3o com a OAB, em todas as suas proje\u00e7\u00f5es. Ele apresentou os problemas que afligem os advogados p\u00fablicos, como a necessidade da cria\u00e7\u00e3o de uma efetiva carreira de apoio para dar maior celeridade e efici\u00eancia nos tr\u00e2mites operacionais; a necessidade de prover todo o quadro efetivo de advogados da Uni\u00e3o, procuradores federais, procuradores da Fazenda Nacional e procuradores do Banco Central e a moderniza\u00e7\u00e3o das instala\u00e7\u00f5es e funcionalidades t\u00e9cnicas dos sistemas de inform\u00e1tica.<\/p>\n<p>Apresentou ainda as principais bandeiras defendidas pelo F\u00f3rum, como o tratamento igualit\u00e1rio entre as fun\u00e7\u00f5es essenciais \u00e0 Justi\u00e7a e o direito de receber honor\u00e1rios.<\/p>\n<p>O presidente da OAB-RS, Claudio Lamachia, destacou a integra\u00e7\u00e3o entre as advocacias p\u00fablica e privada. &#8220;Os advogados p\u00fablicos s\u00e3o inscritos na Ordem da mesma forma que os que atuam na iniciativa privada e, portanto, a entidade tamb\u00e9m defende suas prerrogativas&#8221;.<\/p>\n<p>O procurador federal Arodi de Lima, presidente da Comiss\u00e3o da Advocacia P\u00fablica da OAB-RS, disse que a Confer\u00eancia Estadual da Ordem ter\u00e1 um painel destinado especificamente para a Advocacia P\u00fablica, onde os temas poder\u00e3o ser debatidos com mais profundidade. A VI Confer\u00eancia Estadual dos Advogados ocorrer\u00e1 de 11 a 13 de abril, em Porto Alegre.<\/p>\n<p>&nbsp;<\/p>\n<p><img loading=\"lazy\" decoding=\"async\" style=\"margin-right: 5px; border: 1px solid #000000; margin-top: 5px;\" alt=\"SINPROFAZ \u00e9 recebido por dirigentes da OAB-RS\" src=\"images\/noticias\/sinprofaz-dirigentes-oab-rs\/presidente-sinprofaz-dirigentes-oab-rs-01.jpg\" height=\"133\" width=\"200\" \/><img loading=\"lazy\" decoding=\"async\" style=\"border: 1px solid #000000; margin-top: 5px; margin-right: 5px;\" alt=\"SINPROFAZ \u00e9 recebido por dirigentes da OAB-RS\" src=\"images\/noticias\/sinprofaz-dirigentes-oab-rs\/presidente-sinprofaz-dirigentes-oab-rs-02.jpg\" height=\"133\" width=\"200\" \/><\/p>\n","protected":false},"excerpt":{"rendered":"<p>Na oportunidade, o presidente Allan Titonelli apresentou a publica\u00e7\u00e3o \u201cOs N\u00fameros da PGFN\u201d e comentou acerca da sobrecarga de processos no cotidiano profissional dos Procuradores da Fazenda.<\/p>\n","protected":false},"author":1,"featured_media":0,"comment_status":"closed","ping_status":"open","sticky":false,"template":"","format":"standard","meta":{"footnotes":""},"categories":[8],"tags":[],"featured_image_url":"https:\/\/dummyimage.com\/720x400","character_count":1465,"formatted_date":"07\/03\/2012 - 19:07","contentNovo":"\r\n<p>A reuni\u00e3o com o presidente da OAB-RS, Claudio Lamachia, e com o presidente da Comiss\u00e3o da Advocacia P\u00fablica da mesma seccional, Arodi de Lima, ocorreu no \u00faltimo dia 2 de mar\u00e7o. O presidente do SINPROFAZ estava acompanhado dos PFNs Filipe Santos e Luciane Racki.<\/p>\r\n<p>Ao apresentar os dados da publica\u00e7\u00e3o \u201cOs N\u00fameros da PGFN\u201d, o presidente Titonelli demonstrou a sobrecarga de trabalho incidente sobre os Procuradores da Fazenda Nacional. Nesse pormenor, foi ressaltado que, se a aplica\u00e7\u00e3o dos recursos do FUNDAF fosse destinada \u00e0s finalidades descritas na lei, parte desses problemas poderia ser resolvida, o que \u00e9 revelado em outro estudo do SINPROFAZ: \u201cEncargo Legal e Honor\u00e1rios de Sucumb\u00eancia \u2013 Auditoria do FUNDAF\u201d.<\/p>\r\n<p>Na ocasi\u00e3o, Titonelli enfatizou que \u201cmesmo sem haver uma efetiva carreira de apoio, estrutura f\u00edsica, t\u00e9cnica e instrumental adequadas para o exerc\u00edcio das fun\u00e7\u00f5es dos Procuradores da Fazenda Nacional e sem a nomea\u00e7\u00e3o de todo seu quadro de Procuradores, a PGFN apresentou resultados excelentes nos \u00faltimos anos\u201d.<\/p>\r\n<p>O presidente do Sindicato informou aos dirigentes da seccional que oficiou ao Conselho Federal da OAB requerendo a ado\u00e7\u00e3o de provid\u00eancias no sentido de expedir competente ato que vise limitar a quantidade m\u00e1xima de processos por advogado. A m\u00e9dia de processos por PFN est\u00e1 em torno de 7 mil.<\/p>\r\nAdvocacia P\u00fablica\r\n<p>A agenda conjunta das carreiras que integram a Advocacia P\u00fablica Federal foi outro ponto abordado na reuni\u00e3o.<\/p>\r\n<p>Titonelli, que tamb\u00e9m \u00e9 presidente do F\u00f3rum Nacional da Advocacia P\u00fablica Federal, ratificou o prop\u00f3sito de aproxima\u00e7\u00e3o com a OAB, em todas as suas proje\u00e7\u00f5es. Ele apresentou os problemas que afligem os advogados p\u00fablicos, como a necessidade da cria\u00e7\u00e3o de uma efetiva carreira de apoio para dar maior celeridade e efici\u00eancia nos tr\u00e2mites operacionais; a necessidade de prover todo o quadro efetivo de advogados da Uni\u00e3o, procuradores federais, procuradores da Fazenda Nacional e procuradores do Banco Central e a moderniza\u00e7\u00e3o das instala\u00e7\u00f5es e funcionalidades t\u00e9cnicas dos sistemas de inform\u00e1tica.<\/p>\r\n<p>Apresentou ainda as principais bandeiras defendidas pelo F\u00f3rum, como o tratamento igualit\u00e1rio entre as fun\u00e7\u00f5es essenciais \u00e0 Justi\u00e7a e o direito de receber honor\u00e1rios.<\/p>\r\n<p>O presidente da OAB-RS, Claudio Lamachia, destacou a integra\u00e7\u00e3o entre as advocacias p\u00fablica e privada. \"Os advogados p\u00fablicos s\u00e3o inscritos na Ordem da mesma forma que os que atuam na iniciativa privada e, portanto, a entidade tamb\u00e9m defende suas prerrogativas\".<\/p>\r\n<p>O procurador federal Arodi de Lima, presidente da Comiss\u00e3o da Advocacia P\u00fablica da OAB-RS, disse que a Confer\u00eancia Estadual da Ordem ter\u00e1 um painel destinado especificamente para a Advocacia P\u00fablica, onde os temas poder\u00e3o ser debatidos com mais profundidade. A VI Confer\u00eancia Estadual dos Advogados ocorrer\u00e1 de 11 a 13 de abril, em Porto Alegre.<\/p>\r\n<p>&nbsp;<\/p>\r\n<p><\/p>","_links":{"self":[{"href":"https:\/\/sinprofaz.org.br\/2024\/wp-json\/wp\/v2\/posts\/628"}],"collection":[{"href":"https:\/\/sinprofaz.org.br\/2024\/wp-json\/wp\/v2\/posts"}],"about":[{"href":"https:\/\/sinprofaz.org.br\/2024\/wp-json\/wp\/v2\/types\/post"}],"author":[{"embeddable":true,"href":"https:\/\/sinprofaz.org.br\/2024\/wp-json\/wp\/v2\/users\/1"}],"replies":[{"embeddable":true,"href":"https:\/\/sinprofaz.org.br\/2024\/wp-json\/wp\/v2\/comments?post=628"}],"version-history":[{"count":0,"href":"https:\/\/sinprofaz.org.br\/2024\/wp-json\/wp\/v2\/posts\/628\/revisions"}],"wp:attachment":[{"href":"https:\/\/sinprofaz.org.br\/2024\/wp-json\/wp\/v2\/media?parent=628"}],"wp:term":[{"taxonomy":"category","embeddable":true,"href":"https:\/\/sinprofaz.org.br\/2024\/wp-json\/wp\/v2\/categories?post=628"},{"taxonomy":"post_tag","embeddable":true,"href":"https:\/\/sinprofaz.org.br\/2024\/wp-json\/wp\/v2\/tags?post=628"}],"curies":[{"name":"wp","href":"https:\/\/api.w.org\/{rel}","templated":true}]}}