{"id":618,"date":"2012-03-02T16:41:46","date_gmt":"2012-03-02T16:41:46","guid":{"rendered":""},"modified":"-0001-11-30T00:00:00","modified_gmt":"-0001-11-30T03:00:00","slug":"funpresp-chega-ao-senado-federal","status":"publish","type":"post","link":"https:\/\/sinprofaz.org.br\/2024\/noticias\/funpresp-chega-ao-senado-federal\/","title":{"rendered":"FUNPRESP chega ao Senado Federal"},"content":{"rendered":"<p>Por tramitar em regime de urg\u00eancia constitucional, a mat\u00e9ria ser\u00e1 apreciada simultaneamente pelas Comiss\u00f5es de Assuntos Sociais (CAS), de Assuntos Econ\u00f4micos (CAE) e de Constitui\u00e7\u00e3o, Justi\u00e7a e Cidadania (CCJ).<\/p>\n<p>Ser\u00e1 aberto prazo de cinco dias \u00fateis, a contar da data de publica\u00e7\u00e3o no Di\u00e1rio Oficial do Senado Federal, para apresenta\u00e7\u00e3o de emendas ao projeto na CAS, possivelmente a partir da pr\u00f3xima segunda-feira (05\/03).<\/p>\n<p>Na C\u00e2mara dos Deputados, a mat\u00e9ria foi aprovada na forma de substitutivo que autoriza a cria\u00e7\u00e3o de tr\u00eas entidades fechadas de previd\u00eancia complementar, denominadas Funda\u00e7\u00e3o de Previd\u00eancia Complementar do Servidor P\u00fablico Federal do Poder Executivo \u2013 FUNPRESP-Exe, Funda\u00e7\u00e3o de Previd\u00eancia Complementar do Servidor P\u00fablico Federal do Poder Legislativo \u2013 FUNPRESP-Leg e Funda\u00e7\u00e3o de Previd\u00eancia Complementar do Servidor P\u00fablico Federal do Poder Judici\u00e1rio \u2013 FUNPRESP-Jud.<\/p>\n","protected":false},"excerpt":{"rendered":"<p>Chegou nesta quinta-feira (1\u00ba\/03) ao Senado Federal o Projeto que Institui e cria o Fundo de Previd\u00eancia Complementar do Servidor P\u00fablico Federal. A proposi\u00e7\u00e3o vai tramitar na Casa sob o n\u00famero PLC 2\/2012.<\/p>\n","protected":false},"author":1,"featured_media":0,"comment_status":"closed","ping_status":"open","sticky":false,"template":"","format":"standard","meta":{"footnotes":""},"categories":[8],"tags":[],"featured_image_url":"https:\/\/dummyimage.com\/720x400","character_count":466,"formatted_date":"02\/03\/2012 - 16:41","contentNovo":"\r\n<p>Por tramitar em regime de urg\u00eancia constitucional, a mat\u00e9ria ser\u00e1 apreciada simultaneamente pelas Comiss\u00f5es de Assuntos Sociais (CAS), de Assuntos Econ\u00f4micos (CAE) e de Constitui\u00e7\u00e3o, Justi\u00e7a e Cidadania (CCJ).<\/p>\r\n<p>Ser\u00e1 aberto prazo de cinco dias \u00fateis, a contar da data de publica\u00e7\u00e3o no Di\u00e1rio Oficial do Senado Federal, para apresenta\u00e7\u00e3o de emendas ao projeto na CAS, possivelmente a partir da pr\u00f3xima segunda-feira (05\/03).<\/p>\r\n<p>Na C\u00e2mara dos Deputados, a mat\u00e9ria foi aprovada na forma de substitutivo que autoriza a cria\u00e7\u00e3o de tr\u00eas entidades fechadas de previd\u00eancia complementar, denominadas Funda\u00e7\u00e3o de Previd\u00eancia Complementar do Servidor P\u00fablico Federal do Poder Executivo \u2013 FUNPRESP-Exe, Funda\u00e7\u00e3o de Previd\u00eancia Complementar do Servidor P\u00fablico Federal do Poder Legislativo \u2013 FUNPRESP-Leg e Funda\u00e7\u00e3o de Previd\u00eancia Complementar do Servidor P\u00fablico Federal do Poder Judici\u00e1rio \u2013 FUNPRESP-Jud.<\/p>","_links":{"self":[{"href":"https:\/\/sinprofaz.org.br\/2024\/wp-json\/wp\/v2\/posts\/618"}],"collection":[{"href":"https:\/\/sinprofaz.org.br\/2024\/wp-json\/wp\/v2\/posts"}],"about":[{"href":"https:\/\/sinprofaz.org.br\/2024\/wp-json\/wp\/v2\/types\/post"}],"author":[{"embeddable":true,"href":"https:\/\/sinprofaz.org.br\/2024\/wp-json\/wp\/v2\/users\/1"}],"replies":[{"embeddable":true,"href":"https:\/\/sinprofaz.org.br\/2024\/wp-json\/wp\/v2\/comments?post=618"}],"version-history":[{"count":0,"href":"https:\/\/sinprofaz.org.br\/2024\/wp-json\/wp\/v2\/posts\/618\/revisions"}],"wp:attachment":[{"href":"https:\/\/sinprofaz.org.br\/2024\/wp-json\/wp\/v2\/media?parent=618"}],"wp:term":[{"taxonomy":"category","embeddable":true,"href":"https:\/\/sinprofaz.org.br\/2024\/wp-json\/wp\/v2\/categories?post=618"},{"taxonomy":"post_tag","embeddable":true,"href":"https:\/\/sinprofaz.org.br\/2024\/wp-json\/wp\/v2\/tags?post=618"}],"curies":[{"name":"wp","href":"https:\/\/api.w.org\/{rel}","templated":true}]}}