{"id":6170,"date":"2016-12-01T10:30:16","date_gmt":"2016-12-01T10:30:16","guid":{"rendered":"http:\/\/www.sinprofaz.org.br\/?p=6170"},"modified":"2016-12-01T10:38:56","modified_gmt":"2016-12-01T10:38:56","slug":"reuniao-juridica-conta-com-participacao-de-filiados-do-sinprofaz","status":"publish","type":"post","link":"https:\/\/sinprofaz.org.br\/2024\/noticias\/reuniao-juridica-conta-com-participacao-de-filiados-do-sinprofaz\/","title":{"rendered":"REUNI\u00c3O JUR\u00cdDICA CONTA COM PARTICIPA\u00c7\u00c3O DE FILIADOS DO SINPROFAZ"},"content":{"rendered":"<p>Durante o segundo dia de programa\u00e7\u00e3o do XVI Encontro Nacional dos Procuradores da Fazenda Nacional, os associados do SINPROFAZ puderam tirar d\u00favidas sobre a\u00e7\u00f5es judiciais de seu interesse. \u00c0 frente da reuni\u00e3o, o diretor-jur\u00eddico do SINPROFAZ, Roberto Rodrigues, e o advogado do Sindicato, Hugo Plutarco, responderam a todos os questionamentos, esclarecendo quest\u00f5es a respeito dos direitos dos filiados e discutindo as estrat\u00e9gias adotadas pelo SINPROFAZ para dar celeridade aos pleitos jur\u00eddicos.<\/p>\n<p>Na ocasi\u00e3o, Hugo Plutarco detalhou a situa\u00e7\u00e3o das execu\u00e7\u00f5es de 28,86%. Segundo o advogado do SINPROFAZ, a ju\u00edza da 7\u00aa Vara Federal da Se\u00e7\u00e3o Judici\u00e1ria do Distrito Federal adotou o procedimento de ordenar a expedi\u00e7\u00e3o dos precat\u00f3rios e, somente depois disso feito, intimar a Uni\u00e3o para saber se h\u00e1 concord\u00e2ncia com rela\u00e7\u00e3o ao valor expedido. Para tanto, a ju\u00edza expede o precat\u00f3rio com um bloqueio. Quando um precat\u00f3rio \u00e9 depositado e o desbloqueio \u00e9 requerido, a Vara demora para decidir sobre a libera\u00e7\u00e3o. H\u00e1, no entanto, precat\u00f3rios incontroversos de 2015 que, por equ\u00edvoco da Vara, foram expedidos sem o bloqueio. Esses, de menor valor que os definitivos, est\u00e3o dispon\u00edveis para saque.<\/p>\n<p>Hugo Plutarco destacou tamb\u00e9m o processo em que o SINPROFAZ conseguiu os primeiros precat\u00f3rios definitivos. Assim que os valores foram depositados, o Sindicato requereu na Vara a libera\u00e7\u00e3o deles. A Uni\u00e3o, no entanto, entrou com um agravo de instrumento contra a expedi\u00e7\u00e3o desses precat\u00f3rios. Por iniciativa do SINPROFAZ, que despachou com o desembargador, foi negado o prosseguimento do agravo da Uni\u00e3o. Na pr\u00f3xima semana, o SINPROFAZ estar\u00e1 novamente na Vara na tentativa de resolver a situa\u00e7\u00e3o.<\/p>\n<p>Roberto Rodrigues e Hugo Plutarco fizeram considera\u00e7\u00f5es acerca de outras situa\u00e7\u00f5es, como o processo que envolvia 268 Procuradores da Fazenda Nacional no Tribunal Regional Federal da 1\u00aa Regi\u00e3o e a\u00e7\u00f5es que ainda est\u00e3o em 1\u00b0 e 2\u00b0 graus. De acordo com os representantes do SINPROFAZ, em ambos, o Sindicato tem avan\u00e7ado positivamente, com a confian\u00e7a de que ser\u00e3o conclu\u00eddos em benef\u00edcio dos associados.<\/p>\n<p>Mais informa\u00e7\u00f5es acerca das execu\u00e7\u00f5es de 28,86% e de outros processos relativos a direitos dos filiados podem ser solicitadas por meio do e-mail <a href=\"mailto:falecomjuridico@sinprofaz.org.br\" >falecomjuridico@sinprofaz.org.br<\/a>.<\/p>\n\n\t\t<style type=\"text\/css\">\n\t\t\t#gallery-1 {\n\t\t\t\tmargin: auto;\n\t\t\t}\n\t\t\t#gallery-1 .gallery-item {\n\t\t\t\tfloat: left;\n\t\t\t\tmargin-top: 10px;\n\t\t\t\ttext-align: center;\n\t\t\t\twidth: 33%;\n\t\t\t}\n\t\t\t#gallery-1 img {\n\t\t\t\tborder: 2px solid #cfcfcf;\n\t\t\t}\n\t\t\t#gallery-1 .gallery-caption {\n\t\t\t\tmargin-left: 0;\n\t\t\t}\n\t\t\t\/* see gallery_shortcode() in wp-includes\/media.php *\/\n\t\t<\/style>\n\t\t<div id='gallery-1' class='gallery galleryid-6170 gallery-columns-3 gallery-size-thumbnail'><dl class='gallery-item'>\n\t\t\t<dt class='gallery-icon landscape'>\n\t\t\t\t<a href='https:\/\/sinprofaz.org.br\/2024\/wp-content\/uploads\/2016\/12\/02.jpg'><img loading=\"lazy\" decoding=\"async\" width=\"150\" height=\"150\" src=\"https:\/\/sinprofaz.org.br\/2024\/wp-content\/uploads\/2016\/12\/02-150x150.jpg\" class=\"attachment-thumbnail size-thumbnail\" alt=\"\" \/><\/a>\n\t\t\t<\/dt><\/dl><dl class='gallery-item'>\n\t\t\t<dt class='gallery-icon landscape'>\n\t\t\t\t<a href='https:\/\/sinprofaz.org.br\/2024\/wp-content\/uploads\/2016\/12\/03.jpg'><img loading=\"lazy\" decoding=\"async\" width=\"150\" height=\"150\" src=\"https:\/\/sinprofaz.org.br\/2024\/wp-content\/uploads\/2016\/12\/03-150x150.jpg\" class=\"attachment-thumbnail size-thumbnail\" alt=\"\" \/><\/a>\n\t\t\t<\/dt><\/dl><dl class='gallery-item'>\n\t\t\t<dt class='gallery-icon landscape'>\n\t\t\t\t<a href='https:\/\/sinprofaz.org.br\/2024\/wp-content\/uploads\/2016\/12\/04.jpg'><img loading=\"lazy\" decoding=\"async\" width=\"150\" height=\"150\" src=\"https:\/\/sinprofaz.org.br\/2024\/wp-content\/uploads\/2016\/12\/04-150x150.jpg\" class=\"attachment-thumbnail size-thumbnail\" alt=\"\" \/><\/a>\n\t\t\t<\/dt><\/dl><br style=\"clear: both\" \/><dl class='gallery-item'>\n\t\t\t<dt class='gallery-icon landscape'>\n\t\t\t\t<a href='https:\/\/sinprofaz.org.br\/2024\/wp-content\/uploads\/2016\/12\/05.jpg'><img loading=\"lazy\" decoding=\"async\" width=\"150\" height=\"150\" src=\"https:\/\/sinprofaz.org.br\/2024\/wp-content\/uploads\/2016\/12\/05-150x150.jpg\" class=\"attachment-thumbnail size-thumbnail\" alt=\"\" \/><\/a>\n\t\t\t<\/dt><\/dl>\n\t\t\t<br style='clear: both' \/>\n\t\t<\/div>\n\n","protected":false},"excerpt":{"rendered":"<p>Ao longo do segundo dia de programa\u00e7\u00e3o do XVI Encontro do SINPROFAZ, os associados do Sindicato puderam tirar d\u00favidas a respeito de a\u00e7\u00f5es judiciais de seu interesse. \u00c0 frente da reuni\u00e3o, estiveram Roberto Rodrigues e Hugo Plutarco.<\/p>\n","protected":false},"author":2,"featured_media":6171,"comment_status":"open","ping_status":"open","sticky":false,"template":"","format":"standard","meta":{"footnotes":""},"categories":[8],"tags":[32,62,26,25],"featured_image_url":"https:\/\/sinprofaz.org.br\/2024\/wp-content\/uploads\/2016\/12\/01-800x198.jpg","character_count":1365,"formatted_date":"01\/12\/2016 - 10:30","contentNovo":"<p>Durante o segundo dia de programa\u00e7\u00e3o do XVI Encontro Nacional dos Procuradores da Fazenda Nacional, os associados do SINPROFAZ puderam tirar d\u00favidas sobre a\u00e7\u00f5es judiciais de seu interesse. \u00c0 frente da reuni\u00e3o, o diretor-jur\u00eddico do SINPROFAZ, Roberto Rodrigues, e o advogado do Sindicato, Hugo Plutarco, responderam a todos os questionamentos, esclarecendo quest\u00f5es a respeito dos direitos dos filiados e discutindo as estrat\u00e9gias adotadas pelo SINPROFAZ para dar celeridade aos pleitos jur\u00eddicos.<\/p><p>Na ocasi\u00e3o, Hugo Plutarco detalhou a situa\u00e7\u00e3o das execu\u00e7\u00f5es de 28,86%. Segundo o advogado do SINPROFAZ, a ju\u00edza da 7\u00aa Vara Federal da Se\u00e7\u00e3o Judici\u00e1ria do Distrito Federal adotou o procedimento de ordenar a expedi\u00e7\u00e3o dos precat\u00f3rios e, somente depois disso feito, intimar a Uni\u00e3o para saber se h\u00e1 concord\u00e2ncia com rela\u00e7\u00e3o ao valor expedido. Para tanto, a ju\u00edza expede o precat\u00f3rio com um bloqueio. Quando um precat\u00f3rio \u00e9 depositado e o desbloqueio \u00e9 requerido, a Vara demora para decidir sobre a libera\u00e7\u00e3o. H\u00e1, no entanto, precat\u00f3rios incontroversos de 2015 que, por equ\u00edvoco da Vara, foram expedidos sem o bloqueio. Esses, de menor valor que os definitivos, est\u00e3o dispon\u00edveis para saque.<\/p><p>Hugo Plutarco destacou tamb\u00e9m o processo em que o SINPROFAZ conseguiu os primeiros precat\u00f3rios definitivos. Assim que os valores foram depositados, o Sindicato requereu na Vara a libera\u00e7\u00e3o deles. A Uni\u00e3o, no entanto, entrou com um agravo de instrumento contra a expedi\u00e7\u00e3o desses precat\u00f3rios. Por iniciativa do SINPROFAZ, que despachou com o desembargador, foi negado o prosseguimento do agravo da Uni\u00e3o. Na pr\u00f3xima semana, o SINPROFAZ estar\u00e1 novamente na Vara na tentativa de resolver a situa\u00e7\u00e3o.<\/p><p>Roberto Rodrigues e Hugo Plutarco fizeram considera\u00e7\u00f5es acerca de outras situa\u00e7\u00f5es, como o processo que envolvia 268 Procuradores da Fazenda Nacional no Tribunal Regional Federal da 1\u00aa Regi\u00e3o e a\u00e7\u00f5es que ainda est\u00e3o em 1\u00b0 e 2\u00b0 graus. De acordo com os representantes do SINPROFAZ, em ambos, o Sindicato tem avan\u00e7ado positivamente, com a confian\u00e7a de que ser\u00e3o conclu\u00eddos em benef\u00edcio dos associados.<\/p><p>Mais informa\u00e7\u00f5es acerca das execu\u00e7\u00f5es de 28,86% e de outros processos relativos a direitos dos filiados podem ser solicitadas por meio do e-mail <a href=\"mailto:falecomjuridico@sinprofaz.org.br\" >falecomjuridico@sinprofaz.org.br<\/a>.<\/p>\r\n[gallery link=\"file\" ids=\"6172,6173,6174,6175\"]","_links":{"self":[{"href":"https:\/\/sinprofaz.org.br\/2024\/wp-json\/wp\/v2\/posts\/6170"}],"collection":[{"href":"https:\/\/sinprofaz.org.br\/2024\/wp-json\/wp\/v2\/posts"}],"about":[{"href":"https:\/\/sinprofaz.org.br\/2024\/wp-json\/wp\/v2\/types\/post"}],"author":[{"embeddable":true,"href":"https:\/\/sinprofaz.org.br\/2024\/wp-json\/wp\/v2\/users\/2"}],"replies":[{"embeddable":true,"href":"https:\/\/sinprofaz.org.br\/2024\/wp-json\/wp\/v2\/comments?post=6170"}],"version-history":[{"count":1,"href":"https:\/\/sinprofaz.org.br\/2024\/wp-json\/wp\/v2\/posts\/6170\/revisions"}],"predecessor-version":[{"id":6176,"href":"https:\/\/sinprofaz.org.br\/2024\/wp-json\/wp\/v2\/posts\/6170\/revisions\/6176"}],"wp:featuredmedia":[{"embeddable":true,"href":"https:\/\/sinprofaz.org.br\/2024\/wp-json\/wp\/v2\/media\/6171"}],"wp:attachment":[{"href":"https:\/\/sinprofaz.org.br\/2024\/wp-json\/wp\/v2\/media?parent=6170"}],"wp:term":[{"taxonomy":"category","embeddable":true,"href":"https:\/\/sinprofaz.org.br\/2024\/wp-json\/wp\/v2\/categories?post=6170"},{"taxonomy":"post_tag","embeddable":true,"href":"https:\/\/sinprofaz.org.br\/2024\/wp-json\/wp\/v2\/tags?post=6170"}],"curies":[{"name":"wp","href":"https:\/\/api.w.org\/{rel}","templated":true}]}}