{"id":615,"date":"2012-02-29T16:36:54","date_gmt":"2012-02-29T16:36:54","guid":{"rendered":""},"modified":"-0001-11-30T00:00:00","modified_gmt":"-0001-11-30T03:00:00","slug":"sinprofaz-cobra-melhora-no-plano-de-saude-dos-advogados-publicos","status":"publish","type":"post","link":"https:\/\/sinprofaz.org.br\/2024\/noticias\/sinprofaz-cobra-melhora-no-plano-de-saude-dos-advogados-publicos\/","title":{"rendered":"SINPROFAZ cobra melhora no plano de sa\u00fade dos advogados p\u00fablicos"},"content":{"rendered":"<p>A precariedade do servi\u00e7o de assist\u00eancia m\u00e9dica disponibilizado aos advogados p\u00fablicos do pa\u00eds mobilizou o F\u00f3rum Nacional da Advocacia P\u00fablica Federal a buscar uma solu\u00e7\u00e3o para o problema.<\/p>\n<p>Segundo exp\u00f5e Titonelli, o clima de insatisfa\u00e7\u00e3o e inseguran\u00e7a \u00e9 crescente entre os membros da advocacia p\u00fablica, insatisfeitos com a limita\u00e7\u00e3o da rede de m\u00e9dicos e hospitais credenciados. Al\u00e9m da pouca experi\u00eancia dos m\u00e9dicos, os advogados p\u00fablicos reclamam das enormes filas de atendimento e da dificuldade de encontrar um hor\u00e1rio nas consultas eletivas, al\u00e9m da burocracia para libera\u00e7\u00e3o de procedimentos m\u00e9dicos.<\/p>\n<p>\u201cS\u00e3o pouqu\u00edssimas as op\u00e7\u00f5es de profissionais credenciados por especialidade, o que se soma \u00e0s restri\u00e7\u00f5es impostas para benefici\u00e1rios do plano, com n\u00famero m\u00e1ximo de atendimentos semanais, culminando com constrangedores prazos de marca\u00e7\u00e3o de consultas, procedimentos e mesmo cirurgias\u201d, afirma Titonelli, lembrando que esses m\u00e9dicos possuem uma agenda paralela para atendimento particular.<\/p>\n<p>Outro ponto destacado pelo presidente do F\u00f3rum \u00e9 a defici\u00eancia no atendimento da operadora sobre d\u00favidas e reclama\u00e7\u00f5es, feito apenas por telefone e por profissionais n\u00e3o treinados. \u201cComo resultado do quadro lament\u00e1vel acima relatado, os advogados e procuradores por muitas vezes se v\u00eaem obrigados a procurar atendimento fora da rede credenciada ou mesmo a manuten\u00e7\u00e3o concomitante de outro plano de sa\u00fade, experimentando preju\u00edzo aos seus rendimentos\u201d.<\/p>\n<p>Titonelli lembra que o servi\u00e7o da operadora \u00e9 contratado por licita\u00e7\u00e3o, mas que n\u00e3o h\u00e1 qualquer fiscaliza\u00e7\u00e3o sobre o cumprimento do contrato, \u201crestando aos Advogados P\u00fablicos a sensa\u00e7\u00e3o de omiss\u00e3o, neglig\u00eancia e de p\u00e9ssimo atendimento\u201d. Em cart\u00e1r de urg\u00eancia, ele pede que a AGU nomeie um representante da advocacia p\u00fablica junto \u00e0 Amil para evitar consequ\u00eancias mais s\u00e9rias.<\/p>\n","protected":false},"excerpt":{"rendered":"<p>Em of\u00edcio enviado ao advogado-geral da Uni\u00e3o, o presidente do F\u00f3rum e do SINPROFAZ, Allan Titonelli, pede que o suporte prestado pela operadora Amil seja compat\u00edvel com o porte do contrato e da entidade.<\/p>\n","protected":false},"author":1,"featured_media":0,"comment_status":"closed","ping_status":"open","sticky":false,"template":"","format":"standard","meta":{"footnotes":""},"categories":[8],"tags":[],"featured_image_url":"https:\/\/dummyimage.com\/720x400","character_count":954,"formatted_date":"29\/02\/2012 - 16:36","contentNovo":"\r\n<p>A precariedade do servi\u00e7o de assist\u00eancia m\u00e9dica disponibilizado aos advogados p\u00fablicos do pa\u00eds mobilizou o F\u00f3rum Nacional da Advocacia P\u00fablica Federal a buscar uma solu\u00e7\u00e3o para o problema.<\/p>\r\n<p>Segundo exp\u00f5e Titonelli, o clima de insatisfa\u00e7\u00e3o e inseguran\u00e7a \u00e9 crescente entre os membros da advocacia p\u00fablica, insatisfeitos com a limita\u00e7\u00e3o da rede de m\u00e9dicos e hospitais credenciados. Al\u00e9m da pouca experi\u00eancia dos m\u00e9dicos, os advogados p\u00fablicos reclamam das enormes filas de atendimento e da dificuldade de encontrar um hor\u00e1rio nas consultas eletivas, al\u00e9m da burocracia para libera\u00e7\u00e3o de procedimentos m\u00e9dicos.<\/p>\r\n<p>\u201cS\u00e3o pouqu\u00edssimas as op\u00e7\u00f5es de profissionais credenciados por especialidade, o que se soma \u00e0s restri\u00e7\u00f5es impostas para benefici\u00e1rios do plano, com n\u00famero m\u00e1ximo de atendimentos semanais, culminando com constrangedores prazos de marca\u00e7\u00e3o de consultas, procedimentos e mesmo cirurgias\u201d, afirma Titonelli, lembrando que esses m\u00e9dicos possuem uma agenda paralela para atendimento particular.<\/p>\r\n<p>Outro ponto destacado pelo presidente do F\u00f3rum \u00e9 a defici\u00eancia no atendimento da operadora sobre d\u00favidas e reclama\u00e7\u00f5es, feito apenas por telefone e por profissionais n\u00e3o treinados. \u201cComo resultado do quadro lament\u00e1vel acima relatado, os advogados e procuradores por muitas vezes se v\u00eaem obrigados a procurar atendimento fora da rede credenciada ou mesmo a manuten\u00e7\u00e3o concomitante de outro plano de sa\u00fade, experimentando preju\u00edzo aos seus rendimentos\u201d.<\/p>\r\n<p>Titonelli lembra que o servi\u00e7o da operadora \u00e9 contratado por licita\u00e7\u00e3o, mas que n\u00e3o h\u00e1 qualquer fiscaliza\u00e7\u00e3o sobre o cumprimento do contrato, \u201crestando aos Advogados P\u00fablicos a sensa\u00e7\u00e3o de omiss\u00e3o, neglig\u00eancia e de p\u00e9ssimo atendimento\u201d. Em cart\u00e1r de urg\u00eancia, ele pede que a AGU nomeie um representante da advocacia p\u00fablica junto \u00e0 Amil para evitar consequ\u00eancias mais s\u00e9rias.<\/p>","_links":{"self":[{"href":"https:\/\/sinprofaz.org.br\/2024\/wp-json\/wp\/v2\/posts\/615"}],"collection":[{"href":"https:\/\/sinprofaz.org.br\/2024\/wp-json\/wp\/v2\/posts"}],"about":[{"href":"https:\/\/sinprofaz.org.br\/2024\/wp-json\/wp\/v2\/types\/post"}],"author":[{"embeddable":true,"href":"https:\/\/sinprofaz.org.br\/2024\/wp-json\/wp\/v2\/users\/1"}],"replies":[{"embeddable":true,"href":"https:\/\/sinprofaz.org.br\/2024\/wp-json\/wp\/v2\/comments?post=615"}],"version-history":[{"count":0,"href":"https:\/\/sinprofaz.org.br\/2024\/wp-json\/wp\/v2\/posts\/615\/revisions"}],"wp:attachment":[{"href":"https:\/\/sinprofaz.org.br\/2024\/wp-json\/wp\/v2\/media?parent=615"}],"wp:term":[{"taxonomy":"category","embeddable":true,"href":"https:\/\/sinprofaz.org.br\/2024\/wp-json\/wp\/v2\/categories?post=615"},{"taxonomy":"post_tag","embeddable":true,"href":"https:\/\/sinprofaz.org.br\/2024\/wp-json\/wp\/v2\/tags?post=615"}],"curies":[{"name":"wp","href":"https:\/\/api.w.org\/{rel}","templated":true}]}}