{"id":6041,"date":"2016-11-01T13:03:06","date_gmt":"2016-11-01T13:03:06","guid":{"rendered":"http:\/\/www.sinprofaz.org.br\/?p=6041"},"modified":"2016-11-07T19:15:57","modified_gmt":"2016-11-07T19:15:57","slug":"ministro-da-justica-e-convidado-para-prestigiar-encontro-do-sinprofaz","status":"publish","type":"post","link":"https:\/\/sinprofaz.org.br\/2024\/noticias\/ministro-da-justica-e-convidado-para-prestigiar-encontro-do-sinprofaz\/","title":{"rendered":"MINISTRO DA JUSTI\u00c7A \u00c9 CONVIDADO PARA PRESTIGIAR ENCONTRO DO SINPROFAZ"},"content":{"rendered":"<p>O SINPROFAZ, representado pelo presidente Achilles Frias, esteve reunido nessa segunda-feira (31) com o ministro da Justi\u00e7a e Cidadania, Alexandre de Moraes. O encontro ocorreu na sede do minist\u00e9rio, em Bras\u00edlia, e possibilitou debate sobre assuntos pertinentes \u00e0 Carreira de Procurador da Fazenda Nacional. A reuni\u00e3o contou com a presen\u00e7a do secret\u00e1rio-executivo do minist\u00e9rio e PFN, Jos\u00e9 Levi Mello do Amaral J\u00fanior, que ser\u00e1 um dos palestrantes do XVI Encontro do SINPROFAZ.<\/p>\n<p>Na ocasi\u00e3o, o presidente do SINPROFAZ convidou o ministro para prestigiar o XVI Encontro Nacional dos Procuradores da Fazenda Nacional, a ser realizado no sul fluminense, de 24 a 27 de novembro. Foi ressaltado o momento celebrativo em que ocorre esta 16\u00aa edi\u00e7\u00e3o do Encontro, realizado em ano de conquistas hist\u00f3ricas para a Carreira, as quais ser\u00e3o debatidas e comemoradas ao longo da programa\u00e7\u00e3o do evento.<\/p>\n<p>Conceituado jurista, Alexandre de Moraes \u00e9 membro da Comiss\u00e3o Nacional de Estudos Constitucionais do Conselho Federal da OAB e integrante do Instituto Brasileiro de Direito Constitucional e da Academia Brasileira de Direito Constitucional. Chefia o Departamento de Direito do Estado da Faculdade de Direito da Universidade de S\u00e3o Paulo e j\u00e1 comp\u00f4s o Conselho Nacional de Justi\u00e7a. \u00c9 autor de diversas obras jur\u00eddicas, entre elas &#8220;Direito Constitucional&#8221;, &#8220;Constitui\u00e7\u00e3o do Brasil Interpretada e Legisla\u00e7\u00e3o Constitucional&#8221;, &#8220;Jurisdi\u00e7\u00e3o Constitucional e Tribunais Constitucionais&#8221; e &#8220;Direito Constitucional Administrativo&#8221;.<\/p>\n\n\t\t<style type=\"text\/css\">\n\t\t\t#gallery-1 {\n\t\t\t\tmargin: auto;\n\t\t\t}\n\t\t\t#gallery-1 .gallery-item {\n\t\t\t\tfloat: left;\n\t\t\t\tmargin-top: 10px;\n\t\t\t\ttext-align: center;\n\t\t\t\twidth: 33%;\n\t\t\t}\n\t\t\t#gallery-1 img {\n\t\t\t\tborder: 2px solid #cfcfcf;\n\t\t\t}\n\t\t\t#gallery-1 .gallery-caption {\n\t\t\t\tmargin-left: 0;\n\t\t\t}\n\t\t\t\/* see gallery_shortcode() in wp-includes\/media.php *\/\n\t\t<\/style>\n\t\t<div id='gallery-1' class='gallery galleryid-6041 gallery-columns-3 gallery-size-thumbnail'><dl class='gallery-item'>\n\t\t\t<dt class='gallery-icon landscape'>\n\t\t\t\t<a href='https:\/\/sinprofaz.org.br\/2024\/wp-content\/uploads\/2016\/11\/021.jpg'><img loading=\"lazy\" decoding=\"async\" width=\"150\" height=\"150\" src=\"https:\/\/sinprofaz.org.br\/2024\/wp-content\/uploads\/2016\/11\/021-150x150.jpg\" class=\"attachment-thumbnail size-thumbnail\" alt=\"\" \/><\/a>\n\t\t\t<\/dt><\/dl>\n\t\t\t<br style='clear: both' \/>\n\t\t<\/div>\n\n","protected":false},"excerpt":{"rendered":"<p>O SINPROFAZ, representado pelo presidente Achilles Frias, esteve reunido na segunda-feira com o ministro da Justi\u00e7a e Cidadania, Alexandre de Moraes. O encontro ocorreu na sede do minist\u00e9rio, em Bras\u00edlia.<\/p>\n","protected":false},"author":2,"featured_media":6042,"comment_status":"open","ping_status":"open","sticky":false,"template":"","format":"standard","meta":{"footnotes":""},"categories":[8],"tags":[32,62,25],"featured_image_url":"https:\/\/sinprofaz.org.br\/2024\/wp-content\/uploads\/2016\/11\/011-800x198.jpg","character_count":972,"formatted_date":"01\/11\/2016 - 13:03","contentNovo":"<p>O SINPROFAZ, representado pelo presidente Achilles Frias, esteve reunido nessa segunda-feira (31) com o ministro da Justi\u00e7a e Cidadania, Alexandre de Moraes. O encontro ocorreu na sede do minist\u00e9rio, em Bras\u00edlia, e possibilitou debate sobre assuntos pertinentes \u00e0 Carreira de Procurador da Fazenda Nacional. A reuni\u00e3o contou com a presen\u00e7a do secret\u00e1rio-executivo do minist\u00e9rio e PFN, Jos\u00e9 Levi Mello do Amaral J\u00fanior, que ser\u00e1 um dos palestrantes do XVI Encontro do SINPROFAZ.<\/p><p>Na ocasi\u00e3o, o presidente do SINPROFAZ convidou o ministro para prestigiar o XVI Encontro Nacional dos Procuradores da Fazenda Nacional, a ser realizado no sul fluminense, de 24 a 27 de novembro. Foi ressaltado o momento celebrativo em que ocorre esta 16\u00aa edi\u00e7\u00e3o do Encontro, realizado em ano de conquistas hist\u00f3ricas para a Carreira, as quais ser\u00e3o debatidas e comemoradas ao longo da programa\u00e7\u00e3o do evento.<\/p><p>Conceituado jurista, Alexandre de Moraes \u00e9 membro da Comiss\u00e3o Nacional de Estudos Constitucionais do Conselho Federal da OAB e integrante do Instituto Brasileiro de Direito Constitucional e da Academia Brasileira de Direito Constitucional. Chefia o Departamento de Direito do Estado da Faculdade de Direito da Universidade de S\u00e3o Paulo e j\u00e1 comp\u00f4s o Conselho Nacional de Justi\u00e7a. \u00c9 autor de diversas obras jur\u00eddicas, entre elas \"Direito Constitucional\", \"Constitui\u00e7\u00e3o do Brasil Interpretada e Legisla\u00e7\u00e3o Constitucional\", \"Jurisdi\u00e7\u00e3o Constitucional e Tribunais Constitucionais\" e \"Direito Constitucional Administrativo\".<\/p>\r\n[gallery link=\"file\" ids=\"6043\"]\r\n\r\n\r\n","_links":{"self":[{"href":"https:\/\/sinprofaz.org.br\/2024\/wp-json\/wp\/v2\/posts\/6041"}],"collection":[{"href":"https:\/\/sinprofaz.org.br\/2024\/wp-json\/wp\/v2\/posts"}],"about":[{"href":"https:\/\/sinprofaz.org.br\/2024\/wp-json\/wp\/v2\/types\/post"}],"author":[{"embeddable":true,"href":"https:\/\/sinprofaz.org.br\/2024\/wp-json\/wp\/v2\/users\/2"}],"replies":[{"embeddable":true,"href":"https:\/\/sinprofaz.org.br\/2024\/wp-json\/wp\/v2\/comments?post=6041"}],"version-history":[{"count":1,"href":"https:\/\/sinprofaz.org.br\/2024\/wp-json\/wp\/v2\/posts\/6041\/revisions"}],"predecessor-version":[{"id":6044,"href":"https:\/\/sinprofaz.org.br\/2024\/wp-json\/wp\/v2\/posts\/6041\/revisions\/6044"}],"wp:featuredmedia":[{"embeddable":true,"href":"https:\/\/sinprofaz.org.br\/2024\/wp-json\/wp\/v2\/media\/6042"}],"wp:attachment":[{"href":"https:\/\/sinprofaz.org.br\/2024\/wp-json\/wp\/v2\/media?parent=6041"}],"wp:term":[{"taxonomy":"category","embeddable":true,"href":"https:\/\/sinprofaz.org.br\/2024\/wp-json\/wp\/v2\/categories?post=6041"},{"taxonomy":"post_tag","embeddable":true,"href":"https:\/\/sinprofaz.org.br\/2024\/wp-json\/wp\/v2\/tags?post=6041"}],"curies":[{"name":"wp","href":"https:\/\/api.w.org\/{rel}","templated":true}]}}