{"id":604,"date":"2012-02-17T17:29:57","date_gmt":"2012-02-17T17:29:57","guid":{"rendered":""},"modified":"-0001-11-30T00:00:00","modified_gmt":"-0001-11-30T03:00:00","slug":"imprensa-ouve-sinprofaz-sobre-combate-a-sonegacao","status":"publish","type":"post","link":"https:\/\/sinprofaz.org.br\/2024\/noticias\/imprensa-ouve-sinprofaz-sobre-combate-a-sonegacao\/","title":{"rendered":"Imprensa ouve SINPROFAZ sobre combate \u00e0 sonega\u00e7\u00e3o"},"content":{"rendered":"<p>A campanha \u00e9 uma das a\u00e7\u00f5es do Sindicato no sentido de n\u00e3o restringir sua atua\u00e7\u00e3o ao debate das demandas corporativas da carreira de Procurador da Fazenda Nacional. \u00c9 o SINPROFAZ colaborando para a discuss\u00e3o de temas de interesse de toda a sociedade como justi\u00e7a fiscal, reforma tribut\u00e1ria e combate \u00e0 sonega\u00e7\u00e3o.<\/p>\n<p>&nbsp;<\/p>\n<p>Clique no link para assistir \u00e0 mat\u00e9ria com declara\u00e7\u00f5es do presidente Allan Titonelli.<\/p>\n<p><a href=\"http:\/\/youtu.be\/pwPWv9YIkpU\" target=\"_blank\">http:\/\/youtu.be\/pwPWv9YIkpU<\/a><\/p>\n","protected":false},"excerpt":{"rendered":"<p>Em entrevista \u00e0 rede de televis\u00e3o SBT, presidente do SINPROFAZ divulga um dos lemas da Campanha Nacional da Justi\u00e7a Fiscal: se todos pagarem, todos v\u00e3o pagar menos.<\/p>\n","protected":false},"author":1,"featured_media":0,"comment_status":"closed","ping_status":"open","sticky":false,"template":"","format":"standard","meta":{"footnotes":""},"categories":[8],"tags":[],"featured_image_url":"https:\/\/dummyimage.com\/720x400","character_count":225,"formatted_date":"17\/02\/2012 - 17:29","contentNovo":"\r\n<p>A campanha \u00e9 uma das a\u00e7\u00f5es do Sindicato no sentido de n\u00e3o restringir sua atua\u00e7\u00e3o ao debate das demandas corporativas da carreira de Procurador da Fazenda Nacional. \u00c9 o SINPROFAZ colaborando para a discuss\u00e3o de temas de interesse de toda a sociedade como justi\u00e7a fiscal, reforma tribut\u00e1ria e combate \u00e0 sonega\u00e7\u00e3o.<\/p>\r\n<p>&nbsp;<\/p>\r\n<p>Clique no link para assistir \u00e0 mat\u00e9ria com declara\u00e7\u00f5es do presidente Allan Titonelli.<\/p>\r\n<p><a href=\"http:\/\/youtu.be\/pwPWv9YIkpU\" target=\"_blank\">http:\/\/youtu.be\/pwPWv9YIkpU<\/a><\/p>","_links":{"self":[{"href":"https:\/\/sinprofaz.org.br\/2024\/wp-json\/wp\/v2\/posts\/604"}],"collection":[{"href":"https:\/\/sinprofaz.org.br\/2024\/wp-json\/wp\/v2\/posts"}],"about":[{"href":"https:\/\/sinprofaz.org.br\/2024\/wp-json\/wp\/v2\/types\/post"}],"author":[{"embeddable":true,"href":"https:\/\/sinprofaz.org.br\/2024\/wp-json\/wp\/v2\/users\/1"}],"replies":[{"embeddable":true,"href":"https:\/\/sinprofaz.org.br\/2024\/wp-json\/wp\/v2\/comments?post=604"}],"version-history":[{"count":0,"href":"https:\/\/sinprofaz.org.br\/2024\/wp-json\/wp\/v2\/posts\/604\/revisions"}],"wp:attachment":[{"href":"https:\/\/sinprofaz.org.br\/2024\/wp-json\/wp\/v2\/media?parent=604"}],"wp:term":[{"taxonomy":"category","embeddable":true,"href":"https:\/\/sinprofaz.org.br\/2024\/wp-json\/wp\/v2\/categories?post=604"},{"taxonomy":"post_tag","embeddable":true,"href":"https:\/\/sinprofaz.org.br\/2024\/wp-json\/wp\/v2\/tags?post=604"}],"curies":[{"name":"wp","href":"https:\/\/api.w.org\/{rel}","templated":true}]}}