{"id":597,"date":"2012-02-15T15:38:24","date_gmt":"2012-02-15T15:38:24","guid":{"rendered":""},"modified":"-0001-11-30T00:00:00","modified_gmt":"-0001-11-30T03:00:00","slug":"advocacia-publica-atenta-a-agenda-de-votacoes-no-legislativo-federal","status":"publish","type":"post","link":"https:\/\/sinprofaz.org.br\/2024\/noticias\/advocacia-publica-atenta-a-agenda-de-votacoes-no-legislativo-federal\/","title":{"rendered":"Advocacia P\u00fablica atenta \u00e0 agenda de vota\u00e7\u00f5es no Legislativo federal"},"content":{"rendered":"<p>Havia a possibilidade de vota\u00e7\u00e3o do Funpresp, PL 1.992\/07, que institui a previd\u00eancia complementar para o servidor p\u00fablico.<\/p>\n<p>O presidente do SINPROFAZ e do F\u00f3rum Nacional lembra que \u201c\u00e9 necess\u00e1rio deixar claro que a previd\u00eancia n\u00e3o \u00e9 deficit\u00e1ria. Qualquer c\u00e1lculo atuarial desmistifica a tentativa de imputar um d\u00e9ficit \u00e0 previd\u00eancia do servidor p\u00fablico.\u201d<\/p>\n<p>A Advocacia P\u00fablica Federal, alerta Titonelli, \u201cprecisa ter seguran\u00e7a que, ap\u00f3s longa jornada de trabalho e de contribui\u00e7\u00e3o, ir\u00e1 usufruir de aposentadoria correspondente a todo seu esfor\u00e7o na defesa do Estado, mantendo seu poder aquisitivo.\u201d<\/p>\n<h3>Emendas<\/h3>\n<p>H\u00e1 duas emendas trabalhadas pela Advocacia P\u00fablica, uma possibilitando a cria\u00e7\u00e3o de fundo espec\u00edfico para as carreiras jur\u00eddicas da Advocacia-Geral da Uni\u00e3o e outra incluindo as carreiras da AGU no fundo do Poder Judici\u00e1rio.<\/p>\n","protected":false},"excerpt":{"rendered":"<p>O presidente do SINPROFAZ e do F\u00f3rum Nacional, Allan Titonelli, assistiu nesta ter\u00e7a-feira, 14\/02, \u00e0 reuni\u00e3o do Col\u00e9gio de L\u00edderes para definir a pauta de vota\u00e7\u00f5es da semana.<\/p>\n","protected":false},"author":1,"featured_media":0,"comment_status":"closed","ping_status":"open","sticky":false,"template":"","format":"standard","meta":{"footnotes":""},"categories":[8],"tags":[],"featured_image_url":"https:\/\/dummyimage.com\/720x400","character_count":434,"formatted_date":"15\/02\/2012 - 15:38","contentNovo":"\r\n<p>Havia a possibilidade de vota\u00e7\u00e3o do Funpresp, PL 1.992\/07, que institui a previd\u00eancia complementar para o servidor p\u00fablico.<\/p>\r\n<p>O presidente do SINPROFAZ e do F\u00f3rum Nacional lembra que \u201c\u00e9 necess\u00e1rio deixar claro que a previd\u00eancia n\u00e3o \u00e9 deficit\u00e1ria. Qualquer c\u00e1lculo atuarial desmistifica a tentativa de imputar um d\u00e9ficit \u00e0 previd\u00eancia do servidor p\u00fablico.\u201d<\/p>\r\n<p>A Advocacia P\u00fablica Federal, alerta Titonelli, \u201cprecisa ter seguran\u00e7a que, ap\u00f3s longa jornada de trabalho e de contribui\u00e7\u00e3o, ir\u00e1 usufruir de aposentadoria correspondente a todo seu esfor\u00e7o na defesa do Estado, mantendo seu poder aquisitivo.\u201d<\/p>\r\nEmendas\r\n<p>H\u00e1 duas emendas trabalhadas pela Advocacia P\u00fablica, uma possibilitando a cria\u00e7\u00e3o de fundo espec\u00edfico para as carreiras jur\u00eddicas da Advocacia-Geral da Uni\u00e3o e outra incluindo as carreiras da AGU no fundo do Poder Judici\u00e1rio.<\/p>","_links":{"self":[{"href":"https:\/\/sinprofaz.org.br\/2024\/wp-json\/wp\/v2\/posts\/597"}],"collection":[{"href":"https:\/\/sinprofaz.org.br\/2024\/wp-json\/wp\/v2\/posts"}],"about":[{"href":"https:\/\/sinprofaz.org.br\/2024\/wp-json\/wp\/v2\/types\/post"}],"author":[{"embeddable":true,"href":"https:\/\/sinprofaz.org.br\/2024\/wp-json\/wp\/v2\/users\/1"}],"replies":[{"embeddable":true,"href":"https:\/\/sinprofaz.org.br\/2024\/wp-json\/wp\/v2\/comments?post=597"}],"version-history":[{"count":0,"href":"https:\/\/sinprofaz.org.br\/2024\/wp-json\/wp\/v2\/posts\/597\/revisions"}],"wp:attachment":[{"href":"https:\/\/sinprofaz.org.br\/2024\/wp-json\/wp\/v2\/media?parent=597"}],"wp:term":[{"taxonomy":"category","embeddable":true,"href":"https:\/\/sinprofaz.org.br\/2024\/wp-json\/wp\/v2\/categories?post=597"},{"taxonomy":"post_tag","embeddable":true,"href":"https:\/\/sinprofaz.org.br\/2024\/wp-json\/wp\/v2\/tags?post=597"}],"curies":[{"name":"wp","href":"https:\/\/api.w.org\/{rel}","templated":true}]}}