{"id":5953,"date":"2016-10-10T16:48:21","date_gmt":"2016-10-10T16:48:21","guid":{"rendered":"http:\/\/www.sinprofaz.org.br\/?p=5953"},"modified":"2016-10-11T19:52:47","modified_gmt":"2016-10-11T19:52:47","slug":"estudos-do-sinprofaz-subsidiam-artigo-sobre-justica-fiscal","status":"publish","type":"post","link":"https:\/\/sinprofaz.org.br\/2024\/noticias\/estudos-do-sinprofaz-subsidiam-artigo-sobre-justica-fiscal\/","title":{"rendered":"ESTUDOS DO SINPROFAZ SUBSIDIAM ARTIGO SOBRE JUSTI\u00c7A FISCAL"},"content":{"rendered":"<p>Os estudos elaborados pelo SINPROFAZ contribu\u00edram para artigo publicado na quinta-feira (6) no portal Outras Palavras. No texto, a autora Grazielle David defende a Justi\u00e7a Fiscal como alternativa \u00e0 PEC 241, que amea\u00e7a paralisar os servi\u00e7os p\u00fablicos. O artigo vai ao encontro da campanha de responsabilidade social do SINPROFAZ que prop\u00f5e conscientizar a popula\u00e7\u00e3o e o Congresso Nacional sobre a urgente necessidade de mudan\u00e7as no sistema tribut\u00e1rio do pa\u00eds.<\/p>\n<p>No texto, a autora argumenta que a carga tribut\u00e1ria brasileira \u00e9 extramente mal distribu\u00edda, pesando muito mais para os pobres e a classe m\u00e9dia do que para os ricos, devido \u00e0 estrutura dos tributos que incidem mais sobre o consumo do que sobre a renda e o patrim\u00f4nio. Al\u00e9m disso, a sonega\u00e7\u00e3o fiscal amplia desigualdades: em resposta \u00e0 queda na arrecada\u00e7\u00e3o, muitos governos recorrem ao aumento da carga tribut\u00e1ria.<\/p>\n<p>&#8220;O que definitivamente n\u00e3o cabe no Or\u00e7amento s\u00e3o as receitas que deviam chegar a ele, mas que s\u00e3o sonegadas, evadidas, inscritas na d\u00edvida ativa e nunca pagas. A alternativa \u00e9 a Justi\u00e7a Fiscal&#8221;, defende a autora.<\/p>\n<p>Confira o artigo na \u00edntegra: <a href=\"http:\/\/outraspalavras.net\/brasil\/a-opcao-da-justica-fiscal\/\" target=\"_blank\">http:\/\/outraspalavras.net\/brasil\/a-opcao-da-justica-fiscal\/<\/a><\/p>\n","protected":false},"excerpt":{"rendered":"<p>O artigo vai ao encontro da campanha de responsabilidade social do SINPROFAZ que prop\u00f5e conscientizar a popula\u00e7\u00e3o e o Congresso Nacional sobre a urgente necessidade de mudan\u00e7as no sistema tribut\u00e1rio brasileiro.<\/p>\n","protected":false},"author":2,"featured_media":5954,"comment_status":"open","ping_status":"open","sticky":false,"template":"","format":"standard","meta":{"footnotes":""},"categories":[8],"tags":[45,25],"featured_image_url":"https:\/\/sinprofaz.org.br\/2024\/wp-content\/uploads\/2016\/10\/logo-outras-palavras-486x198.jpg","character_count":610,"formatted_date":"10\/10\/2016 - 16:48","contentNovo":"<p>Os estudos elaborados pelo SINPROFAZ contribu\u00edram para artigo publicado na quinta-feira (6) no portal Outras Palavras. No texto, a autora Grazielle David defende a Justi\u00e7a Fiscal como alternativa \u00e0 PEC 241, que amea\u00e7a paralisar os servi\u00e7os p\u00fablicos. O artigo vai ao encontro da campanha de responsabilidade social do SINPROFAZ que prop\u00f5e conscientizar a popula\u00e7\u00e3o e o Congresso Nacional sobre a urgente necessidade de mudan\u00e7as no sistema tribut\u00e1rio do pa\u00eds.<\/p><p>No texto, a autora argumenta que a carga tribut\u00e1ria brasileira \u00e9 extramente mal distribu\u00edda, pesando muito mais para os pobres e a classe m\u00e9dia do que para os ricos, devido \u00e0 estrutura dos tributos que incidem mais sobre o consumo do que sobre a renda e o patrim\u00f4nio. Al\u00e9m disso, a sonega\u00e7\u00e3o fiscal amplia desigualdades: em resposta \u00e0 queda na arrecada\u00e7\u00e3o, muitos governos recorrem ao aumento da carga tribut\u00e1ria.<\/p><p>\"O que definitivamente n\u00e3o cabe no Or\u00e7amento s\u00e3o as receitas que deviam chegar a ele, mas que s\u00e3o sonegadas, evadidas, inscritas na d\u00edvida ativa e nunca pagas. A alternativa \u00e9 a Justi\u00e7a Fiscal\", defende a autora.<\/p><p>Confira o artigo na \u00edntegra: <a href=\"http:\/\/outraspalavras.net\/brasil\/a-opcao-da-justica-fiscal\/\" target=\"_blank\">http:\/\/outraspalavras.net\/brasil\/a-opcao-da-justica-fiscal\/<\/a><\/p>\r\n","_links":{"self":[{"href":"https:\/\/sinprofaz.org.br\/2024\/wp-json\/wp\/v2\/posts\/5953"}],"collection":[{"href":"https:\/\/sinprofaz.org.br\/2024\/wp-json\/wp\/v2\/posts"}],"about":[{"href":"https:\/\/sinprofaz.org.br\/2024\/wp-json\/wp\/v2\/types\/post"}],"author":[{"embeddable":true,"href":"https:\/\/sinprofaz.org.br\/2024\/wp-json\/wp\/v2\/users\/2"}],"replies":[{"embeddable":true,"href":"https:\/\/sinprofaz.org.br\/2024\/wp-json\/wp\/v2\/comments?post=5953"}],"version-history":[{"count":1,"href":"https:\/\/sinprofaz.org.br\/2024\/wp-json\/wp\/v2\/posts\/5953\/revisions"}],"predecessor-version":[{"id":5955,"href":"https:\/\/sinprofaz.org.br\/2024\/wp-json\/wp\/v2\/posts\/5953\/revisions\/5955"}],"wp:featuredmedia":[{"embeddable":true,"href":"https:\/\/sinprofaz.org.br\/2024\/wp-json\/wp\/v2\/media\/5954"}],"wp:attachment":[{"href":"https:\/\/sinprofaz.org.br\/2024\/wp-json\/wp\/v2\/media?parent=5953"}],"wp:term":[{"taxonomy":"category","embeddable":true,"href":"https:\/\/sinprofaz.org.br\/2024\/wp-json\/wp\/v2\/categories?post=5953"},{"taxonomy":"post_tag","embeddable":true,"href":"https:\/\/sinprofaz.org.br\/2024\/wp-json\/wp\/v2\/tags?post=5953"}],"curies":[{"name":"wp","href":"https:\/\/api.w.org\/{rel}","templated":true}]}}