{"id":593,"date":"2012-02-14T13:23:28","date_gmt":"2012-02-14T13:23:28","guid":{"rendered":""},"modified":"-0001-11-30T00:00:00","modified_gmt":"-0001-11-30T03:00:00","slug":"sinprofaz-alerta-para-os-riscos-da-sonegacao","status":"publish","type":"post","link":"https:\/\/sinprofaz.org.br\/2024\/noticias\/sinprofaz-alerta-para-os-riscos-da-sonegacao\/","title":{"rendered":"SINPROFAZ alerta para os riscos da sonega\u00e7\u00e3o"},"content":{"rendered":"<p>Os n\u00fameros da sonega\u00e7\u00e3o chegam perto dos 200 bilh\u00f5es de reais anualmente. Esse montante equivale a um quarto do faturamento das empresas.<\/p>\n<p>&nbsp;<\/p>\n<p>Leia mais acessando a \u00edntegra da mat\u00e9ria:<\/p>\n<p><a href=\"http:\/\/goo.gl\/kE6GQ\" target=\"_blank\">http:\/\/goo.gl\/kE6GQ<\/a><\/p>\n","protected":false},"excerpt":{"rendered":"<p>Em mat\u00e9ria publicada na edi\u00e7\u00e3o de ontem, 13\/02, do jornal O Tempo, de Belo Horizonte, o presidente do Sindicato, Allan Titonelli, comentou sobre os reflexos da sonega\u00e7\u00e3o na carga tribut\u00e1ria.<\/p>\n","protected":false},"author":1,"featured_media":0,"comment_status":"closed","ping_status":"open","sticky":false,"template":"","format":"standard","meta":{"footnotes":""},"categories":[8],"tags":[],"featured_image_url":"https:\/\/dummyimage.com\/720x400","character_count":107,"formatted_date":"14\/02\/2012 - 13:23","contentNovo":"\r\n<p>Os n\u00fameros da sonega\u00e7\u00e3o chegam perto dos 200 bilh\u00f5es de reais anualmente. Esse montante equivale a um quarto do faturamento das empresas.<\/p>\r\n<p>&nbsp;<\/p>\r\n<p>Leia mais acessando a \u00edntegra da mat\u00e9ria:<\/p>\r\n<p><a href=\"http:\/\/goo.gl\/kE6GQ\" target=\"_blank\">http:\/\/goo.gl\/kE6GQ<\/a><\/p>","_links":{"self":[{"href":"https:\/\/sinprofaz.org.br\/2024\/wp-json\/wp\/v2\/posts\/593"}],"collection":[{"href":"https:\/\/sinprofaz.org.br\/2024\/wp-json\/wp\/v2\/posts"}],"about":[{"href":"https:\/\/sinprofaz.org.br\/2024\/wp-json\/wp\/v2\/types\/post"}],"author":[{"embeddable":true,"href":"https:\/\/sinprofaz.org.br\/2024\/wp-json\/wp\/v2\/users\/1"}],"replies":[{"embeddable":true,"href":"https:\/\/sinprofaz.org.br\/2024\/wp-json\/wp\/v2\/comments?post=593"}],"version-history":[{"count":0,"href":"https:\/\/sinprofaz.org.br\/2024\/wp-json\/wp\/v2\/posts\/593\/revisions"}],"wp:attachment":[{"href":"https:\/\/sinprofaz.org.br\/2024\/wp-json\/wp\/v2\/media?parent=593"}],"wp:term":[{"taxonomy":"category","embeddable":true,"href":"https:\/\/sinprofaz.org.br\/2024\/wp-json\/wp\/v2\/categories?post=593"},{"taxonomy":"post_tag","embeddable":true,"href":"https:\/\/sinprofaz.org.br\/2024\/wp-json\/wp\/v2\/tags?post=593"}],"curies":[{"name":"wp","href":"https:\/\/api.w.org\/{rel}","templated":true}]}}