{"id":591,"date":"2012-02-13T15:50:13","date_gmt":"2012-02-13T15:50:13","guid":{"rendered":""},"modified":"-0001-11-30T00:00:00","modified_gmt":"-0001-11-30T03:00:00","slug":"forum-nacional-atua-para-abrir-dialogo-com-oab-de-sao-paulo","status":"publish","type":"post","link":"https:\/\/sinprofaz.org.br\/2024\/noticias\/forum-nacional-atua-para-abrir-dialogo-com-oab-de-sao-paulo\/","title":{"rendered":"F\u00f3rum Nacional atua para abrir di\u00e1logo com OAB de S\u00e3o Paulo"},"content":{"rendered":"<p>Os dirigentes do F\u00f3rum Nacional foram recebidos na sexta-feira, 10\/02, pelo vice-presidente da seccional, Marcos da Costa, e pelo presidente da Comiss\u00e3o da Advocacia P\u00fablica no Estado, Jorge Eluf Neto.<\/p>\n<p>Na oportunidade, o F\u00f3rum ratificou o prop\u00f3sito de aproxima\u00e7\u00e3o da Advocacia P\u00fablica Federal com a OAB em todas as suas proje\u00e7\u00f5es. Uma das pautas debatidas foi a abertura de um canal de di\u00e1logo entre a respectiva seccional e os representantes da Advocacia P\u00fablica Federal no Estado, para evitar qualquer ru\u00eddo na comunica\u00e7\u00e3o entre os respectivos \u00f3rg\u00e3os.<\/p>\n<p>O presidente do F\u00f3rum e do SINPROFAZ, Allan Titonelli, apresentou os problemas que afligem a Advocacia P\u00fablica Federal, com destaque para a necessidade da cria\u00e7\u00e3o de uma efetiva carreira de apoio, que d\u00ea mais celeridade e efici\u00eancia aos tr\u00e2mites operacionais.<\/p>\n<p>O grande quantitativo de processos por membros das carreiras da AGU, o que exige o provimento de todo o quadro efetivo de Advogados da Uni\u00e3o, Procuradores Federais, Procuradores da Fazenda Nacional e Procuradores do Banco Central, e a moderniza\u00e7\u00e3o das instala\u00e7\u00f5es e funcionalidades t\u00e9cnicas dos sistemas de inform\u00e1tica tamb\u00e9m foram colocados em pauta.<\/p>\n<p>As principais bandeiras defendidas pelo F\u00f3rum, como o tratamento igualit\u00e1rio entre as fun\u00e7\u00f5es essenciais \u00e0 Justi\u00e7a e o recebimento de honor\u00e1rios contaram com o apoio do vice-presidente da OAB de S\u00e3o Paulo.<\/p>\n<p>Marcos da Costa disse que \u201cos pleitos s\u00e3o republicanos, pois para que a Advocacia P\u00fablica continue atuando em defesa do Estado brasileiro \u00e9 necess\u00e1rio ter prerrogativas e condi\u00e7\u00f5es de trabalho dignas\u201d. Afirmou ainda que a OAB de S\u00e3o Paulo est\u00e1 aberta aos pleitos das carreiras.<\/p>\n<p>O presidente da Comiss\u00e3o da Advocacia P\u00fablica na Seccional, Jorge Eluf Neto, sugeriu a realiza\u00e7\u00e3o de um semin\u00e1rio para tratar dos temas debatidos na reuni\u00e3o, o que ser\u00e1 agendado em breve.<\/p>\n<p>Nas considera\u00e7\u00f5es finais, o presidente do F\u00f3rum e do SINPROFAZ, Allan Titonelli, reafirmou que \u201ca OAB e o F\u00f3rum objetivam contribuir para a defesa do Estado Democr\u00e1tico de Direito e da presta\u00e7\u00e3o jurisdicional c\u00e9lere e eficaz, fazendo, assim, valer a comando constitucional de que a Advocacia P\u00fablica e a Advocacia <em>stricto sensu<\/em> s\u00e3o Fun\u00e7\u00f5es Essenciais \u00e0 Justi\u00e7a.\u201d<\/p>\n<p style=\"text-align: center;\"><img loading=\"lazy\" decoding=\"async\" style=\"margin-right: 5px; border: 1px solid #000000; margin-top: 5px;\" alt=\"F\u00f3rum Nacional atua para abrir di\u00e1logo com OAB de S\u00e3o Paulo\" src=\"images\/noticias\/reuniao-forvm-oab-sp-02-2012\/reuniao-forvm-oab-sp-10-02-2012-01.jpg\" height=\"134\" width=\"200\" \/><img loading=\"lazy\" decoding=\"async\" style=\"margin-right: 5px; border: 1px solid #000000; margin-top: 5px;\" alt=\"F\u00f3rum Nacional atua para abrir di\u00e1logo com OAB de S\u00e3o Paulo\" src=\"images\/noticias\/reuniao-forvm-oab-sp-02-2012\/reuniao-forvm-oab-sp-10-02-2012-02.jpg.jpg\" height=\"134\" width=\"200\" \/><img loading=\"lazy\" decoding=\"async\" style=\"border: 1px solid #000000;\" alt=\"F\u00f3rum Nacional atua para abrir di\u00e1logo com OAB de S\u00e3o Paulo\" src=\"images\/noticias\/reuniao-forvm-oab-sp-02-2012\/reuniao-forvm-oab-sp-10-02-2012-03.jpg.jpg\" height=\"134\" width=\"200\" \/><\/p>\n<p style=\"text-align: center;\"><img loading=\"lazy\" decoding=\"async\" style=\"margin-right: 5px; border: 1px solid #000000;\" alt=\"F\u00f3rum Nacional atua para abrir di\u00e1logo com OAB de S\u00e3o Paulo\" src=\"images\/noticias\/reuniao-forvm-oab-sp-02-2012\/reuniao-forvm-oab-sp-10-02-2012-04.jpg.jpg\" height=\"134\" width=\"200\" \/><img loading=\"lazy\" decoding=\"async\" style=\"margin-right: 5px; border: 1px solid #000000;\" alt=\"F\u00f3rum Nacional atua para abrir di\u00e1logo com OAB de S\u00e3o Paulo\" src=\"images\/noticias\/reuniao-forvm-oab-sp-02-2012\/reuniao-forvm-oab-sp-10-02-2012-05.jpg.jpg\" height=\"134\" width=\"200\" \/><img loading=\"lazy\" decoding=\"async\" style=\"border: 1px solid #000000; margin-right: 5px; margin-top: 5px;\" alt=\"F\u00f3rum Nacional atua para abrir di\u00e1logo com OAB de S\u00e3o Paulo\" src=\"images\/noticias\/reuniao-forvm-oab-sp-02-2012\/reuniao-forvm-oab-sp-10-02-2012-06.jpg.jpg\" height=\"134\" width=\"200\" \/><\/p>\n<p style=\"text-align: center;\"><img loading=\"lazy\" decoding=\"async\" style=\"margin-right: 5px; border: 1px solid #000000; margin-top: 5px;\" alt=\"F\u00f3rum Nacional atua para abrir di\u00e1logo com OAB de S\u00e3o Paulo\" src=\"images\/noticias\/reuniao-forvm-oab-sp-02-2012\/reuniao-forvm-oab-sp-10-02-2012-07.jpg.jpg\" height=\"134\" width=\"200\" \/><img loading=\"lazy\" decoding=\"async\" style=\"border: 1px solid #000000; margin-right: 5px; margin-top: 5px;\" alt=\"F\u00f3rum Nacional atua para abrir di\u00e1logo com OAB de S\u00e3o Paulo\" src=\"images\/noticias\/reuniao-forvm-oab-sp-02-2012\/reuniao-forvm-oab-sp-10-02-2012-08.jpg.jpg\" height=\"134\" width=\"200\" \/><\/p>\n","protected":false},"excerpt":{"rendered":"<p>Presidente Allan Titonelli e diretora Regina Hirose representaram SINPROFAZ na reuni\u00e3o. Um dos objetivos do encontro foi apresentar as bandeiras da Advocacia P\u00fablica Federal.<\/p>\n","protected":false},"author":1,"featured_media":0,"comment_status":"closed","ping_status":"open","sticky":false,"template":"","format":"standard","meta":{"footnotes":""},"categories":[8],"tags":[],"featured_image_url":"https:\/\/dummyimage.com\/720x400","character_count":1141,"formatted_date":"13\/02\/2012 - 15:50","contentNovo":"\r\n<p>Os dirigentes do F\u00f3rum Nacional foram recebidos na sexta-feira, 10\/02, pelo vice-presidente da seccional, Marcos da Costa, e pelo presidente da Comiss\u00e3o da Advocacia P\u00fablica no Estado, Jorge Eluf Neto.<\/p>\r\n<p>Na oportunidade, o F\u00f3rum ratificou o prop\u00f3sito de aproxima\u00e7\u00e3o da Advocacia P\u00fablica Federal com a OAB em todas as suas proje\u00e7\u00f5es. Uma das pautas debatidas foi a abertura de um canal de di\u00e1logo entre a respectiva seccional e os representantes da Advocacia P\u00fablica Federal no Estado, para evitar qualquer ru\u00eddo na comunica\u00e7\u00e3o entre os respectivos \u00f3rg\u00e3os.<\/p>\r\n<p>O presidente do F\u00f3rum e do SINPROFAZ, Allan Titonelli, apresentou os problemas que afligem a Advocacia P\u00fablica Federal, com destaque para a necessidade da cria\u00e7\u00e3o de uma efetiva carreira de apoio, que d\u00ea mais celeridade e efici\u00eancia aos tr\u00e2mites operacionais.<\/p>\r\n<p>O grande quantitativo de processos por membros das carreiras da AGU, o que exige o provimento de todo o quadro efetivo de Advogados da Uni\u00e3o, Procuradores Federais, Procuradores da Fazenda Nacional e Procuradores do Banco Central, e a moderniza\u00e7\u00e3o das instala\u00e7\u00f5es e funcionalidades t\u00e9cnicas dos sistemas de inform\u00e1tica tamb\u00e9m foram colocados em pauta.<\/p>\r\n<p>As principais bandeiras defendidas pelo F\u00f3rum, como o tratamento igualit\u00e1rio entre as fun\u00e7\u00f5es essenciais \u00e0 Justi\u00e7a e o recebimento de honor\u00e1rios contaram com o apoio do vice-presidente da OAB de S\u00e3o Paulo.<\/p>\r\n<p>Marcos da Costa disse que \u201cos pleitos s\u00e3o republicanos, pois para que a Advocacia P\u00fablica continue atuando em defesa do Estado brasileiro \u00e9 necess\u00e1rio ter prerrogativas e condi\u00e7\u00f5es de trabalho dignas\u201d. Afirmou ainda que a OAB de S\u00e3o Paulo est\u00e1 aberta aos pleitos das carreiras.<\/p>\r\n<p>O presidente da Comiss\u00e3o da Advocacia P\u00fablica na Seccional, Jorge Eluf Neto, sugeriu a realiza\u00e7\u00e3o de um semin\u00e1rio para tratar dos temas debatidos na reuni\u00e3o, o que ser\u00e1 agendado em breve.<\/p>\r\n<p>Nas considera\u00e7\u00f5es finais, o presidente do F\u00f3rum e do SINPROFAZ, Allan Titonelli, reafirmou que \u201ca OAB e o F\u00f3rum objetivam contribuir para a defesa do Estado Democr\u00e1tico de Direito e da presta\u00e7\u00e3o jurisdicional c\u00e9lere e eficaz, fazendo, assim, valer a comando constitucional de que a Advocacia P\u00fablica e a Advocacia <em>stricto sensu<\/em> s\u00e3o Fun\u00e7\u00f5es Essenciais \u00e0 Justi\u00e7a.\u201d<\/p>\r\n<p style=\"text-align: center;\"><\/p>\r\n<p style=\"text-align: center;\"><\/p>\r\n<p style=\"text-align: center;\"><\/p>","_links":{"self":[{"href":"https:\/\/sinprofaz.org.br\/2024\/wp-json\/wp\/v2\/posts\/591"}],"collection":[{"href":"https:\/\/sinprofaz.org.br\/2024\/wp-json\/wp\/v2\/posts"}],"about":[{"href":"https:\/\/sinprofaz.org.br\/2024\/wp-json\/wp\/v2\/types\/post"}],"author":[{"embeddable":true,"href":"https:\/\/sinprofaz.org.br\/2024\/wp-json\/wp\/v2\/users\/1"}],"replies":[{"embeddable":true,"href":"https:\/\/sinprofaz.org.br\/2024\/wp-json\/wp\/v2\/comments?post=591"}],"version-history":[{"count":0,"href":"https:\/\/sinprofaz.org.br\/2024\/wp-json\/wp\/v2\/posts\/591\/revisions"}],"wp:attachment":[{"href":"https:\/\/sinprofaz.org.br\/2024\/wp-json\/wp\/v2\/media?parent=591"}],"wp:term":[{"taxonomy":"category","embeddable":true,"href":"https:\/\/sinprofaz.org.br\/2024\/wp-json\/wp\/v2\/categories?post=591"},{"taxonomy":"post_tag","embeddable":true,"href":"https:\/\/sinprofaz.org.br\/2024\/wp-json\/wp\/v2\/tags?post=591"}],"curies":[{"name":"wp","href":"https:\/\/api.w.org\/{rel}","templated":true}]}}