{"id":589,"date":"2012-02-13T11:12:06","date_gmt":"2012-02-13T11:12:06","guid":{"rendered":""},"modified":"2016-03-28T20:54:25","modified_gmt":"2016-03-28T20:54:25","slug":"mesa-redonda-reune-procuradores-e-advogados-para-falar-da-historia-e-tratar-do-futuro-da-agu","status":"publish","type":"post","link":"https:\/\/sinprofaz.org.br\/2024\/clipping\/mesa-redonda-reune-procuradores-e-advogados-para-falar-da-historia-e-tratar-do-futuro-da-agu\/","title":{"rendered":"Mesa redonda re\u00fane procuradores e advogados para falar da hist\u00f3ria e tratar do futuro da AGU"},"content":{"rendered":"<p class=\"intro\">Data da publica\u00e7\u00e3o: 10\/02\/2012<\/p>\n<p>A mesa redonda &#8220;Hist\u00f3ria da AGU nas perspectivas de suas unidades e \u00f3rg\u00e3os vinculados&#8221; celebrou hoje (10), em Bras\u00edlia, o anivers\u00e1rio de 19 anos da institui\u00e7\u00e3o. Em debate, as carreiras da AGU: advogado da Uni\u00e3o, procurador federal, procurador da Fazenda Nacional e procurador do Banco Central.<\/p>\n<p>Diversos membros da Advocacia-Geral participaram do encontro e das discuss\u00f5es. Entre eles, o Consultor-Geral da Uni\u00e3o, Arnaldo Godoy, que coordenou a mesa. Ao falar sobre a hist\u00f3ria da AGU, ele destacou que a trajet\u00f3ria profissional de muitos membros do \u00f3rg\u00e3o se confunde com a hist\u00f3ria da pr\u00f3pria institui\u00e7\u00e3o.<\/p>\n<p>A Procuradora Federal Maria Jovita Wolney Valente, tamb\u00e9m presente no debate, afirmou que a Advocacia-Geral &#8220;foi constru\u00edda com muita garra&#8221;, ao citar a Lei Complementar n\u00ba 73, de 10 de fevereiro de 1993, que criou a institui\u00e7\u00e3o.<\/p>\n<p>J\u00e1 o Procurador da Fazenda Nacional, Jos\u00e9 Diogo Cyrillo, ressaltou que ele e mais 120 procuradores da Fazenda foram direcionados para organizar o contencioso da AGU juntamente com servidores e assistentes jur\u00eddicos. Sobre os desafios da institui\u00e7\u00e3o para o futuro, ele acredita que o caminho \u00e9 &#8220;buscar a concilia\u00e7\u00e3o&#8221;.<\/p>\n<p>A Procuradora Regional da Uni\u00e3o da 1\u00aa Regi\u00e3o, Ana Lu\u00edsa Figueiredo de Carvalho, representando a Procuradoria-Geral da Uni\u00e3o (PGU), concorda e tamb\u00e9m chama aten\u00e7\u00e3o para a concilia\u00e7\u00e3o. Segundo ela, investir na atua\u00e7\u00e3o conciliat\u00f3ria como medida de redu\u00e7\u00e3o da litigiosidade \u00e9 uma das metas da PGU.<\/p>\n<p>O Procurador do Banco Central, Erasto Villa Verde de Carvalho Filho, tamb\u00e9m destacou a concilia\u00e7\u00e3o como uma vis\u00e3o de futuro da AGU. &#8220;A for\u00e7a da AGU vem da soma das quatro carreiras&#8221;, observou, afirmando que a Procuradoria-Geral do Banco Central \u00e9 a irm\u00e3o ca\u00e7ula de todas elas.<\/p>\n<h3>Lan\u00e7amento de livros<\/h3>\n<p>No evento que marcava tamb\u00e9m a abertura do ano letivo da Escola da AGU, cinco livros da &#8220;S\u00e9rie &#8211; Publica\u00e7\u00f5es da Escola da AGU&#8221; foram lan\u00e7ados. Eles re\u00fanem material especializado na atua\u00e7\u00e3o especifica das unidades da Advocacia-Geral, al\u00e9m de outros assuntos tratados exclusivamente pela institui\u00e7\u00e3o. Desde 2008, esses lan\u00e7amentos valorizam e divulgam o trabalho dos membros da AGU.<\/p>\n<h3>Conhe\u00e7a os t\u00edtulos da &#8220;S\u00e9rie &#8211; Publica\u00e7\u00f5es da Escola da AGU&#8221;<\/h3>\n<p>Debates em Direito da Concorr\u00eancia: A publica\u00e7\u00e3o trata da ordem do dia do Poder Judici\u00e1rio e do Conselho Administrativo de Defesa Econ\u00f4mica (Cade), como a pr\u00e1tica e a prova de cartel, a intera\u00e7\u00e3o entre regula\u00e7\u00e3o e concorr\u00eancia, os acordos de leni\u00eancia. Traz casos not\u00f3rios decididos pelo Cade envolvendo grandes empresas.<\/p>\n<p>Pro Diviso &#8211; Estudos da CONJUR\/MDA: Fala da complexidade do conjunto de a\u00e7\u00f5es final\u00edsticas que envolvem o Minist\u00e9rio do Desenvolvimento Agr\u00e1rio, acrescidas das respectivas interfaces das pol\u00edticas nacionais para mulheres, quilombolas e demais povos e comunidades tradicionais.<\/p>\n<p>Direito, Gest\u00e3o e Democracia: A obra apresenta uma colet\u00e2nea de artigos que discutem os temas do II Semin\u00e1rio de Direito e Gest\u00e3o, fruto da parceria da AGU com o Minist\u00e9rio do Planejamento, Or\u00e7amento e Gest\u00e3o.<\/p>\n<p>P\u00f3s-Gradua\u00e7\u00e3o em Direito P\u00fablico: Apresenta alguns dos trabalhos realizados no Curso de P\u00f3s-gradua\u00e7\u00e3o em Direito P\u00fablico em uma parceria da Escola da AGU com a Faculdade de Direito da Universidade de Bras\u00edlia.<\/p>\n<p><strong>B\u00e1rbara Nogueira<br \/>\nAssessoria de Comunica\u00e7\u00e3o da AGU<\/strong><\/p>\n","protected":false},"excerpt":{"rendered":"<p>Data da publica\u00e7\u00e3o: 10\/02\/2012 A mesa redonda &#8220;Hist\u00f3ria da AGU nas perspectivas de suas unidades e \u00f3rg\u00e3os vinculados&#8221; celebrou hoje (10), em Bras\u00edlia, o anivers\u00e1rio de 19 anos da institui\u00e7\u00e3o. Em debate, as carreiras da AGU: advogado da Uni\u00e3o, procurador federal, procurador da Fazenda Nacional e procurador do Banco Central. Diversos membros da Advocacia-Geral participaram&#8230;<\/p>\n","protected":false},"author":1,"featured_media":0,"comment_status":"closed","ping_status":"open","sticky":false,"template":"","format":"standard","meta":{"footnotes":""},"categories":[7],"tags":[],"featured_image_url":"https:\/\/dummyimage.com\/720x400","character_count":1745,"formatted_date":"13\/02\/2012 - 11:12","contentNovo":"<p class=\"intro\">Data da publica\u00e7\u00e3o: 10\/02\/2012<\/p>\r\nA mesa redonda \"Hist\u00f3ria da AGU nas perspectivas de suas unidades e \u00f3rg\u00e3os vinculados\" celebrou hoje (10), em Bras\u00edlia, o anivers\u00e1rio de 19 anos da institui\u00e7\u00e3o. Em debate, as carreiras da AGU: advogado da Uni\u00e3o, procurador federal, procurador da Fazenda Nacional e procurador do Banco Central.\r\n\r\nDiversos membros da Advocacia-Geral participaram do encontro e das discuss\u00f5es. Entre eles, o Consultor-Geral da Uni\u00e3o, Arnaldo Godoy, que coordenou a mesa. Ao falar sobre a hist\u00f3ria da AGU, ele destacou que a trajet\u00f3ria profissional de muitos membros do \u00f3rg\u00e3o se confunde com a hist\u00f3ria da pr\u00f3pria institui\u00e7\u00e3o.\r\n\r\nA Procuradora Federal Maria Jovita Wolney Valente, tamb\u00e9m presente no debate, afirmou que a Advocacia-Geral \"foi constru\u00edda com muita garra\", ao citar a Lei Complementar n\u00ba 73, de 10 de fevereiro de 1993, que criou a institui\u00e7\u00e3o.\r\n\r\nJ\u00e1 o Procurador da Fazenda Nacional, Jos\u00e9 Diogo Cyrillo, ressaltou que ele e mais 120 procuradores da Fazenda foram direcionados para organizar o contencioso da AGU juntamente com servidores e assistentes jur\u00eddicos. Sobre os desafios da institui\u00e7\u00e3o para o futuro, ele acredita que o caminho \u00e9 \"buscar a concilia\u00e7\u00e3o\".\r\n\r\nA Procuradora Regional da Uni\u00e3o da 1\u00aa Regi\u00e3o, Ana Lu\u00edsa Figueiredo de Carvalho, representando a Procuradoria-Geral da Uni\u00e3o (PGU), concorda e tamb\u00e9m chama aten\u00e7\u00e3o para a concilia\u00e7\u00e3o. Segundo ela, investir na atua\u00e7\u00e3o conciliat\u00f3ria como medida de redu\u00e7\u00e3o da litigiosidade \u00e9 uma das metas da PGU.\r\n\r\nO Procurador do Banco Central, Erasto Villa Verde de Carvalho Filho, tamb\u00e9m destacou a concilia\u00e7\u00e3o como uma vis\u00e3o de futuro da AGU. \"A for\u00e7a da AGU vem da soma das quatro carreiras\", observou, afirmando que a Procuradoria-Geral do Banco Central \u00e9 a irm\u00e3o ca\u00e7ula de todas elas.\r\nLan\u00e7amento de livros\r\nNo evento que marcava tamb\u00e9m a abertura do ano letivo da Escola da AGU, cinco livros da \"S\u00e9rie - Publica\u00e7\u00f5es da Escola da AGU\" foram lan\u00e7ados. Eles re\u00fanem material especializado na atua\u00e7\u00e3o especifica das unidades da Advocacia-Geral, al\u00e9m de outros assuntos tratados exclusivamente pela institui\u00e7\u00e3o. Desde 2008, esses lan\u00e7amentos valorizam e divulgam o trabalho dos membros da AGU.\r\nConhe\u00e7a os t\u00edtulos da \"S\u00e9rie - Publica\u00e7\u00f5es da Escola da AGU\"\r\nDebates em Direito da Concorr\u00eancia: A publica\u00e7\u00e3o trata da ordem do dia do Poder Judici\u00e1rio e do Conselho Administrativo de Defesa Econ\u00f4mica (Cade), como a pr\u00e1tica e a prova de cartel, a intera\u00e7\u00e3o entre regula\u00e7\u00e3o e concorr\u00eancia, os acordos de leni\u00eancia. Traz casos not\u00f3rios decididos pelo Cade envolvendo grandes empresas.\r\n\r\nPro Diviso - Estudos da CONJUR\/MDA: Fala da complexidade do conjunto de a\u00e7\u00f5es final\u00edsticas que envolvem o Minist\u00e9rio do Desenvolvimento Agr\u00e1rio, acrescidas das respectivas interfaces das pol\u00edticas nacionais para mulheres, quilombolas e demais povos e comunidades tradicionais.\r\n\r\nDireito, Gest\u00e3o e Democracia: A obra apresenta uma colet\u00e2nea de artigos que discutem os temas do II Semin\u00e1rio de Direito e Gest\u00e3o, fruto da parceria da AGU com o Minist\u00e9rio do Planejamento, Or\u00e7amento e Gest\u00e3o.\r\n\r\nP\u00f3s-Gradua\u00e7\u00e3o em Direito P\u00fablico: Apresenta alguns dos trabalhos realizados no Curso de P\u00f3s-gradua\u00e7\u00e3o em Direito P\u00fablico em uma parceria da Escola da AGU com a Faculdade de Direito da Universidade de Bras\u00edlia.\r\n\r\n<strong>B\u00e1rbara Nogueira\r\nAssessoria de Comunica\u00e7\u00e3o da AGU<\/strong>","_links":{"self":[{"href":"https:\/\/sinprofaz.org.br\/2024\/wp-json\/wp\/v2\/posts\/589"}],"collection":[{"href":"https:\/\/sinprofaz.org.br\/2024\/wp-json\/wp\/v2\/posts"}],"about":[{"href":"https:\/\/sinprofaz.org.br\/2024\/wp-json\/wp\/v2\/types\/post"}],"author":[{"embeddable":true,"href":"https:\/\/sinprofaz.org.br\/2024\/wp-json\/wp\/v2\/users\/1"}],"replies":[{"embeddable":true,"href":"https:\/\/sinprofaz.org.br\/2024\/wp-json\/wp\/v2\/comments?post=589"}],"version-history":[{"count":1,"href":"https:\/\/sinprofaz.org.br\/2024\/wp-json\/wp\/v2\/posts\/589\/revisions"}],"predecessor-version":[{"id":4104,"href":"https:\/\/sinprofaz.org.br\/2024\/wp-json\/wp\/v2\/posts\/589\/revisions\/4104"}],"wp:attachment":[{"href":"https:\/\/sinprofaz.org.br\/2024\/wp-json\/wp\/v2\/media?parent=589"}],"wp:term":[{"taxonomy":"category","embeddable":true,"href":"https:\/\/sinprofaz.org.br\/2024\/wp-json\/wp\/v2\/categories?post=589"},{"taxonomy":"post_tag","embeddable":true,"href":"https:\/\/sinprofaz.org.br\/2024\/wp-json\/wp\/v2\/tags?post=589"}],"curies":[{"name":"wp","href":"https:\/\/api.w.org\/{rel}","templated":true}]}}