{"id":5865,"date":"2016-09-15T19:43:55","date_gmt":"2016-09-15T19:43:55","guid":{"rendered":"http:\/\/www.sinprofaz.org.br\/?p=5865"},"modified":"2016-09-16T18:11:57","modified_gmt":"2016-09-16T18:11:57","slug":"pfns-vao-palestrar-em-3o-congresso-goiano-de-direito-tributario","status":"publish","type":"post","link":"https:\/\/sinprofaz.org.br\/2024\/noticias\/pfns-vao-palestrar-em-3o-congresso-goiano-de-direito-tributario\/","title":{"rendered":"PFNS V\u00c3O PALESTRAR EM 3\u00ba CONGRESSO GOIANO DE DIREITO TRIBUT\u00c1RIO"},"content":{"rendered":"<p>Os Procuradores da Fazenda Nacional Elmo Jos\u00e9 Duarte de Almeida J\u00fanior e Waller Chaves da Costa ser\u00e3o palestrantes no 3\u00ba Congresso Goiano de Direito Tribut\u00e1rio. O evento ocorre nos dias 6 e 7 de outubro, no Sal\u00e3o Nobre da Faculdade de Direito da Universidade Federal de Goi\u00e1s.<\/p>\n<p>Abrindo o painel \u201cReparti\u00e7\u00e3o das compet\u00eancias tribut\u00e1rias na Federa\u00e7\u00e3o e o com\u00e9rcio exterior como instrumento de desenvolvimento econ\u00f4mico\u201d, o Procurador Elmo Duarte abordar\u00e1 aspectos da reparti\u00e7\u00e3o constitucional de compet\u00eancias tribut\u00e1rias e a rela\u00e7\u00e3o com o desenvolvimento socioecon\u00f4mico. Waller Chaves, atual Procurador-Chefe da PFN\/GO, far\u00e1 o encerramento do painel \u201cTributa\u00e7\u00e3o, pol\u00edticas p\u00fablicas e justi\u00e7a social\u201d, no qual se dedicar\u00e1 a expor sobre a cobran\u00e7a do cr\u00e9dito p\u00fablico, partindo da g\u00eanese e supera\u00e7\u00e3o do modelo de execu\u00e7\u00e3o fiscal at\u00e9 chegar a exemplos que comp\u00f5em a experi\u00eancia recente da PGFN.<\/p>\n<p>Al\u00e9m de contar com palestras de Ju\u00edzes Federais, Auditores da Receita Federal, Procuradores do Estado de Goi\u00e1s, Conselheiros do CARF e do Tribunal de Contas do Estado de Goi\u00e1s, a abertura e encerramento do Congresso ser\u00e3o realizadas, respectivamente, pelos doutores Lu\u00eds Eduardo Schoueri e Paulo Ayres Barreto, ambos professores da Universidade de S\u00e3o Paulo.<\/p>\n<p>O evento \u00e9 promovido pela Escola Superior da Magistratura do Estado de Goi\u00e1s (ESMEG), em parceria com o N\u00facleo de Pesquisas em Direito do Estado (NUPEDE) da Universidade Federal de Goi\u00e1s. Programa\u00e7\u00e3o e inscri\u00e7\u00f5es em <a href=\"https:\/\/goo.gl\/8f6SZy\" target=\"_blank\">https:\/\/goo.gl\/8f6SZy<\/a>.<\/p>\n","protected":false},"excerpt":{"rendered":"<p>O evento ocorre em outubro, na Faculdade de Direito da UFG, e \u00e9 promovido pela Escola Superior da Magistratura do Estado de Goi\u00e1s e pelo N\u00facleo de Pesquisas em Direito do Estado da Universidade Federal de Goi\u00e1s.<\/p>\n","protected":false},"author":2,"featured_media":5866,"comment_status":"open","ping_status":"open","sticky":false,"template":"","format":"standard","meta":{"footnotes":""},"categories":[8],"tags":[32,25],"featured_image_url":"https:\/\/sinprofaz.org.br\/2024\/wp-content\/uploads\/2016\/09\/017-800x198.jpg","character_count":775,"formatted_date":"15\/09\/2016 - 19:43","contentNovo":"<p>Os Procuradores da Fazenda Nacional Elmo Jos\u00e9 Duarte de Almeida J\u00fanior e Waller Chaves da Costa ser\u00e3o palestrantes no 3\u00ba Congresso Goiano de Direito Tribut\u00e1rio. O evento ocorre nos dias 6 e 7 de outubro, no Sal\u00e3o Nobre da Faculdade de Direito da Universidade Federal de Goi\u00e1s.<\/p><p>Abrindo o painel \u201cReparti\u00e7\u00e3o das compet\u00eancias tribut\u00e1rias na Federa\u00e7\u00e3o e o com\u00e9rcio exterior como instrumento de desenvolvimento econ\u00f4mico\u201d, o Procurador Elmo Duarte abordar\u00e1 aspectos da reparti\u00e7\u00e3o constitucional de compet\u00eancias tribut\u00e1rias e a rela\u00e7\u00e3o com o desenvolvimento socioecon\u00f4mico. Waller Chaves, atual Procurador-Chefe da PFN\/GO, far\u00e1 o encerramento do painel \u201cTributa\u00e7\u00e3o, pol\u00edticas p\u00fablicas e justi\u00e7a social\u201d, no qual se dedicar\u00e1 a expor sobre a cobran\u00e7a do cr\u00e9dito p\u00fablico, partindo da g\u00eanese e supera\u00e7\u00e3o do modelo de execu\u00e7\u00e3o fiscal at\u00e9 chegar a exemplos que comp\u00f5em a experi\u00eancia recente da PGFN.<\/p><p>Al\u00e9m de contar com palestras de Ju\u00edzes Federais, Auditores da Receita Federal, Procuradores do Estado de Goi\u00e1s, Conselheiros do CARF e do Tribunal de Contas do Estado de Goi\u00e1s, a abertura e encerramento do Congresso ser\u00e3o realizadas, respectivamente, pelos doutores Lu\u00eds Eduardo Schoueri e Paulo Ayres Barreto, ambos professores da Universidade de S\u00e3o Paulo.<\/p><p>O evento \u00e9 promovido pela Escola Superior da Magistratura do Estado de Goi\u00e1s (ESMEG), em parceria com o N\u00facleo de Pesquisas em Direito do Estado (NUPEDE) da Universidade Federal de Goi\u00e1s. Programa\u00e7\u00e3o e inscri\u00e7\u00f5es em <a href=\"https:\/\/goo.gl\/8f6SZy\" target=\"_blank\">https:\/\/goo.gl\/8f6SZy<\/a>.<\/p>","_links":{"self":[{"href":"https:\/\/sinprofaz.org.br\/2024\/wp-json\/wp\/v2\/posts\/5865"}],"collection":[{"href":"https:\/\/sinprofaz.org.br\/2024\/wp-json\/wp\/v2\/posts"}],"about":[{"href":"https:\/\/sinprofaz.org.br\/2024\/wp-json\/wp\/v2\/types\/post"}],"author":[{"embeddable":true,"href":"https:\/\/sinprofaz.org.br\/2024\/wp-json\/wp\/v2\/users\/2"}],"replies":[{"embeddable":true,"href":"https:\/\/sinprofaz.org.br\/2024\/wp-json\/wp\/v2\/comments?post=5865"}],"version-history":[{"count":1,"href":"https:\/\/sinprofaz.org.br\/2024\/wp-json\/wp\/v2\/posts\/5865\/revisions"}],"predecessor-version":[{"id":5867,"href":"https:\/\/sinprofaz.org.br\/2024\/wp-json\/wp\/v2\/posts\/5865\/revisions\/5867"}],"wp:featuredmedia":[{"embeddable":true,"href":"https:\/\/sinprofaz.org.br\/2024\/wp-json\/wp\/v2\/media\/5866"}],"wp:attachment":[{"href":"https:\/\/sinprofaz.org.br\/2024\/wp-json\/wp\/v2\/media?parent=5865"}],"wp:term":[{"taxonomy":"category","embeddable":true,"href":"https:\/\/sinprofaz.org.br\/2024\/wp-json\/wp\/v2\/categories?post=5865"},{"taxonomy":"post_tag","embeddable":true,"href":"https:\/\/sinprofaz.org.br\/2024\/wp-json\/wp\/v2\/tags?post=5865"}],"curies":[{"name":"wp","href":"https:\/\/api.w.org\/{rel}","templated":true}]}}