{"id":5831,"date":"2016-09-06T17:15:23","date_gmt":"2016-09-06T17:15:23","guid":{"rendered":"http:\/\/www.sinprofaz.org.br\/?p=5831"},"modified":"2016-09-06T17:19:06","modified_gmt":"2016-09-06T17:19:06","slug":"encontro-academico-reune-membros-da-agu-no-rio-de-janeiro","status":"publish","type":"post","link":"https:\/\/sinprofaz.org.br\/2024\/noticias\/encontro-academico-reune-membros-da-agu-no-rio-de-janeiro\/","title":{"rendered":"ENCONTRO ACAD\u00caMICO RE\u00daNE MEMBROS DA AGU NO RIO DE JANEIRO"},"content":{"rendered":"<p>Associados do SINPROFAZ e membros da Advocacia P\u00fablica Federal participaram, nessa segunda-feira (5), do Encontro Acad\u00eamico de Membros da AGU. O evento foi organizado pela Procuradora da Fazenda Nacional Jacqueline Carneiro e contou com a presen\u00e7a do Diretor Cultural e de Eventos do Sindicato, S\u00e9rgio Carneiro, e da Diretora de Assuntos Intersindicais do SINPROFAZ, Val\u00e9ria Ferreira.<\/p>\n<p>O Sal\u00e3o Nobre do Pal\u00e1cio da Fazenda, no centro do Rio de Janeiro, sediou o Encontro, que contou com a presen\u00e7a tamb\u00e9m do Professor Adilson Pires. Na ocasi\u00e3o, Pires, que preside a Comiss\u00e3o de Direito Tribut\u00e1rio do Instituto dos Advogados Brasileiros &#8211; IAB, ministrou palestra sobre Reforma Tribut\u00e1ria.<\/p>\n<p>Durante o Encontro, foi realizado o lan\u00e7amento de obras de autoria de colegas Procuradores da Fazenda Nacional. Foi lan\u00e7ada ainda a nova edi\u00e7\u00e3o do Manual do Contribuinte. Exemplares dos livros expostos ao longo do evento e do Manual ser\u00e3o enviados para conhecimento de parlamentares.<\/p>\n\n\t\t<style type=\"text\/css\">\n\t\t\t#gallery-1 {\n\t\t\t\tmargin: auto;\n\t\t\t}\n\t\t\t#gallery-1 .gallery-item {\n\t\t\t\tfloat: left;\n\t\t\t\tmargin-top: 10px;\n\t\t\t\ttext-align: center;\n\t\t\t\twidth: 33%;\n\t\t\t}\n\t\t\t#gallery-1 img {\n\t\t\t\tborder: 2px solid #cfcfcf;\n\t\t\t}\n\t\t\t#gallery-1 .gallery-caption {\n\t\t\t\tmargin-left: 0;\n\t\t\t}\n\t\t\t\/* see gallery_shortcode() in wp-includes\/media.php *\/\n\t\t<\/style>\n\t\t<div id='gallery-1' class='gallery galleryid-5831 gallery-columns-3 gallery-size-thumbnail'><dl class='gallery-item'>\n\t\t\t<dt class='gallery-icon landscape'>\n\t\t\t\t<a href='https:\/\/sinprofaz.org.br\/2024\/wp-content\/uploads\/2016\/09\/023.jpg'><img loading=\"lazy\" decoding=\"async\" width=\"150\" height=\"150\" src=\"https:\/\/sinprofaz.org.br\/2024\/wp-content\/uploads\/2016\/09\/023-150x150.jpg\" class=\"attachment-thumbnail size-thumbnail\" alt=\"\" \/><\/a>\n\t\t\t<\/dt><\/dl>\n\t\t\t<br style='clear: both' \/>\n\t\t<\/div>\n\n","protected":false},"excerpt":{"rendered":"<p>Associados do SINPROFAZ e membros da Advocacia P\u00fablica Federal participaram, nessa segunda-feira (5), do Encontro Acad\u00eamico de Membros da AGU. O Sal\u00e3o Nobre do Pal\u00e1cio da Fazenda, no centro do Rio de Janeiro, sediou o evento.<\/p>\n","protected":false},"author":2,"featured_media":5832,"comment_status":"open","ping_status":"open","sticky":false,"template":"","format":"standard","meta":{"footnotes":""},"categories":[8],"tags":[32,29],"featured_image_url":"https:\/\/sinprofaz.org.br\/2024\/wp-content\/uploads\/2016\/09\/013-800x198.jpg","character_count":675,"formatted_date":"06\/09\/2016 - 17:15","contentNovo":"<p>Associados do SINPROFAZ e membros da Advocacia P\u00fablica Federal participaram, nessa segunda-feira (5), do Encontro Acad\u00eamico de Membros da AGU. O evento foi organizado pela Procuradora da Fazenda Nacional Jacqueline Carneiro e contou com a presen\u00e7a do Diretor Cultural e de Eventos do Sindicato, S\u00e9rgio Carneiro, e da Diretora de Assuntos Intersindicais do SINPROFAZ, Val\u00e9ria Ferreira.<\/p><p>O Sal\u00e3o Nobre do Pal\u00e1cio da Fazenda, no centro do Rio de Janeiro, sediou o Encontro, que contou com a presen\u00e7a tamb\u00e9m do Professor Adilson Pires. Na ocasi\u00e3o, Pires, que preside a Comiss\u00e3o de Direito Tribut\u00e1rio do Instituto dos Advogados Brasileiros - IAB, ministrou palestra sobre Reforma Tribut\u00e1ria.<\/p><p>Durante o Encontro, foi realizado o lan\u00e7amento de obras de autoria de colegas Procuradores da Fazenda Nacional. Foi lan\u00e7ada ainda a nova edi\u00e7\u00e3o do Manual do Contribuinte. Exemplares dos livros expostos ao longo do evento e do Manual ser\u00e3o enviados para conhecimento de parlamentares.<\/p>[gallery link=\"file\" ids=\"5833\"]","_links":{"self":[{"href":"https:\/\/sinprofaz.org.br\/2024\/wp-json\/wp\/v2\/posts\/5831"}],"collection":[{"href":"https:\/\/sinprofaz.org.br\/2024\/wp-json\/wp\/v2\/posts"}],"about":[{"href":"https:\/\/sinprofaz.org.br\/2024\/wp-json\/wp\/v2\/types\/post"}],"author":[{"embeddable":true,"href":"https:\/\/sinprofaz.org.br\/2024\/wp-json\/wp\/v2\/users\/2"}],"replies":[{"embeddable":true,"href":"https:\/\/sinprofaz.org.br\/2024\/wp-json\/wp\/v2\/comments?post=5831"}],"version-history":[{"count":1,"href":"https:\/\/sinprofaz.org.br\/2024\/wp-json\/wp\/v2\/posts\/5831\/revisions"}],"predecessor-version":[{"id":5834,"href":"https:\/\/sinprofaz.org.br\/2024\/wp-json\/wp\/v2\/posts\/5831\/revisions\/5834"}],"wp:featuredmedia":[{"embeddable":true,"href":"https:\/\/sinprofaz.org.br\/2024\/wp-json\/wp\/v2\/media\/5832"}],"wp:attachment":[{"href":"https:\/\/sinprofaz.org.br\/2024\/wp-json\/wp\/v2\/media?parent=5831"}],"wp:term":[{"taxonomy":"category","embeddable":true,"href":"https:\/\/sinprofaz.org.br\/2024\/wp-json\/wp\/v2\/categories?post=5831"},{"taxonomy":"post_tag","embeddable":true,"href":"https:\/\/sinprofaz.org.br\/2024\/wp-json\/wp\/v2\/tags?post=5831"}],"curies":[{"name":"wp","href":"https:\/\/api.w.org\/{rel}","templated":true}]}}