{"id":582,"date":"2012-02-10T12:41:40","date_gmt":"2012-02-10T12:41:40","guid":{"rendered":""},"modified":"-0001-11-30T00:00:00","modified_gmt":"-0001-11-30T03:00:00","slug":"atuacao-do-forum-nacional-no-congresso-e-executivo","status":"publish","type":"post","link":"https:\/\/sinprofaz.org.br\/2024\/noticias\/atuacao-do-forum-nacional-no-congresso-e-executivo\/","title":{"rendered":"Atua\u00e7\u00e3o do F\u00f3rum Nacional no Congresso e Executivo"},"content":{"rendered":"<p><img loading=\"lazy\" decoding=\"async\" style=\"border: 1px solid #000000; margin-right: 10px; float: left;\" alt=\"brasilia-20120207-00105\" src=\"images\/noticias\/atuacao-do-forum-nacional-no-congresso-e-executivo\/brasilia-20120207-00105.jpg\" height=\"154\" width=\"218\" \/>A tramita\u00e7\u00e3o das Propostas de Emenda \u00e0 Constitui\u00e7\u00e3o que tratam da reforma da Advocacia P\u00fablica Federal (PECs 443 e 452, ambas de 2009) tamb\u00e9m foi objeto de debate na reuni\u00e3o.<\/p>\n<p>De acordo com o assessor, o momento \u00e9 oportuno para a retomada das agendas de atua\u00e7\u00f5es reivindicat\u00f3rias, n\u00e3o obstante a postura intransigente do Governo frente ao leg\u00edtimo direito de equidade salarial entre as carreiras que comp\u00f5em as fun\u00e7\u00f5es essenciais \u00e0 Justi\u00e7a.<\/p>\n<p>No Congresso, que reiniciou suas atividades em 3 de fevereiro, a meta \u00e9 confirmar encontros com lideran\u00e7as parlamentares comprometidas com as causas da Advocacia P\u00fablica Federal. No Executivo, ser\u00e3o priorit\u00e1rias atua\u00e7\u00f5es junto a AGU, fortalecendo pautas encaminhadas em 2011.<\/p>\n<p>O presidente do F\u00f3rum e do SINPROFAZ, Allan Titonelli, asseverou que \u201c\u00e9 fundamental que as estrat\u00e9gias sejam planejadas conjuntamente antes da tomada de decis\u00e3o. O F\u00f3rum tem pautado sua atua\u00e7\u00e3o no di\u00e1logo e unidade das opini\u00f5es e manifesta\u00e7\u00f5es de seus dirigentes. Somente assim poderemos continuar construindo um futuro melhor para a Advocacia P\u00fablica Federal.\u201d Com informa\u00e7\u00f5es da Assessoria de Comunica\u00e7\u00e3o do F\u00f3rum Nacional.<\/p>\n<p>&nbsp;<\/p>\n","protected":false},"excerpt":{"rendered":"<p>Em reuni\u00e3o com o assessor parlamentar Ant\u00f4nio Augusto de Queiroz, dirigentes do F\u00f3rum debateram estrat\u00e9gias para avan\u00e7ar no debate da pauta remunerat\u00f3ria.<\/p>\n","protected":false},"author":1,"featured_media":0,"comment_status":"closed","ping_status":"open","sticky":false,"template":"","format":"standard","meta":{"footnotes":""},"categories":[8],"tags":[],"featured_image_url":"https:\/\/dummyimage.com\/720x400","character_count":598,"formatted_date":"10\/02\/2012 - 12:41","contentNovo":"\r\n<p>A tramita\u00e7\u00e3o das Propostas de Emenda \u00e0 Constitui\u00e7\u00e3o que tratam da reforma da Advocacia P\u00fablica Federal (PECs 443 e 452, ambas de 2009) tamb\u00e9m foi objeto de debate na reuni\u00e3o.<\/p>\r\n<p>De acordo com o assessor, o momento \u00e9 oportuno para a retomada das agendas de atua\u00e7\u00f5es reivindicat\u00f3rias, n\u00e3o obstante a postura intransigente do Governo frente ao leg\u00edtimo direito de equidade salarial entre as carreiras que comp\u00f5em as fun\u00e7\u00f5es essenciais \u00e0 Justi\u00e7a.<\/p>\r\n<p>No Congresso, que reiniciou suas atividades em 3 de fevereiro, a meta \u00e9 confirmar encontros com lideran\u00e7as parlamentares comprometidas com as causas da Advocacia P\u00fablica Federal. No Executivo, ser\u00e3o priorit\u00e1rias atua\u00e7\u00f5es junto a AGU, fortalecendo pautas encaminhadas em 2011.<\/p>\r\n<p>O presidente do F\u00f3rum e do SINPROFAZ, Allan Titonelli, asseverou que \u201c\u00e9 fundamental que as estrat\u00e9gias sejam planejadas conjuntamente antes da tomada de decis\u00e3o. O F\u00f3rum tem pautado sua atua\u00e7\u00e3o no di\u00e1logo e unidade das opini\u00f5es e manifesta\u00e7\u00f5es de seus dirigentes. Somente assim poderemos continuar construindo um futuro melhor para a Advocacia P\u00fablica Federal.\u201d Com informa\u00e7\u00f5es da Assessoria de Comunica\u00e7\u00e3o do F\u00f3rum Nacional.<\/p>\r\n<p>&nbsp;<\/p>","_links":{"self":[{"href":"https:\/\/sinprofaz.org.br\/2024\/wp-json\/wp\/v2\/posts\/582"}],"collection":[{"href":"https:\/\/sinprofaz.org.br\/2024\/wp-json\/wp\/v2\/posts"}],"about":[{"href":"https:\/\/sinprofaz.org.br\/2024\/wp-json\/wp\/v2\/types\/post"}],"author":[{"embeddable":true,"href":"https:\/\/sinprofaz.org.br\/2024\/wp-json\/wp\/v2\/users\/1"}],"replies":[{"embeddable":true,"href":"https:\/\/sinprofaz.org.br\/2024\/wp-json\/wp\/v2\/comments?post=582"}],"version-history":[{"count":0,"href":"https:\/\/sinprofaz.org.br\/2024\/wp-json\/wp\/v2\/posts\/582\/revisions"}],"wp:attachment":[{"href":"https:\/\/sinprofaz.org.br\/2024\/wp-json\/wp\/v2\/media?parent=582"}],"wp:term":[{"taxonomy":"category","embeddable":true,"href":"https:\/\/sinprofaz.org.br\/2024\/wp-json\/wp\/v2\/categories?post=582"},{"taxonomy":"post_tag","embeddable":true,"href":"https:\/\/sinprofaz.org.br\/2024\/wp-json\/wp\/v2\/tags?post=582"}],"curies":[{"name":"wp","href":"https:\/\/api.w.org\/{rel}","templated":true}]}}