{"id":5805,"date":"2016-09-01T11:24:30","date_gmt":"2016-09-01T11:24:30","guid":{"rendered":"http:\/\/www.sinprofaz.org.br\/?p=5805"},"modified":"2016-09-01T11:36:50","modified_gmt":"2016-09-01T11:36:50","slug":"eleito-conselho-curador-dos-honorarios-advocaticios","status":"publish","type":"post","link":"https:\/\/sinprofaz.org.br\/2024\/noticias\/eleito-conselho-curador-dos-honorarios-advocaticios\/","title":{"rendered":"ELEITO CONSELHO CURADOR DOS HONOR\u00c1RIOS ADVOCAT\u00cdCIOS"},"content":{"rendered":"<p>A Advocacia-Geral da Uni\u00e3o divulgou nessa quarta-feira (31) o nome dos integrantes escolhidos em elei\u00e7\u00e3o para o Conselho Curador dos Honor\u00e1rios Advocat\u00edcios (CCHA). O SINPROFAZ, representado pelo presidente Achilles Frias, acompanhou a divulga\u00e7\u00e3o do resultado.<\/p>\n<p>Com 449 votos de 1102 registrados, a chapa formada por Rog\u00e9rio Campos e Alfeu Gomes dos Santos, respectivamente titular e suplente, foi declarada vencedora e ir\u00e1 representar a Carreira de Procurador da Fazenda Nacional no Conselho. A chapa formada por S\u00e9rgio Lolata e Andr\u00e9 Campello obteve 428 votos e a de Walter Junior e Aldem\u00e1rio Ara\u00fajo, 225.<\/p>\n<p>A cria\u00e7\u00e3o do CCHA est\u00e1 prevista na Lei 13.327\/2016, que regulamenta o pagamento de honor\u00e1rios sucumbenciais aos membros da AGU. O Conselho tem entre as atribui\u00e7\u00f5es editar normas para operacionalizar a distribui\u00e7\u00e3o do cr\u00e9dito, fiscalizar a distribui\u00e7\u00e3o e acompanhar a regularidade do pagamento do valores arrecadados.<\/p>\n","protected":false},"excerpt":{"rendered":"<p>A Advocacia-Geral da Uni\u00e3o divulgou o nome dos integrantes escolhidos em elei\u00e7\u00e3o para o Conselho Curador dos Honor\u00e1rios Advocat\u00edcios (CCHA). O SINPROFAZ, representado pelo presidente Achilles Frias, acompanhou a divulga\u00e7\u00e3o do resultado.<\/p>\n","protected":false},"author":2,"featured_media":2893,"comment_status":"open","ping_status":"open","sticky":false,"template":"","format":"standard","meta":{"footnotes":""},"categories":[8],"tags":[43,32],"featured_image_url":"https:\/\/sinprofaz.org.br\/2024\/wp-content\/uploads\/2015\/11\/logo-agu.jpg","character_count":474,"formatted_date":"01\/09\/2016 - 11:24","contentNovo":"<p>A Advocacia-Geral da Uni\u00e3o divulgou nessa quarta-feira (31) o nome dos integrantes escolhidos em elei\u00e7\u00e3o para o Conselho Curador dos Honor\u00e1rios Advocat\u00edcios (CCHA). O SINPROFAZ, representado pelo presidente Achilles Frias, acompanhou a divulga\u00e7\u00e3o do resultado.<\/p><p>Com 449 votos de 1102 registrados, a chapa formada por Rog\u00e9rio Campos e Alfeu Gomes dos Santos, respectivamente titular e suplente, foi declarada vencedora e ir\u00e1 representar a Carreira de Procurador da Fazenda Nacional no Conselho. A chapa formada por S\u00e9rgio Lolata e Andr\u00e9 Campello obteve 428 votos e a de Walter Junior e Aldem\u00e1rio Ara\u00fajo, 225.<\/p><p>A cria\u00e7\u00e3o do CCHA est\u00e1 prevista na Lei 13.327\/2016, que regulamenta o pagamento de honor\u00e1rios sucumbenciais aos membros da AGU. O Conselho tem entre as atribui\u00e7\u00f5es editar normas para operacionalizar a distribui\u00e7\u00e3o do cr\u00e9dito, fiscalizar a distribui\u00e7\u00e3o e acompanhar a regularidade do pagamento do valores arrecadados.<\/p>\r\n","_links":{"self":[{"href":"https:\/\/sinprofaz.org.br\/2024\/wp-json\/wp\/v2\/posts\/5805"}],"collection":[{"href":"https:\/\/sinprofaz.org.br\/2024\/wp-json\/wp\/v2\/posts"}],"about":[{"href":"https:\/\/sinprofaz.org.br\/2024\/wp-json\/wp\/v2\/types\/post"}],"author":[{"embeddable":true,"href":"https:\/\/sinprofaz.org.br\/2024\/wp-json\/wp\/v2\/users\/2"}],"replies":[{"embeddable":true,"href":"https:\/\/sinprofaz.org.br\/2024\/wp-json\/wp\/v2\/comments?post=5805"}],"version-history":[{"count":2,"href":"https:\/\/sinprofaz.org.br\/2024\/wp-json\/wp\/v2\/posts\/5805\/revisions"}],"predecessor-version":[{"id":5807,"href":"https:\/\/sinprofaz.org.br\/2024\/wp-json\/wp\/v2\/posts\/5805\/revisions\/5807"}],"wp:featuredmedia":[{"embeddable":true,"href":"https:\/\/sinprofaz.org.br\/2024\/wp-json\/wp\/v2\/media\/2893"}],"wp:attachment":[{"href":"https:\/\/sinprofaz.org.br\/2024\/wp-json\/wp\/v2\/media?parent=5805"}],"wp:term":[{"taxonomy":"category","embeddable":true,"href":"https:\/\/sinprofaz.org.br\/2024\/wp-json\/wp\/v2\/categories?post=5805"},{"taxonomy":"post_tag","embeddable":true,"href":"https:\/\/sinprofaz.org.br\/2024\/wp-json\/wp\/v2\/tags?post=5805"}],"curies":[{"name":"wp","href":"https:\/\/api.w.org\/{rel}","templated":true}]}}