{"id":5801,"date":"2016-08-31T18:22:02","date_gmt":"2016-08-31T18:22:02","guid":{"rendered":"http:\/\/www.sinprofaz.org.br\/?p=5801"},"modified":"2016-09-01T11:24:53","modified_gmt":"2016-09-01T11:24:53","slug":"sinprofaz-leva-a-oab-pleitos-da-advocacia-publica-federal","status":"publish","type":"post","link":"https:\/\/sinprofaz.org.br\/2024\/noticias\/sinprofaz-leva-a-oab-pleitos-da-advocacia-publica-federal\/","title":{"rendered":"SINPROFAZ LEVA \u00c0 OAB PLEITOS DA ADVOCACIA P\u00daBLICA FEDERAL"},"content":{"rendered":"<p>O SINPROFAZ, representado pelo presidente Achilles Frias, compareceu nessa ter\u00e7a-feira (30) \u00e0 reuni\u00e3o do Conselho Federal da Ordem dos Advogados do Brasil &#8211; OAB. A sess\u00e3o ocorreu na sede do Conselho, em Bras\u00edlia.<\/p>\n<p>Ao longo da tarde, Achilles Frias conversou com v\u00e1rios conselheiros federais e presidentes de seccionais sobre os pleitos da Advocacia P\u00fablica Federal. Ao defender as quest\u00f5es de interesse da Carreira, o presidente do SINPROFAZ contou com o apoio dos conselheiros e respaldo do presidente do Conselho Federal, Claudio Lamachia. A conselheira Cl\u00e9a Carpi e o Diretor Tesoureiro do Conselho, Antonio Oneildo Ferreira, tamb\u00e9m manifestaram apoio ao Sindicato.<\/p>\n","protected":false},"excerpt":{"rendered":"<p>O SINPROFAZ, representado pelo presidente Achilles Frias, compareceu nessa ter\u00e7a-feira (30) \u00e0 reuni\u00e3o do Conselho Federal da OAB. Ao longo da tarde, Achilles Frias conversou com v\u00e1rios conselheiros sobre os pleitos da Advocacia P\u00fablica Federal. <\/p>\n","protected":false},"author":2,"featured_media":5802,"comment_status":"open","ping_status":"open","sticky":false,"template":"","format":"standard","meta":{"footnotes":""},"categories":[8],"tags":[66,32,22],"featured_image_url":"https:\/\/sinprofaz.org.br\/2024\/wp-content\/uploads\/2016\/08\/019-800x198.jpg","character_count":342,"formatted_date":"31\/08\/2016 - 18:22","contentNovo":"<p>O SINPROFAZ, representado pelo presidente Achilles Frias, compareceu nessa ter\u00e7a-feira (30) \u00e0 reuni\u00e3o do Conselho Federal da Ordem dos Advogados do Brasil - OAB. A sess\u00e3o ocorreu na sede do Conselho, em Bras\u00edlia.<\/p><p>Ao longo da tarde, Achilles Frias conversou com v\u00e1rios conselheiros federais e presidentes de seccionais sobre os pleitos da Advocacia P\u00fablica Federal. Ao defender as quest\u00f5es de interesse da Carreira, o presidente do SINPROFAZ contou com o apoio dos conselheiros e respaldo do presidente do Conselho Federal, Claudio Lamachia. A conselheira Cl\u00e9a Carpi e o Diretor Tesoureiro do Conselho, Antonio Oneildo Ferreira, tamb\u00e9m manifestaram apoio ao Sindicato.<\/p>\r\n","_links":{"self":[{"href":"https:\/\/sinprofaz.org.br\/2024\/wp-json\/wp\/v2\/posts\/5801"}],"collection":[{"href":"https:\/\/sinprofaz.org.br\/2024\/wp-json\/wp\/v2\/posts"}],"about":[{"href":"https:\/\/sinprofaz.org.br\/2024\/wp-json\/wp\/v2\/types\/post"}],"author":[{"embeddable":true,"href":"https:\/\/sinprofaz.org.br\/2024\/wp-json\/wp\/v2\/users\/2"}],"replies":[{"embeddable":true,"href":"https:\/\/sinprofaz.org.br\/2024\/wp-json\/wp\/v2\/comments?post=5801"}],"version-history":[{"count":1,"href":"https:\/\/sinprofaz.org.br\/2024\/wp-json\/wp\/v2\/posts\/5801\/revisions"}],"predecessor-version":[{"id":5803,"href":"https:\/\/sinprofaz.org.br\/2024\/wp-json\/wp\/v2\/posts\/5801\/revisions\/5803"}],"wp:featuredmedia":[{"embeddable":true,"href":"https:\/\/sinprofaz.org.br\/2024\/wp-json\/wp\/v2\/media\/5802"}],"wp:attachment":[{"href":"https:\/\/sinprofaz.org.br\/2024\/wp-json\/wp\/v2\/media?parent=5801"}],"wp:term":[{"taxonomy":"category","embeddable":true,"href":"https:\/\/sinprofaz.org.br\/2024\/wp-json\/wp\/v2\/categories?post=5801"},{"taxonomy":"post_tag","embeddable":true,"href":"https:\/\/sinprofaz.org.br\/2024\/wp-json\/wp\/v2\/tags?post=5801"}],"curies":[{"name":"wp","href":"https:\/\/api.w.org\/{rel}","templated":true}]}}