{"id":5761,"date":"2016-08-22T16:50:38","date_gmt":"2016-08-22T16:50:38","guid":{"rendered":"http:\/\/www.sinprofaz.org.br\/?p=5761"},"modified":"2016-08-22T20:30:58","modified_gmt":"2016-08-22T20:30:58","slug":"sinprofaz-participa-de-debate-em-oabrs-sobre-honorarios-de-sucumbencia","status":"publish","type":"post","link":"https:\/\/sinprofaz.org.br\/2024\/noticias\/sinprofaz-participa-de-debate-em-oabrs-sobre-honorarios-de-sucumbencia\/","title":{"rendered":"SINPROFAZ PARTICIPA DE DEBATE EM OAB\/RS SOBRE HONOR\u00c1RIOS DE SUCUMB\u00caNCIA"},"content":{"rendered":"<p>O SINPROFAZ, representando pelo presidente Achilles Frias, participou na \u00faltima sexta-feira (19) de semin\u00e1rio sobre Honor\u00e1rios de Sucumb\u00eancia para os Advogados P\u00fablicos. O evento, organizado pela Comiss\u00e3o da Advocacia P\u00fablica da OAB\/RS, foi realizado em comemora\u00e7\u00e3o ao M\u00eas do Advogado da Ordem ga\u00facha e teve a participa\u00e7\u00e3o de advogados p\u00fablicos federais, estaduais e municipais.<\/p>\n<p>A organiza\u00e7\u00e3o do semin\u00e1rio contou com o apoio da PFN Simone Anacleto, Vice-presidente da Comiss\u00e3o da Advocacia P\u00fablica da OAB\/RS. O evento foi prestigiado pelo Delegado Sindical do SINPROFAZ e representante da Carreira no Conselho Superior da AGU, Jos\u00e9 Carlos Loch, e pelo Procurador-regional da Fazenda Nacional da 4\u00aa regi\u00e3o, Rafael Dias Degani. O PFN Luis Alberto Reichelt foi um dos convidados a palestrar no evento e defendeu a percep\u00e7\u00e3o dos honor\u00e1rios sucumbenciais pelos advogados p\u00fablicos.<\/p>\n\n\t\t<style type=\"text\/css\">\n\t\t\t#gallery-1 {\n\t\t\t\tmargin: auto;\n\t\t\t}\n\t\t\t#gallery-1 .gallery-item {\n\t\t\t\tfloat: left;\n\t\t\t\tmargin-top: 10px;\n\t\t\t\ttext-align: center;\n\t\t\t\twidth: 33%;\n\t\t\t}\n\t\t\t#gallery-1 img {\n\t\t\t\tborder: 2px solid #cfcfcf;\n\t\t\t}\n\t\t\t#gallery-1 .gallery-caption {\n\t\t\t\tmargin-left: 0;\n\t\t\t}\n\t\t\t\/* see gallery_shortcode() in wp-includes\/media.php *\/\n\t\t<\/style>\n\t\t<div id='gallery-1' class='gallery galleryid-5761 gallery-columns-3 gallery-size-thumbnail'><dl class='gallery-item'>\n\t\t\t<dt class='gallery-icon landscape'>\n\t\t\t\t<a href='https:\/\/sinprofaz.org.br\/2024\/wp-content\/uploads\/2016\/08\/022.jpg'><img loading=\"lazy\" decoding=\"async\" width=\"150\" height=\"150\" src=\"https:\/\/sinprofaz.org.br\/2024\/wp-content\/uploads\/2016\/08\/022-150x150.jpg\" class=\"attachment-thumbnail size-thumbnail\" alt=\"\" \/><\/a>\n\t\t\t<\/dt><\/dl>\n\t\t\t<br style='clear: both' \/>\n\t\t<\/div>\n\n","protected":false},"excerpt":{"rendered":"<p>O SINPROFAZ participou na \u00faltima sexta-feira (19) de semin\u00e1rio sobre Honor\u00e1rios de Sucumb\u00eancia para os Advogados P\u00fablicos. O evento, organizado pela Comiss\u00e3o da Advocacia P\u00fablica da OAB\/RS, foi realizado em comemora\u00e7\u00e3o ao M\u00eas do Advogado da Ordem ga\u00facha.<\/p>\n","protected":false},"author":2,"featured_media":5762,"comment_status":"open","ping_status":"open","sticky":false,"template":"","format":"standard","meta":{"footnotes":""},"categories":[8],"tags":[32,29],"featured_image_url":"https:\/\/sinprofaz.org.br\/2024\/wp-content\/uploads\/2016\/08\/015-800x198.jpg","character_count":629,"formatted_date":"22\/08\/2016 - 16:50","contentNovo":"<p>O SINPROFAZ, representando pelo presidente Achilles Frias, participou na \u00faltima sexta-feira (19) de semin\u00e1rio sobre Honor\u00e1rios de Sucumb\u00eancia para os Advogados P\u00fablicos. O evento, organizado pela Comiss\u00e3o da Advocacia P\u00fablica da OAB\/RS, foi realizado em comemora\u00e7\u00e3o ao M\u00eas do Advogado da Ordem ga\u00facha e teve a participa\u00e7\u00e3o de advogados p\u00fablicos federais, estaduais e municipais.<\/p><p>A organiza\u00e7\u00e3o do semin\u00e1rio contou com o apoio da PFN Simone Anacleto, Vice-presidente da Comiss\u00e3o da Advocacia P\u00fablica da OAB\/RS. O evento foi prestigiado pelo Delegado Sindical do SINPROFAZ e representante da Carreira no Conselho Superior da AGU, Jos\u00e9 Carlos Loch, e pelo Procurador-regional da Fazenda Nacional da 4\u00aa regi\u00e3o, Rafael Dias Degani. O PFN Luis Alberto Reichelt foi um dos convidados a palestrar no evento e defendeu a percep\u00e7\u00e3o dos honor\u00e1rios sucumbenciais pelos advogados p\u00fablicos.<\/p>[gallery link=\"file\" ids=\"5763\"]\r\n","_links":{"self":[{"href":"https:\/\/sinprofaz.org.br\/2024\/wp-json\/wp\/v2\/posts\/5761"}],"collection":[{"href":"https:\/\/sinprofaz.org.br\/2024\/wp-json\/wp\/v2\/posts"}],"about":[{"href":"https:\/\/sinprofaz.org.br\/2024\/wp-json\/wp\/v2\/types\/post"}],"author":[{"embeddable":true,"href":"https:\/\/sinprofaz.org.br\/2024\/wp-json\/wp\/v2\/users\/2"}],"replies":[{"embeddable":true,"href":"https:\/\/sinprofaz.org.br\/2024\/wp-json\/wp\/v2\/comments?post=5761"}],"version-history":[{"count":4,"href":"https:\/\/sinprofaz.org.br\/2024\/wp-json\/wp\/v2\/posts\/5761\/revisions"}],"predecessor-version":[{"id":5767,"href":"https:\/\/sinprofaz.org.br\/2024\/wp-json\/wp\/v2\/posts\/5761\/revisions\/5767"}],"wp:featuredmedia":[{"embeddable":true,"href":"https:\/\/sinprofaz.org.br\/2024\/wp-json\/wp\/v2\/media\/5762"}],"wp:attachment":[{"href":"https:\/\/sinprofaz.org.br\/2024\/wp-json\/wp\/v2\/media?parent=5761"}],"wp:term":[{"taxonomy":"category","embeddable":true,"href":"https:\/\/sinprofaz.org.br\/2024\/wp-json\/wp\/v2\/categories?post=5761"},{"taxonomy":"post_tag","embeddable":true,"href":"https:\/\/sinprofaz.org.br\/2024\/wp-json\/wp\/v2\/tags?post=5761"}],"curies":[{"name":"wp","href":"https:\/\/api.w.org\/{rel}","templated":true}]}}