{"id":5729,"date":"2016-08-18T17:49:09","date_gmt":"2016-08-18T17:49:09","guid":{"rendered":"http:\/\/www.sinprofaz.org.br\/?p=5729"},"modified":"2016-08-18T17:56:15","modified_gmt":"2016-08-18T17:56:15","slug":"emissora-publica-do-rio-grande-do-sul-destaca-numeros-nacionais-da-sonegacao","status":"publish","type":"post","link":"https:\/\/sinprofaz.org.br\/2024\/noticias\/emissora-publica-do-rio-grande-do-sul-destaca-numeros-nacionais-da-sonegacao\/","title":{"rendered":"EMISSORA P\u00daBLICA DO RIO GRANDE DO SUL DESTACA N\u00daMEROS NACIONAIS DA SONEGA\u00c7\u00c3O"},"content":{"rendered":"<p>A TVE\/RS, emissora p\u00fablica de comunica\u00e7\u00e3o do Rio Grande do Sul, fez a cobertura jornal\u00edstica do Soneg\u00f4metro, instalado nesta quinta-feira (18) no Largo Gl\u00eanio Peres, ao lado do Mercado P\u00fablico, em Porto Alegre &#8211; RS. Ao lado do placar, est\u00e1 posicionada a Lavanderia Brasil, m\u00e1quina de lavar gigante que representa os valores sonegados com a lavagem de dinheiro no pa\u00eds.<\/p>\n<p>O Soneg\u00f4metro e a Lavanderia Brasil fazem parte da Campanha Nacional da Justi\u00e7a Fiscal &#8211; Quanto Custa o Brasil pra Voc\u00ea?, criada pelo SINPROFAZ. Pela primeira vez em Porto Alegre, a a\u00e7\u00e3o conta com a parceria do Sindicato dos T\u00e9cnicos Tribut\u00e1rios da Receita Estadual do Rio Grande do Sul, o AFOCEFE, respons\u00e1vel pelo placar Soneg\u00f4metro ICMS\/RS: <a href=\"http:\/\/www.sonegometro-rs.org.br\" tagert=\"_blank\">www.sonegometro-rs.org.br<\/a>.<\/p>\n","protected":false},"excerpt":{"rendered":"<p>A TVE\/RS fez a cobertura jornal\u00edstica do Soneg\u00f4metro, instalado nesta quinta-feira no Largo Gl\u00eanio Peres, em Porto Alegre &#8211; RS. Ao lado do placar, est\u00e1 posicionada a Lavanderia Brasil, m\u00e1quina de lavar gigante que representa os valores sonegados com a lavagem de dinheiro.<\/p>\n","protected":false},"author":2,"featured_media":5730,"comment_status":"open","ping_status":"open","sticky":false,"template":"","format":"standard","meta":{"footnotes":""},"categories":[8],"tags":[45,59],"featured_image_url":"https:\/\/sinprofaz.org.br\/2024\/wp-content\/uploads\/2016\/08\/12507673_940186136030106_1729191179467730931_n.jpg","character_count":386,"formatted_date":"18\/08\/2016 - 17:49","contentNovo":"<p>A TVE\/RS, emissora p\u00fablica de comunica\u00e7\u00e3o do Rio Grande do Sul, fez a cobertura jornal\u00edstica do Soneg\u00f4metro, instalado nesta quinta-feira (18) no Largo Gl\u00eanio Peres, ao lado do Mercado P\u00fablico, em Porto Alegre - RS. Ao lado do placar, est\u00e1 posicionada a Lavanderia Brasil, m\u00e1quina de lavar gigante que representa os valores sonegados com a lavagem de dinheiro no pa\u00eds.<\/p><p>O Soneg\u00f4metro e a Lavanderia Brasil fazem parte da Campanha Nacional da Justi\u00e7a Fiscal - Quanto Custa o Brasil pra Voc\u00ea?, criada pelo SINPROFAZ. Pela primeira vez em Porto Alegre, a a\u00e7\u00e3o conta com a parceria do Sindicato dos T\u00e9cnicos Tribut\u00e1rios da Receita Estadual do Rio Grande do Sul, o AFOCEFE, respons\u00e1vel pelo placar Soneg\u00f4metro ICMS\/RS: <a href=\"http:\/\/www.sonegometro-rs.org.br\" tagert=\"_blank\">www.sonegometro-rs.org.br<\/a>.<\/p>","_links":{"self":[{"href":"https:\/\/sinprofaz.org.br\/2024\/wp-json\/wp\/v2\/posts\/5729"}],"collection":[{"href":"https:\/\/sinprofaz.org.br\/2024\/wp-json\/wp\/v2\/posts"}],"about":[{"href":"https:\/\/sinprofaz.org.br\/2024\/wp-json\/wp\/v2\/types\/post"}],"author":[{"embeddable":true,"href":"https:\/\/sinprofaz.org.br\/2024\/wp-json\/wp\/v2\/users\/2"}],"replies":[{"embeddable":true,"href":"https:\/\/sinprofaz.org.br\/2024\/wp-json\/wp\/v2\/comments?post=5729"}],"version-history":[{"count":1,"href":"https:\/\/sinprofaz.org.br\/2024\/wp-json\/wp\/v2\/posts\/5729\/revisions"}],"predecessor-version":[{"id":5731,"href":"https:\/\/sinprofaz.org.br\/2024\/wp-json\/wp\/v2\/posts\/5729\/revisions\/5731"}],"wp:featuredmedia":[{"embeddable":true,"href":"https:\/\/sinprofaz.org.br\/2024\/wp-json\/wp\/v2\/media\/5730"}],"wp:attachment":[{"href":"https:\/\/sinprofaz.org.br\/2024\/wp-json\/wp\/v2\/media?parent=5729"}],"wp:term":[{"taxonomy":"category","embeddable":true,"href":"https:\/\/sinprofaz.org.br\/2024\/wp-json\/wp\/v2\/categories?post=5729"},{"taxonomy":"post_tag","embeddable":true,"href":"https:\/\/sinprofaz.org.br\/2024\/wp-json\/wp\/v2\/tags?post=5729"}],"curies":[{"name":"wp","href":"https:\/\/api.w.org\/{rel}","templated":true}]}}