{"id":5724,"date":"2016-08-17T19:48:47","date_gmt":"2016-08-17T19:48:47","guid":{"rendered":"http:\/\/www.sinprofaz.org.br\/?p=5724"},"modified":"2016-08-18T17:43:16","modified_gmt":"2016-08-18T17:43:16","slug":"chegada-do-sonegometro-ao-rio-grande-do-sul-e-noticia-no-jornal-do-comercio","status":"publish","type":"post","link":"https:\/\/sinprofaz.org.br\/2024\/noticias\/chegada-do-sonegometro-ao-rio-grande-do-sul-e-noticia-no-jornal-do-comercio\/","title":{"rendered":"CHEGADA DO SONEG\u00d4METRO AO RIO GRANDE DO SUL \u00c9 NOT\u00cdCIA NO JORNAL DO COM\u00c9RCIO"},"content":{"rendered":"<p>O Jornal do Com\u00e9rcio, publica\u00e7\u00e3o com vi\u00e9s econ\u00f4mico que circula no Rio Grande do Sul, noticiou a chegada do Soneg\u00f4metro \u00e0 capital ga\u00facha. O painel digital criado pelo SINPROFAZ ser\u00e1 instalado amanh\u00e3 (18) no Largo Gl\u00eanio Peres, ao lado do Mercado P\u00fabico, em Porto Alegre &#8211; RS. Ao lado do painel, ser\u00e1 posicionado um placar digital com foco na sonega\u00e7\u00e3o do ICMS no estado do Rio Grande do Sul: o Soneg\u00f4metro ICMS\/RS, desenvolvido pelo Sindicato dos T\u00e9cnicos Tribut\u00e1rios da Receita Estadual do Rio Grande do Sul &#8211; AFOCEFE.<\/p>\n<p>De acordo com Achilles Frias, presidente do SINPROFAZ, o Soneg\u00f4metro prop\u00f5e fomentar a discuss\u00e3o acerca da sonega\u00e7\u00e3o fiscal no Brasil e o preju\u00edzo que ela acarreta para cidad\u00e3os e pequenos empres\u00e1rios. &#8220;Ao lan\u00e7ar m\u00e3o da sonega\u00e7\u00e3o fiscal, os grandes empres\u00e1rios conseguem produtos e servi\u00e7os mais baratos. O pequeno empres\u00e1rio \u00e9 a v\u00edtima dessa realidade, pois, al\u00e9m de n\u00e3o conseguir crescer, sofre com a concorr\u00eancia desleal&#8221;, explica.<\/p>\n<p>Confira as mat\u00e9rias veiculadas na <a href=\"http:\/\/jcrs.uol.com.br\/_conteudo\/2016\/08\/economia\/516017-sonegometro-vai-ser-instalado-em-porto-alegre.html\" target=\"_blank\">vers\u00e3o impressa<\/a> e <a href=\"http:\/\/jcrs.uol.com.br\/_conteudo\/2016\/08\/economia\/515952-porto-alegre-recebera-um-sonegometro-nesta-quinta-feira.html\" target=\"_blank\">vers\u00e3o online<\/a> do Jornal do Com\u00e9rcio. <\/p>\n","protected":false},"excerpt":{"rendered":"<p>O Jornal do Com\u00e9rcio, publica\u00e7\u00e3o com vi\u00e9s econ\u00f4mico que circula no Rio Grande do Sul, noticiou a chegada do Soneg\u00f4metro \u00e0 capital ga\u00facha. Ao lado do painel, ser\u00e1 posicionado um placar com foco na sonega\u00e7\u00e3o do ICMS no estado: o Soneg\u00f4metro ICMS\/RS, do AFOCEFE.<\/p>\n","protected":false},"author":2,"featured_media":5725,"comment_status":"open","ping_status":"open","sticky":false,"template":"","format":"standard","meta":{"footnotes":""},"categories":[8],"tags":[45,59],"featured_image_url":"https:\/\/sinprofaz.org.br\/2024\/wp-content\/uploads\/2016\/08\/logo-jornal-do-comercio-480x198.jpg","character_count":556,"formatted_date":"17\/08\/2016 - 19:48","contentNovo":"<p>O Jornal do Com\u00e9rcio, publica\u00e7\u00e3o com vi\u00e9s econ\u00f4mico que circula no Rio Grande do Sul, noticiou a chegada do Soneg\u00f4metro \u00e0 capital ga\u00facha. O painel digital criado pelo SINPROFAZ ser\u00e1 instalado amanh\u00e3 (18) no Largo Gl\u00eanio Peres, ao lado do Mercado P\u00fabico, em Porto Alegre - RS. Ao lado do painel, ser\u00e1 posicionado um placar digital com foco na sonega\u00e7\u00e3o do ICMS no estado do Rio Grande do Sul: o Soneg\u00f4metro ICMS\/RS, desenvolvido pelo Sindicato dos T\u00e9cnicos Tribut\u00e1rios da Receita Estadual do Rio Grande do Sul - AFOCEFE.<\/p><p>De acordo com Achilles Frias, presidente do SINPROFAZ, o Soneg\u00f4metro prop\u00f5e fomentar a discuss\u00e3o acerca da sonega\u00e7\u00e3o fiscal no Brasil e o preju\u00edzo que ela acarreta para cidad\u00e3os e pequenos empres\u00e1rios. \"Ao lan\u00e7ar m\u00e3o da sonega\u00e7\u00e3o fiscal, os grandes empres\u00e1rios conseguem produtos e servi\u00e7os mais baratos. O pequeno empres\u00e1rio \u00e9 a v\u00edtima dessa realidade, pois, al\u00e9m de n\u00e3o conseguir crescer, sofre com a concorr\u00eancia desleal\", explica.<\/p><p>Confira as mat\u00e9rias veiculadas na <a href=\"http:\/\/jcrs.uol.com.br\/_conteudo\/2016\/08\/economia\/516017-sonegometro-vai-ser-instalado-em-porto-alegre.html\" target=\"_blank\">vers\u00e3o impressa<\/a> e <a href=\"http:\/\/jcrs.uol.com.br\/_conteudo\/2016\/08\/economia\/515952-porto-alegre-recebera-um-sonegometro-nesta-quinta-feira.html\" target=\"_blank\">vers\u00e3o online<\/a> do Jornal do Com\u00e9rcio. <\/p>\r\n","_links":{"self":[{"href":"https:\/\/sinprofaz.org.br\/2024\/wp-json\/wp\/v2\/posts\/5724"}],"collection":[{"href":"https:\/\/sinprofaz.org.br\/2024\/wp-json\/wp\/v2\/posts"}],"about":[{"href":"https:\/\/sinprofaz.org.br\/2024\/wp-json\/wp\/v2\/types\/post"}],"author":[{"embeddable":true,"href":"https:\/\/sinprofaz.org.br\/2024\/wp-json\/wp\/v2\/users\/2"}],"replies":[{"embeddable":true,"href":"https:\/\/sinprofaz.org.br\/2024\/wp-json\/wp\/v2\/comments?post=5724"}],"version-history":[{"count":1,"href":"https:\/\/sinprofaz.org.br\/2024\/wp-json\/wp\/v2\/posts\/5724\/revisions"}],"predecessor-version":[{"id":5726,"href":"https:\/\/sinprofaz.org.br\/2024\/wp-json\/wp\/v2\/posts\/5724\/revisions\/5726"}],"wp:featuredmedia":[{"embeddable":true,"href":"https:\/\/sinprofaz.org.br\/2024\/wp-json\/wp\/v2\/media\/5725"}],"wp:attachment":[{"href":"https:\/\/sinprofaz.org.br\/2024\/wp-json\/wp\/v2\/media?parent=5724"}],"wp:term":[{"taxonomy":"category","embeddable":true,"href":"https:\/\/sinprofaz.org.br\/2024\/wp-json\/wp\/v2\/categories?post=5724"},{"taxonomy":"post_tag","embeddable":true,"href":"https:\/\/sinprofaz.org.br\/2024\/wp-json\/wp\/v2\/tags?post=5724"}],"curies":[{"name":"wp","href":"https:\/\/api.w.org\/{rel}","templated":true}]}}