{"id":571,"date":"2012-01-30T17:07:47","date_gmt":"2012-01-30T17:07:47","guid":{"rendered":""},"modified":"2016-03-28T21:05:23","modified_gmt":"2016-03-28T21:05:23","slug":"implantacao-da-lei-de-acesso-a-informacao-e-concursos-para-as-carreiras-de-advogado-e-procurador-sao-temas-prioritarios-na-agu-em-2012","status":"publish","type":"post","link":"https:\/\/sinprofaz.org.br\/2024\/clipping\/implantacao-da-lei-de-acesso-a-informacao-e-concursos-para-as-carreiras-de-advogado-e-procurador-sao-temas-prioritarios-na-agu-em-2012\/","title":{"rendered":"Implanta\u00e7\u00e3o da Lei de Acesso \u00e0 Informa\u00e7\u00e3o e concursos para as carreiras de advogado e procurador s\u00e3o temas priorit\u00e1rios na AGU em 2012"},"content":{"rendered":"<p class=\"intro\">Data da publica\u00e7\u00e3o: 30\/01\/2012<\/p>\n<p>A Advocacia-Geral da Uni\u00e3o (AGU) vai trabalhar em 2012 para implantar na institui\u00e7\u00e3o a Lei de Acesso \u00e0 Informa\u00e7\u00e3o, ampliar o n\u00famero de escrit\u00f3rios avan\u00e7ados em outros \u00f3rg\u00e3os e aperfei\u00e7oar a gest\u00e3o de informa\u00e7\u00f5es judiciais. Esses s\u00e3o alguns temas que ter\u00e3o tratamento priorit\u00e1rio pelas unidades que nesta segunda-feira (30\/01) apresentaram os resultados de 2011 e metas para este ano. A reuni\u00e3o aconteceu na sede da institui\u00e7\u00e3o, em Bras\u00edlia\/DF.<\/p>\n<p>A Consultoria-Geral da Uni\u00e3o (CGU) pretende aperfei\u00e7oar o trabalho desenvolvido pela C\u00e2mara de Concilia\u00e7\u00e3o e Arbitragem da Administra\u00e7\u00e3o Federal (CCAF), que tem como objetivo dirimir, por meio de concilia\u00e7\u00e3o, a controv\u00e9rsias entre \u00f3rg\u00e3os e entidades da Administra\u00e7\u00e3o P\u00fablica Federal. &#8220;As C\u00e2maras t\u00eam a cada ano se revelado como um dos instrumentos mais importantes do Governo Federal&#8221;, destacou o Consultor-Geral da Uni\u00e3o, Arnaldo Godoy.<\/p>\n<p>A Procuradora-Geral da Uni\u00e3o, Helia Bettero, apontou duas metas como as principais para os advogados da Uni\u00e3o neste ano. &#8220;Queremos aperfei\u00e7oar a gest\u00e3o de informa\u00e7\u00f5es judiciais com o objetivo de melhorar o diagn\u00f3stico de riscos e novas demandas, aperfei\u00e7oando relat\u00f3rios, melhorando a visibilidade, racionalizando a for\u00e7a de trabalho e a tomada de decis\u00f5es gerenciais e jur\u00eddicas. A segunda \u00e9 uniformizar a atua\u00e7\u00e3o jur\u00eddica e diminuir a litigiosidade&#8221;, afirmou a dirigente.<\/p>\n<p>A AGU tamb\u00e9m quer instalar mais escrit\u00f3rios avan\u00e7ados da institui\u00e7\u00e3o em outros \u00f3rg\u00e3os. Atualmente s\u00e3o seis unidades em locais como a C\u00e2mara dos Deputados, Conselho da Justi\u00e7a Federal (CJF) e Conselho Nacional de Justi\u00e7a (CNJ). &#8220;A proposta \u00e9 ampliar o n\u00famero de escrit\u00f3rios. Esses \u00f3rg\u00e3os acabam sendo demandados em ju\u00edzo no Supremo Tribunal Federal. Da\u00ed a import\u00e2ncia da instala\u00e7\u00e3o do nosso escrit\u00f3rio e com a presen\u00e7a dos advogados para que a AGU possa cumprir a sua miss\u00e3o que \u00e9 promover a defesa daquele ente no STF&#8221;, disse a Secret\u00e1ria-Geral de Contencioso da AGU, Grace Maria Mendon\u00e7a.<\/p>\n<h3>Lei de Acesso \u00e0 Informa\u00e7\u00e3o e concursos<\/h3>\n<p>A implanta\u00e7\u00e3o na Advocacia-Geral da Lei de Acesso \u00e0 Informa\u00e7\u00e3o (n\u00ba 12.527\/2011) tamb\u00e9m ser\u00e1 uma das metas da AGU para este ano. A Ouvidora-Geral, Mariana Melo, explicou que o setor est\u00e1 coordenando um grupo de trabalho que vai verificar os procedimentos necess\u00e1rios para que a institui\u00e7\u00e3o cumpra efetivamente a norma. &#8220;Iremos definir quais as modifica\u00e7\u00f5es e altera\u00e7\u00f5es que precisamos fazer na AGU para que ela cumpra a lei&#8221;, informou.<\/p>\n<p>A realiza\u00e7\u00e3o de concurso para as carreiras da AGU tamb\u00e9m est\u00e1 na pauta da Institui\u00e7\u00e3o para este ano. A Adjunta do Advogado-Geral da Uni\u00e3o, Rosangela Silveira de Oliveira, informou que os membros da Comiss\u00e3o T\u00e9cnica do Conselho Superior (CTCS) dever\u00e3o se reunir em breve para deliberar sobre os editais para concurso para advogado da Uni\u00e3o e procurador da Fazenda Nacional.<\/p>\n<h3>Visibilidade da AGU<\/h3>\n<p>O trabalho que a Assessoria de Comunica\u00e7\u00e3o Social (Ascom) da AGU quer realizar este ano tamb\u00e9m foi apresentado na reuni\u00e3o pelo Chefe da Assessoria, Ad\u00e3o Paulo Oliveira. Al\u00e9m de aperfei\u00e7oar o atendimento aos jornalistas com o objetivo de diminuir ao m\u00e1ximo o tempo de resposta \u00e0s demandas, a unidade pretende expandir o programa de r\u00e1dio AGU Brasil tanto na R\u00e1dio Justi\u00e7a quanto nas emissoras regionais.<\/p>\n<p>Um programa de TV para mostrar a atua\u00e7\u00e3o dos advogados p\u00fablicos em todo o pa\u00eds tamb\u00e9m est\u00e1 entre as propostas da comunica\u00e7\u00e3o da AGU para 2012.<\/p>\n<p><strong>B\u00e1rbara Nogueira<\/strong><\/p>\n<p>Assessoria de <strong>Comunica\u00e7\u00e3o da AGU<\/strong><\/p>\n","protected":false},"excerpt":{"rendered":"<p>Data da publica\u00e7\u00e3o: 30\/01\/2012 A Advocacia-Geral da Uni\u00e3o (AGU) vai trabalhar em 2012 para implantar na institui\u00e7\u00e3o a Lei de Acesso \u00e0 Informa\u00e7\u00e3o, ampliar o n\u00famero de escrit\u00f3rios avan\u00e7ados em outros \u00f3rg\u00e3os e aperfei\u00e7oar a gest\u00e3o de informa\u00e7\u00f5es judiciais. Esses s\u00e3o alguns temas que ter\u00e3o tratamento priorit\u00e1rio pelas unidades que nesta segunda-feira (30\/01) apresentaram os&#8230;<\/p>\n","protected":false},"author":1,"featured_media":0,"comment_status":"closed","ping_status":"open","sticky":false,"template":"","format":"standard","meta":{"footnotes":""},"categories":[7],"tags":[],"featured_image_url":"https:\/\/dummyimage.com\/720x400","character_count":1813,"formatted_date":"30\/01\/2012 - 17:07","contentNovo":"<p class=\"intro\">Data da publica\u00e7\u00e3o: 30\/01\/2012<\/p>\r\nA Advocacia-Geral da Uni\u00e3o (AGU) vai trabalhar em 2012 para implantar na institui\u00e7\u00e3o a Lei de Acesso \u00e0 Informa\u00e7\u00e3o, ampliar o n\u00famero de escrit\u00f3rios avan\u00e7ados em outros \u00f3rg\u00e3os e aperfei\u00e7oar a gest\u00e3o de informa\u00e7\u00f5es judiciais. Esses s\u00e3o alguns temas que ter\u00e3o tratamento priorit\u00e1rio pelas unidades que nesta segunda-feira (30\/01) apresentaram os resultados de 2011 e metas para este ano. A reuni\u00e3o aconteceu na sede da institui\u00e7\u00e3o, em Bras\u00edlia\/DF.\r\n\r\nA Consultoria-Geral da Uni\u00e3o (CGU) pretende aperfei\u00e7oar o trabalho desenvolvido pela C\u00e2mara de Concilia\u00e7\u00e3o e Arbitragem da Administra\u00e7\u00e3o Federal (CCAF), que tem como objetivo dirimir, por meio de concilia\u00e7\u00e3o, a controv\u00e9rsias entre \u00f3rg\u00e3os e entidades da Administra\u00e7\u00e3o P\u00fablica Federal. \"As C\u00e2maras t\u00eam a cada ano se revelado como um dos instrumentos mais importantes do Governo Federal\", destacou o Consultor-Geral da Uni\u00e3o, Arnaldo Godoy.\r\n\r\nA Procuradora-Geral da Uni\u00e3o, Helia Bettero, apontou duas metas como as principais para os advogados da Uni\u00e3o neste ano. \"Queremos aperfei\u00e7oar a gest\u00e3o de informa\u00e7\u00f5es judiciais com o objetivo de melhorar o diagn\u00f3stico de riscos e novas demandas, aperfei\u00e7oando relat\u00f3rios, melhorando a visibilidade, racionalizando a for\u00e7a de trabalho e a tomada de decis\u00f5es gerenciais e jur\u00eddicas. A segunda \u00e9 uniformizar a atua\u00e7\u00e3o jur\u00eddica e diminuir a litigiosidade\", afirmou a dirigente.\r\n\r\nA AGU tamb\u00e9m quer instalar mais escrit\u00f3rios avan\u00e7ados da institui\u00e7\u00e3o em outros \u00f3rg\u00e3os. Atualmente s\u00e3o seis unidades em locais como a C\u00e2mara dos Deputados, Conselho da Justi\u00e7a Federal (CJF) e Conselho Nacional de Justi\u00e7a (CNJ). \"A proposta \u00e9 ampliar o n\u00famero de escrit\u00f3rios. Esses \u00f3rg\u00e3os acabam sendo demandados em ju\u00edzo no Supremo Tribunal Federal. Da\u00ed a import\u00e2ncia da instala\u00e7\u00e3o do nosso escrit\u00f3rio e com a presen\u00e7a dos advogados para que a AGU possa cumprir a sua miss\u00e3o que \u00e9 promover a defesa daquele ente no STF\", disse a Secret\u00e1ria-Geral de Contencioso da AGU, Grace Maria Mendon\u00e7a.\r\nLei de Acesso \u00e0 Informa\u00e7\u00e3o e concursos\r\nA implanta\u00e7\u00e3o na Advocacia-Geral da Lei de Acesso \u00e0 Informa\u00e7\u00e3o (n\u00ba 12.527\/2011) tamb\u00e9m ser\u00e1 uma das metas da AGU para este ano. A Ouvidora-Geral, Mariana Melo, explicou que o setor est\u00e1 coordenando um grupo de trabalho que vai verificar os procedimentos necess\u00e1rios para que a institui\u00e7\u00e3o cumpra efetivamente a norma. \"Iremos definir quais as modifica\u00e7\u00f5es e altera\u00e7\u00f5es que precisamos fazer na AGU para que ela cumpra a lei\", informou.\r\n\r\nA realiza\u00e7\u00e3o de concurso para as carreiras da AGU tamb\u00e9m est\u00e1 na pauta da Institui\u00e7\u00e3o para este ano. A Adjunta do Advogado-Geral da Uni\u00e3o, Rosangela Silveira de Oliveira, informou que os membros da Comiss\u00e3o T\u00e9cnica do Conselho Superior (CTCS) dever\u00e3o se reunir em breve para deliberar sobre os editais para concurso para advogado da Uni\u00e3o e procurador da Fazenda Nacional.\r\nVisibilidade da AGU\r\nO trabalho que a Assessoria de Comunica\u00e7\u00e3o Social (Ascom) da AGU quer realizar este ano tamb\u00e9m foi apresentado na reuni\u00e3o pelo Chefe da Assessoria, Ad\u00e3o Paulo Oliveira. Al\u00e9m de aperfei\u00e7oar o atendimento aos jornalistas com o objetivo de diminuir ao m\u00e1ximo o tempo de resposta \u00e0s demandas, a unidade pretende expandir o programa de r\u00e1dio AGU Brasil tanto na R\u00e1dio Justi\u00e7a quanto nas emissoras regionais.\r\n\r\nUm programa de TV para mostrar a atua\u00e7\u00e3o dos advogados p\u00fablicos em todo o pa\u00eds tamb\u00e9m est\u00e1 entre as propostas da comunica\u00e7\u00e3o da AGU para 2012.\r\n\r\n<strong>B\u00e1rbara Nogueira<\/strong>\r\n\r\nAssessoria de <strong>Comunica\u00e7\u00e3o da AGU<\/strong>","_links":{"self":[{"href":"https:\/\/sinprofaz.org.br\/2024\/wp-json\/wp\/v2\/posts\/571"}],"collection":[{"href":"https:\/\/sinprofaz.org.br\/2024\/wp-json\/wp\/v2\/posts"}],"about":[{"href":"https:\/\/sinprofaz.org.br\/2024\/wp-json\/wp\/v2\/types\/post"}],"author":[{"embeddable":true,"href":"https:\/\/sinprofaz.org.br\/2024\/wp-json\/wp\/v2\/users\/1"}],"replies":[{"embeddable":true,"href":"https:\/\/sinprofaz.org.br\/2024\/wp-json\/wp\/v2\/comments?post=571"}],"version-history":[{"count":1,"href":"https:\/\/sinprofaz.org.br\/2024\/wp-json\/wp\/v2\/posts\/571\/revisions"}],"predecessor-version":[{"id":4121,"href":"https:\/\/sinprofaz.org.br\/2024\/wp-json\/wp\/v2\/posts\/571\/revisions\/4121"}],"wp:attachment":[{"href":"https:\/\/sinprofaz.org.br\/2024\/wp-json\/wp\/v2\/media?parent=571"}],"wp:term":[{"taxonomy":"category","embeddable":true,"href":"https:\/\/sinprofaz.org.br\/2024\/wp-json\/wp\/v2\/categories?post=571"},{"taxonomy":"post_tag","embeddable":true,"href":"https:\/\/sinprofaz.org.br\/2024\/wp-json\/wp\/v2\/tags?post=571"}],"curies":[{"name":"wp","href":"https:\/\/api.w.org\/{rel}","templated":true}]}}