{"id":56,"date":"2009-03-24T17:30:51","date_gmt":"2009-03-24T17:30:51","guid":{"rendered":""},"modified":"2016-03-14T14:38:50","modified_gmt":"2016-03-14T14:38:50","slug":"jingle-justica-fiscal","status":"publish","type":"post","link":"https:\/\/sinprofaz.org.br\/2024\/noticias\/jingle-justica-fiscal\/","title":{"rendered":"Jingle &#8211; Justi\u00e7a Fiscal"},"content":{"rendered":"<p>Assim, a Semana Nacional da Justi\u00e7a Fiscal e o Dia Nacional da Justi\u00e7a Fiscal atendem a um projeto mais amplo, em destaque no par\u00e1grafo anterior.<\/p>\n<p>Segue, anexo, o jingle que est\u00e1 sendo veiculado pela CBN em diversas capitais, \u00e0 exce\u00e7\u00e3o do Rio de Janeiro e S\u00e3o Paulo, em raz\u00e3o do alto custo dessas capitais.<\/p>\n<p>Permito-me reiterar que o SINPROFAZ cobra uma das (ou a mais) contribui\u00e7\u00f5es de menor valor entre as associa\u00e7\u00f5es de carreiras jur\u00eddicas federais, n\u00e3o obstante, nos \u00faltimos anos, tem feito um intenso trabalho de m\u00eddia, reconhecido por integrantes de outras Carreiras, conforme e-mails de advogados da Uni\u00e3o e Procuradores Federais aqui reproduzidos.<\/p>\n<p>Atenciosamente,<\/p>\n<p>Jo\u00e3o Carlos Souto<br \/>\nPresidente do SINPROFAZ<\/p>\n<p><a class=\"jce_file\" style=\"color: #2e427d; text-decoration: none;\" title=\"Clique para baixar o Jingle\" href=\"images\/stories\/SINPROFAZ-Jingle-16-01.mp3\"> <img decoding=\"async\" class=\"jce_icon\" style=\"margin-right: 5px !important; vertical-align: middle;\" title=\"mp3\" src=\"images\/stories\/download.jpg\" alt=\"download\" \/> Clique para baixar o Jingle<\/a><\/p>\n","protected":false},"excerpt":{"rendered":"<p>Senhoras e Senhores,<\/p>\n<p>Conv\u00e9m lembrar que a partir do momento que implementamos uma pol\u00edtica de divulga\u00e7\u00e3o institucional da Carreira, atrav\u00e9s de uma presen\u00e7a mais constante na m\u00eddia (ver, a prop\u00f3sito, o Boletim Especial-Campanhas Publicit\u00e1rias, de outubro de 2007), passamos quase que simultaneamente a procurar vincular a Carreira de PFN \u00e0 Justi\u00e7a Fiscal. Um recurso simples que amplia a import\u00e2ncia da Carreira e a vincula a um tema simp\u00e1tico e de f\u00e1cil assimila\u00e7\u00e3o. Ali\u00e1s, alguns outdoors, j\u00e1 do in\u00edcio da nossa administra\u00e7\u00e3o&nbsp;(conforme se pode verificar no site do SINPROFAZ), enveredam por esse caminho: Justi\u00e7a Fiscal.<\/p>\n","protected":false},"author":1,"featured_media":2630,"comment_status":"closed","ping_status":"open","sticky":false,"template":"","format":"standard","meta":{"footnotes":""},"categories":[8],"tags":[],"featured_image_url":"https:\/\/sinprofaz.org.br\/2024\/wp-content\/uploads\/2016\/01\/logo-sinprofaz1.jpg","character_count":381,"formatted_date":"24\/03\/2009 - 17:30","contentNovo":"Assim, a Semana Nacional da Justi\u00e7a Fiscal e o Dia Nacional da Justi\u00e7a Fiscal atendem a um projeto mais amplo, em destaque no par\u00e1grafo anterior.\r\n\r\nSegue, anexo, o jingle que est\u00e1 sendo veiculado pela CBN em diversas capitais, \u00e0 exce\u00e7\u00e3o do Rio de Janeiro e S\u00e3o Paulo, em raz\u00e3o do alto custo dessas capitais.\r\n\r\nPermito-me reiterar que o SINPROFAZ cobra uma das (ou a mais) contribui\u00e7\u00f5es de menor valor entre as associa\u00e7\u00f5es de carreiras jur\u00eddicas federais, n\u00e3o obstante, nos \u00faltimos anos, tem feito um intenso trabalho de m\u00eddia, reconhecido por integrantes de outras Carreiras, conforme e-mails de advogados da Uni\u00e3o e Procuradores Federais aqui reproduzidos.\r\n\r\nAtenciosamente,\r\n\r\nJo\u00e3o Carlos Souto\r\nPresidente do SINPROFAZ\r\n\r\n<a class=\"jce_file\" style=\"color: #2e427d; text-decoration: none;\" title=\"Clique para baixar o Jingle\" href=\"images\/stories\/SINPROFAZ-Jingle-16-01.mp3\">  Clique para baixar o Jingle<\/a>","_links":{"self":[{"href":"https:\/\/sinprofaz.org.br\/2024\/wp-json\/wp\/v2\/posts\/56"}],"collection":[{"href":"https:\/\/sinprofaz.org.br\/2024\/wp-json\/wp\/v2\/posts"}],"about":[{"href":"https:\/\/sinprofaz.org.br\/2024\/wp-json\/wp\/v2\/types\/post"}],"author":[{"embeddable":true,"href":"https:\/\/sinprofaz.org.br\/2024\/wp-json\/wp\/v2\/users\/1"}],"replies":[{"embeddable":true,"href":"https:\/\/sinprofaz.org.br\/2024\/wp-json\/wp\/v2\/comments?post=56"}],"version-history":[{"count":1,"href":"https:\/\/sinprofaz.org.br\/2024\/wp-json\/wp\/v2\/posts\/56\/revisions"}],"predecessor-version":[{"id":3578,"href":"https:\/\/sinprofaz.org.br\/2024\/wp-json\/wp\/v2\/posts\/56\/revisions\/3578"}],"wp:featuredmedia":[{"embeddable":true,"href":"https:\/\/sinprofaz.org.br\/2024\/wp-json\/wp\/v2\/media\/2630"}],"wp:attachment":[{"href":"https:\/\/sinprofaz.org.br\/2024\/wp-json\/wp\/v2\/media?parent=56"}],"wp:term":[{"taxonomy":"category","embeddable":true,"href":"https:\/\/sinprofaz.org.br\/2024\/wp-json\/wp\/v2\/categories?post=56"},{"taxonomy":"post_tag","embeddable":true,"href":"https:\/\/sinprofaz.org.br\/2024\/wp-json\/wp\/v2\/tags?post=56"}],"curies":[{"name":"wp","href":"https:\/\/api.w.org\/{rel}","templated":true}]}}