{"id":5553,"date":"2016-07-27T11:41:53","date_gmt":"2016-07-27T11:41:53","guid":{"rendered":"http:\/\/www.sinprofaz.org.br\/?p=5553"},"modified":"2016-07-27T12:44:04","modified_gmt":"2016-07-27T12:44:04","slug":"procurador-coordena-obra-sobre-prerrogativas-da-advocacia-publica","status":"publish","type":"post","link":"https:\/\/sinprofaz.org.br\/2024\/noticias\/procurador-coordena-obra-sobre-prerrogativas-da-advocacia-publica\/","title":{"rendered":"PROCURADOR COORDENA OBRA SOBRE PRERROGATIVAS DA ADVOCACIA P\u00daBLICA"},"content":{"rendered":"<p>O Procurador do Estado do Paran\u00e1 Luiz Barbugiani est\u00e1 lan\u00e7ando obra jur\u00eddica da qual \u00e9 coordenador. A colet\u00e2nea de artigos <i>Prerrogativas da Advocacia P\u00fablica<\/i> foi elaborada a partir da colabora\u00e7\u00e3o de outros Procuradores de Estado, como Eduardo de Castro, Ernesto Tavares, Eroulths Cortiano Junior e Leila Cu\u00e9llar.<\/p>\n<p>A obra foi organizada com base na premissa de que o combate \u00e0 corrup\u00e7\u00e3o, o exerc\u00edcio independente da fun\u00e7\u00e3o p\u00fablica e a maior efici\u00eancia no alcance do interesse p\u00fablico dependem necessariamente da exist\u00eancia e do resguardo de prerrogativas. Da\u00ed a import\u00e2ncia do estudo, sob m\u00faltiplos enfoques, das prerrogativas da Advocacia P\u00fablica, com a devida aten\u00e7\u00e3o \u00e0 raz\u00e3o de sua exist\u00eancia.\n<\/p>\n<p>Lan\u00e7ada pela editora F\u00f3rum &#8211; Conhecimento Jur\u00eddico, a obra pode ser adquirida por meio do link <a href=\"http:\/\/www.goo.gl\/iAHNnG\" target=\"_blank\">goo.gl\/iAHNnG<\/a>.<\/p>\n","protected":false},"excerpt":{"rendered":"<p>O Procurador do Estado do Paran\u00e1 Luiz Barbugiani est\u00e1 lan\u00e7ando obra jur\u00eddica da qual \u00e9 coordenador. A colet\u00e2nea de artigos<i> Prerrogativas da Advocacia P\u00fablica<\/i> foi elaborada a partir da colabora\u00e7\u00e3o de outros Procuradores.<\/p>\n","protected":false},"author":2,"featured_media":5556,"comment_status":"open","ping_status":"open","sticky":false,"template":"","format":"standard","meta":{"footnotes":""},"categories":[8],"tags":[34,32],"featured_image_url":"https:\/\/sinprofaz.org.br\/2024\/wp-content\/uploads\/2016\/07\/0117-800x198.jpg","character_count":422,"formatted_date":"27\/07\/2016 - 11:41","contentNovo":"<p>O Procurador do Estado do Paran\u00e1 Luiz Barbugiani est\u00e1 lan\u00e7ando obra jur\u00eddica da qual \u00e9 coordenador. A colet\u00e2nea de artigos Prerrogativas da Advocacia P\u00fablica foi elaborada a partir da colabora\u00e7\u00e3o de outros Procuradores de Estado, como Eduardo de Castro, Ernesto Tavares, Eroulths Cortiano Junior e Leila Cu\u00e9llar.<\/p><p>A obra foi organizada com base na premissa de que o combate \u00e0 corrup\u00e7\u00e3o, o exerc\u00edcio independente da fun\u00e7\u00e3o p\u00fablica e a maior efici\u00eancia no alcance do interesse p\u00fablico dependem necessariamente da exist\u00eancia e do resguardo de prerrogativas. Da\u00ed a import\u00e2ncia do estudo, sob m\u00faltiplos enfoques, das prerrogativas da Advocacia P\u00fablica, com a devida aten\u00e7\u00e3o \u00e0 raz\u00e3o de sua exist\u00eancia.\r\n<\/p><p>Lan\u00e7ada pela editora F\u00f3rum - Conhecimento Jur\u00eddico, a obra pode ser adquirida por meio do link <a href=\"http:\/\/www.goo.gl\/iAHNnG\" target=\"_blank\">goo.gl\/iAHNnG<\/a>.<\/p>","_links":{"self":[{"href":"https:\/\/sinprofaz.org.br\/2024\/wp-json\/wp\/v2\/posts\/5553"}],"collection":[{"href":"https:\/\/sinprofaz.org.br\/2024\/wp-json\/wp\/v2\/posts"}],"about":[{"href":"https:\/\/sinprofaz.org.br\/2024\/wp-json\/wp\/v2\/types\/post"}],"author":[{"embeddable":true,"href":"https:\/\/sinprofaz.org.br\/2024\/wp-json\/wp\/v2\/users\/2"}],"replies":[{"embeddable":true,"href":"https:\/\/sinprofaz.org.br\/2024\/wp-json\/wp\/v2\/comments?post=5553"}],"version-history":[{"count":4,"href":"https:\/\/sinprofaz.org.br\/2024\/wp-json\/wp\/v2\/posts\/5553\/revisions"}],"predecessor-version":[{"id":5563,"href":"https:\/\/sinprofaz.org.br\/2024\/wp-json\/wp\/v2\/posts\/5553\/revisions\/5563"}],"wp:featuredmedia":[{"embeddable":true,"href":"https:\/\/sinprofaz.org.br\/2024\/wp-json\/wp\/v2\/media\/5556"}],"wp:attachment":[{"href":"https:\/\/sinprofaz.org.br\/2024\/wp-json\/wp\/v2\/media?parent=5553"}],"wp:term":[{"taxonomy":"category","embeddable":true,"href":"https:\/\/sinprofaz.org.br\/2024\/wp-json\/wp\/v2\/categories?post=5553"},{"taxonomy":"post_tag","embeddable":true,"href":"https:\/\/sinprofaz.org.br\/2024\/wp-json\/wp\/v2\/tags?post=5553"}],"curies":[{"name":"wp","href":"https:\/\/api.w.org\/{rel}","templated":true}]}}