{"id":544,"date":"2012-01-20T19:43:17","date_gmt":"2012-01-20T19:43:17","guid":{"rendered":""},"modified":"-0001-11-30T00:00:00","modified_gmt":"-0001-11-30T03:00:00","slug":"atualizacao-do-espaco-cejuris","status":"publish","type":"post","link":"https:\/\/sinprofaz.org.br\/2024\/noticias\/atualizacao-do-espaco-cejuris\/","title":{"rendered":"Atualiza\u00e7\u00e3o do espa\u00e7o CEJURIS"},"content":{"rendered":"<p>O CEJURIS pode ser acessado no menu principal do site. Al\u00e9m dos artigos, um novo item denominado \u201cClipping\u201d repercute notas e mat\u00e9rias veiculadas nos portais da AGU, da PGFN e de jornais de circula\u00e7\u00e3o nacional sobre temas pertinentes ao Direito P\u00fablico e Defesa da Uni\u00e3o.<\/p>\n<p>Esta semana foram postados dois artigos de autoria do PFN Aldemario Araujo Castro com os t\u00edtulos: \u201cOs Caminhos e os Descaminhos no Enfrentamento dos Lit\u00edgios de Massa na Administra\u00e7\u00e3o P\u00fablica Federal\u201d e \u201cCombatendo a Corrup\u00e7\u00e3o\u201d.<\/p>\n<p>Eventualmente, o espa\u00e7o CEJURIS dar\u00e1 lugar a textos elaborados por membros de outras carreiras da Advocacia P\u00fablica e autores diversos quando os temas tiverem rela\u00e7\u00e3o com o cotidiano dos PFNs ou estejam na ordem do dia do mundo jur\u00eddico.<\/p>\n<p>Publicado originalmente na revista eletr\u00f4nica Consultor Jur\u00eddico, o texto intitulado Fun\u00e7\u00e3o de CNJ \u00e9 concorrente \u00e0s corregedorias \u00e9 da lavra do secret\u00e1rio-geral do Conselho Federal da OAB, Marcus Vinicius Furtado Co\u00ealho.<\/p>\n<p>Titularidade dos membros da Advocacia-Geral da Uni\u00e3o aos honor\u00e1rios advocat\u00edcios de sucumb\u00eancia \u00e9 o t\u00edtulo do texto elaborado pelo advogado da Uni\u00e3o Paulo Fernando Feij\u00f3 Torres Junior, postado no portal Jusnavigandi.<\/p>\n<p>Para incrementar o conte\u00fado do espa\u00e7o, o Sindicato reitera aos PFNs que enviem sugest\u00f5es de artigos e tamb\u00e9m compartilhem a agenda de eventos jur\u00eddicos nos estados como lan\u00e7amentos de livros, semin\u00e1rios, cursos, simp\u00f3sios, palestras e confer\u00eancias de relevante teor cient\u00edfico.<\/p>\n<p>As sugest\u00f5es podem ser enviadas para o endere\u00e7o <a href=\"mailto:presidente@sinprofaz.org.br\">presidente@sinprofaz.org.br<\/a><\/p>\n","protected":false},"excerpt":{"rendered":"<p>H\u00e1 uma semana o espa\u00e7o CEJURIS est\u00e1 dispon\u00edvel na p\u00e1gina do SINPROFAZ. A Diretoria recomenda a leitura dos trabalhos de autoria de PFNs postados no item \u201cArtigos\u201d.<\/p>\n","protected":false},"author":1,"featured_media":0,"comment_status":"closed","ping_status":"open","sticky":false,"template":"","format":"standard","meta":{"footnotes":""},"categories":[8],"tags":[],"featured_image_url":"https:\/\/dummyimage.com\/720x400","character_count":796,"formatted_date":"20\/01\/2012 - 19:43","contentNovo":"\r\n<p>O CEJURIS pode ser acessado no menu principal do site. Al\u00e9m dos artigos, um novo item denominado \u201cClipping\u201d repercute notas e mat\u00e9rias veiculadas nos portais da AGU, da PGFN e de jornais de circula\u00e7\u00e3o nacional sobre temas pertinentes ao Direito P\u00fablico e Defesa da Uni\u00e3o.<\/p>\r\n<p>Esta semana foram postados dois artigos de autoria do PFN Aldemario Araujo Castro com os t\u00edtulos: \u201cOs Caminhos e os Descaminhos no Enfrentamento dos Lit\u00edgios de Massa na Administra\u00e7\u00e3o P\u00fablica Federal\u201d e \u201cCombatendo a Corrup\u00e7\u00e3o\u201d.<\/p>\r\n<p>Eventualmente, o espa\u00e7o CEJURIS dar\u00e1 lugar a textos elaborados por membros de outras carreiras da Advocacia P\u00fablica e autores diversos quando os temas tiverem rela\u00e7\u00e3o com o cotidiano dos PFNs ou estejam na ordem do dia do mundo jur\u00eddico.<\/p>\r\n<p>Publicado originalmente na revista eletr\u00f4nica Consultor Jur\u00eddico, o texto intitulado Fun\u00e7\u00e3o de CNJ \u00e9 concorrente \u00e0s corregedorias \u00e9 da lavra do secret\u00e1rio-geral do Conselho Federal da OAB, Marcus Vinicius Furtado Co\u00ealho.<\/p>\r\n<p>Titularidade dos membros da Advocacia-Geral da Uni\u00e3o aos honor\u00e1rios advocat\u00edcios de sucumb\u00eancia \u00e9 o t\u00edtulo do texto elaborado pelo advogado da Uni\u00e3o Paulo Fernando Feij\u00f3 Torres Junior, postado no portal Jusnavigandi.<\/p>\r\n<p>Para incrementar o conte\u00fado do espa\u00e7o, o Sindicato reitera aos PFNs que enviem sugest\u00f5es de artigos e tamb\u00e9m compartilhem a agenda de eventos jur\u00eddicos nos estados como lan\u00e7amentos de livros, semin\u00e1rios, cursos, simp\u00f3sios, palestras e confer\u00eancias de relevante teor cient\u00edfico.<\/p>\r\n<p>As sugest\u00f5es podem ser enviadas para o endere\u00e7o <a href=\"mailto:presidente@sinprofaz.org.br\">presidente@sinprofaz.org.br<\/a><\/p>","_links":{"self":[{"href":"https:\/\/sinprofaz.org.br\/2024\/wp-json\/wp\/v2\/posts\/544"}],"collection":[{"href":"https:\/\/sinprofaz.org.br\/2024\/wp-json\/wp\/v2\/posts"}],"about":[{"href":"https:\/\/sinprofaz.org.br\/2024\/wp-json\/wp\/v2\/types\/post"}],"author":[{"embeddable":true,"href":"https:\/\/sinprofaz.org.br\/2024\/wp-json\/wp\/v2\/users\/1"}],"replies":[{"embeddable":true,"href":"https:\/\/sinprofaz.org.br\/2024\/wp-json\/wp\/v2\/comments?post=544"}],"version-history":[{"count":0,"href":"https:\/\/sinprofaz.org.br\/2024\/wp-json\/wp\/v2\/posts\/544\/revisions"}],"wp:attachment":[{"href":"https:\/\/sinprofaz.org.br\/2024\/wp-json\/wp\/v2\/media?parent=544"}],"wp:term":[{"taxonomy":"category","embeddable":true,"href":"https:\/\/sinprofaz.org.br\/2024\/wp-json\/wp\/v2\/categories?post=544"},{"taxonomy":"post_tag","embeddable":true,"href":"https:\/\/sinprofaz.org.br\/2024\/wp-json\/wp\/v2\/tags?post=544"}],"curies":[{"name":"wp","href":"https:\/\/api.w.org\/{rel}","templated":true}]}}