{"id":543,"date":"2012-01-20T18:34:52","date_gmt":"2012-01-20T18:34:52","guid":{"rendered":""},"modified":"-0001-11-30T00:00:00","modified_gmt":"-0001-11-30T03:00:00","slug":"demandas-do-servico-publico-no-congresso-nacional","status":"publish","type":"post","link":"https:\/\/sinprofaz.org.br\/2024\/noticias\/demandas-do-servico-publico-no-congresso-nacional\/","title":{"rendered":"Demandas do servi\u00e7o p\u00fablico no Congresso Nacional"},"content":{"rendered":"<p>O guia agrupa proposi\u00e7\u00f5es em pauta na C\u00e2mara e no Senado que tratam de temas como anistia de servidores, cargos em comiss\u00e3o, avalia\u00e7\u00e3o de desempenho, limite de gastos com pessoal, remunera\u00e7\u00e3o dos tr\u00eas poderes, improbidade administrativa, san\u00e7\u00e3o a agentes p\u00fablicos e at\u00e9 uma quest\u00e3o muito relevante neste ano eleitoral: a desincompatibiliza\u00e7\u00e3o de servidor para disputar elei\u00e7\u00e3o.<\/p>\n<p>Este monitor segue o padr\u00e3o dos outros guias j\u00e1 lan\u00e7ados pelo SINPROFAZ: \u201cCarreiras Jur\u00eddicas\u201d e \u201cFazenda Nacional\u201d. Est\u00e1 organizado em formato de tabela e por Casa Legislativa.<\/p>\n<p>O documento informa o n\u00famero do projeto e respectivo autor e divulga um resumo do assunto tratado, situa\u00e7\u00e3o atual da tramita\u00e7\u00e3o e o pr\u00f3ximo passo em inst\u00e2ncias das Casas Legislativas.<\/p>\n<p>Consulte a tabela clicando <a href=\"noticias\/proposicoes-legislativas\">aqui<\/a> ou no banner da p\u00e1gina principal.<\/p>\n","protected":false},"excerpt":{"rendered":"<p>A assessoria parlamentar do SINPROFAZ fez uma sele\u00e7\u00e3o de proposi\u00e7\u00f5es de interesse geral dos servidores p\u00fablicos que tramitam no Legislativo Federal. Consulte o monitor \u201cServi\u00e7o P\u00fablico\u201d.<\/p>\n","protected":false},"author":1,"featured_media":0,"comment_status":"closed","ping_status":"open","sticky":false,"template":"","format":"standard","meta":{"footnotes":""},"categories":[8],"tags":[],"featured_image_url":"https:\/\/dummyimage.com\/720x400","character_count":423,"formatted_date":"20\/01\/2012 - 18:34","contentNovo":"\r\n<p>O guia agrupa proposi\u00e7\u00f5es em pauta na C\u00e2mara e no Senado que tratam de temas como anistia de servidores, cargos em comiss\u00e3o, avalia\u00e7\u00e3o de desempenho, limite de gastos com pessoal, remunera\u00e7\u00e3o dos tr\u00eas poderes, improbidade administrativa, san\u00e7\u00e3o a agentes p\u00fablicos e at\u00e9 uma quest\u00e3o muito relevante neste ano eleitoral: a desincompatibiliza\u00e7\u00e3o de servidor para disputar elei\u00e7\u00e3o.<\/p>\r\n<p>Este monitor segue o padr\u00e3o dos outros guias j\u00e1 lan\u00e7ados pelo SINPROFAZ: \u201cCarreiras Jur\u00eddicas\u201d e \u201cFazenda Nacional\u201d. Est\u00e1 organizado em formato de tabela e por Casa Legislativa.<\/p>\r\n<p>O documento informa o n\u00famero do projeto e respectivo autor e divulga um resumo do assunto tratado, situa\u00e7\u00e3o atual da tramita\u00e7\u00e3o e o pr\u00f3ximo passo em inst\u00e2ncias das Casas Legislativas.<\/p>\r\n<p>Consulte a tabela clicando <a href=\"noticias\/proposicoes-legislativas\">aqui<\/a> ou no banner da p\u00e1gina principal.<\/p>","_links":{"self":[{"href":"https:\/\/sinprofaz.org.br\/2024\/wp-json\/wp\/v2\/posts\/543"}],"collection":[{"href":"https:\/\/sinprofaz.org.br\/2024\/wp-json\/wp\/v2\/posts"}],"about":[{"href":"https:\/\/sinprofaz.org.br\/2024\/wp-json\/wp\/v2\/types\/post"}],"author":[{"embeddable":true,"href":"https:\/\/sinprofaz.org.br\/2024\/wp-json\/wp\/v2\/users\/1"}],"replies":[{"embeddable":true,"href":"https:\/\/sinprofaz.org.br\/2024\/wp-json\/wp\/v2\/comments?post=543"}],"version-history":[{"count":0,"href":"https:\/\/sinprofaz.org.br\/2024\/wp-json\/wp\/v2\/posts\/543\/revisions"}],"wp:attachment":[{"href":"https:\/\/sinprofaz.org.br\/2024\/wp-json\/wp\/v2\/media?parent=543"}],"wp:term":[{"taxonomy":"category","embeddable":true,"href":"https:\/\/sinprofaz.org.br\/2024\/wp-json\/wp\/v2\/categories?post=543"},{"taxonomy":"post_tag","embeddable":true,"href":"https:\/\/sinprofaz.org.br\/2024\/wp-json\/wp\/v2\/tags?post=543"}],"curies":[{"name":"wp","href":"https:\/\/api.w.org\/{rel}","templated":true}]}}