{"id":5327,"date":"2016-07-07T20:54:02","date_gmt":"2016-07-07T20:54:02","guid":{"rendered":"http:\/\/www.sinprofaz.org.br\/?p=5327"},"modified":"2016-07-07T21:04:04","modified_gmt":"2016-07-07T21:04:04","slug":"plc-e-debatido-em-reuniao-de-entidades-da-advocacia-publica-federal","status":"publish","type":"post","link":"https:\/\/sinprofaz.org.br\/2024\/noticias\/plc-e-debatido-em-reuniao-de-entidades-da-advocacia-publica-federal\/","title":{"rendered":"PLC \u00c9 DEBATIDO EM REUNI\u00c3O DE ENTIDADES DA ADVOCACIA P\u00daBLICA FEDERAL"},"content":{"rendered":"<p>O SINPROFAZ, representado pelo presidente Achilles Frias, participou hoje (7) de reuni\u00e3o com as entidades representativas da Advocacia P\u00fablica Federal. No encontro, os dirigentes do SINPROFAZ, ANAFE, ANAUNI, ANPPREV, ANAJUR e APBC debateram as estrat\u00e9gias de atua\u00e7\u00e3o no Congresso Nacional para aprova\u00e7\u00e3o do PLC 36\/2016 na pr\u00f3xima semana.<\/p>\n<p>Decidiu-se que n\u00e3o ser\u00e1 solicitada altera\u00e7\u00e3o alguma no texto do Projeto e que as associa\u00e7\u00f5es atuar\u00e3o conjuntamente para aprova\u00e7\u00e3o da mat\u00e9ria nos termos do relat\u00f3rio aprovado na Comiss\u00e3o de Constitui\u00e7\u00e3o, Justi\u00e7a e Cidadania &#8211; CCJ do Senado Federal. As entidades concordaram que qualquer altera\u00e7\u00e3o neste momento implicaria em adiar a aprova\u00e7\u00e3o do PLC no Congresso Nacional.<\/p>\n<p>Foi discutida tamb\u00e9m a import\u00e2ncia do trabalho parlamentar nas bases. Os membros da Advocacia P\u00fablica Federal est\u00e3o, portanto, convocados a visitar os senadores em seus estados para convencimento sobre o m\u00e9rito representado pelos honor\u00e1rios sucumbenciais.<\/p>\n","protected":false},"excerpt":{"rendered":"<p>O SINPROFAZ participou hoje (7) de reuni\u00e3o com as entidades representativas da Advocacia P\u00fablica Federal. No encontro, os dirigentes debateram as estrat\u00e9gias de atua\u00e7\u00e3o conjunta para aprova\u00e7\u00e3o do PLC 36\/2016 na pr\u00f3xima semana.<\/p>\n","protected":false},"author":2,"featured_media":5328,"comment_status":"open","ping_status":"open","sticky":false,"template":"","format":"standard","meta":{"footnotes":""},"categories":[8],"tags":[23,33],"featured_image_url":"https:\/\/sinprofaz.org.br\/2024\/wp-content\/uploads\/2016\/07\/016-800x198.jpg","character_count":503,"formatted_date":"07\/07\/2016 - 20:54","contentNovo":"<p>O SINPROFAZ, representado pelo presidente Achilles Frias, participou hoje (7) de reuni\u00e3o com as entidades representativas da Advocacia P\u00fablica Federal. No encontro, os dirigentes do SINPROFAZ, ANAFE, ANAUNI, ANPPREV, ANAJUR e APBC debateram as estrat\u00e9gias de atua\u00e7\u00e3o no Congresso Nacional para aprova\u00e7\u00e3o do PLC 36\/2016 na pr\u00f3xima semana.<\/p><p>Decidiu-se que n\u00e3o ser\u00e1 solicitada altera\u00e7\u00e3o alguma no texto do Projeto e que as associa\u00e7\u00f5es atuar\u00e3o conjuntamente para aprova\u00e7\u00e3o da mat\u00e9ria nos termos do relat\u00f3rio aprovado na Comiss\u00e3o de Constitui\u00e7\u00e3o, Justi\u00e7a e Cidadania - CCJ do Senado Federal. As entidades concordaram que qualquer altera\u00e7\u00e3o neste momento implicaria em adiar a aprova\u00e7\u00e3o do PLC no Congresso Nacional.<\/p><p>Foi discutida tamb\u00e9m a import\u00e2ncia do trabalho parlamentar nas bases. Os membros da Advocacia P\u00fablica Federal est\u00e3o, portanto, convocados a visitar os senadores em seus estados para convencimento sobre o m\u00e9rito representado pelos honor\u00e1rios sucumbenciais.<\/p>","_links":{"self":[{"href":"https:\/\/sinprofaz.org.br\/2024\/wp-json\/wp\/v2\/posts\/5327"}],"collection":[{"href":"https:\/\/sinprofaz.org.br\/2024\/wp-json\/wp\/v2\/posts"}],"about":[{"href":"https:\/\/sinprofaz.org.br\/2024\/wp-json\/wp\/v2\/types\/post"}],"author":[{"embeddable":true,"href":"https:\/\/sinprofaz.org.br\/2024\/wp-json\/wp\/v2\/users\/2"}],"replies":[{"embeddable":true,"href":"https:\/\/sinprofaz.org.br\/2024\/wp-json\/wp\/v2\/comments?post=5327"}],"version-history":[{"count":1,"href":"https:\/\/sinprofaz.org.br\/2024\/wp-json\/wp\/v2\/posts\/5327\/revisions"}],"predecessor-version":[{"id":5329,"href":"https:\/\/sinprofaz.org.br\/2024\/wp-json\/wp\/v2\/posts\/5327\/revisions\/5329"}],"wp:featuredmedia":[{"embeddable":true,"href":"https:\/\/sinprofaz.org.br\/2024\/wp-json\/wp\/v2\/media\/5328"}],"wp:attachment":[{"href":"https:\/\/sinprofaz.org.br\/2024\/wp-json\/wp\/v2\/media?parent=5327"}],"wp:term":[{"taxonomy":"category","embeddable":true,"href":"https:\/\/sinprofaz.org.br\/2024\/wp-json\/wp\/v2\/categories?post=5327"},{"taxonomy":"post_tag","embeddable":true,"href":"https:\/\/sinprofaz.org.br\/2024\/wp-json\/wp\/v2\/tags?post=5327"}],"curies":[{"name":"wp","href":"https:\/\/api.w.org\/{rel}","templated":true}]}}