{"id":5318,"date":"2016-07-07T19:41:50","date_gmt":"2016-07-07T19:41:50","guid":{"rendered":"http:\/\/www.sinprofaz.org.br\/?p=5318"},"modified":"2016-07-07T20:18:48","modified_gmt":"2016-07-07T20:18:48","slug":"entidades-se-reunem-com-advogado-geral-da-uniao-em-sede-da-agu","status":"publish","type":"post","link":"https:\/\/sinprofaz.org.br\/2024\/noticias\/entidades-se-reunem-com-advogado-geral-da-uniao-em-sede-da-agu\/","title":{"rendered":"ENTIDADES SE RE\u00daNEM COM ADVOGADO-GERAL DA UNI\u00c3O EM SEDE DA AGU"},"content":{"rendered":"<p>O SINPROFAZ, representado pelo presidente Achilles Frias, participou hoje (7) de reuni\u00e3o com o Advogado-Geral da Uni\u00e3o, F\u00e1bio Medina Os\u00f3rio. Dirigentes das demais entidades da Advocacia P\u00fablica Federal estiveram presentes no encontro, no qual tratou-se, proritariamente, da necessidade de conclus\u00e3o da an\u00e1lise do PLC 36\/16 pelo Congresso Nacional.<\/p>\n<p>Alinhadas, as associa\u00e7\u00f5es informaram o AGU sobre as estrat\u00e9gias da mobiliza\u00e7\u00e3o conjunta que vem sendo realizada nos bastidores do Congresso Nacional e que ser\u00e1 intensificada nos pr\u00f3ximos dias. Medina Os\u00f3rio se comprometeu a atuar junto das entidades ao longo desta e da pr\u00f3xima semana para inclus\u00e3o do PLC 36\/16 na pauta do Congresso e convencimento dos parlamentares sobre a urg\u00eancia da aprova\u00e7\u00e3o.<\/p>\n\n\t\t<style type=\"text\/css\">\n\t\t\t#gallery-1 {\n\t\t\t\tmargin: auto;\n\t\t\t}\n\t\t\t#gallery-1 .gallery-item {\n\t\t\t\tfloat: left;\n\t\t\t\tmargin-top: 10px;\n\t\t\t\ttext-align: center;\n\t\t\t\twidth: 33%;\n\t\t\t}\n\t\t\t#gallery-1 img {\n\t\t\t\tborder: 2px solid #cfcfcf;\n\t\t\t}\n\t\t\t#gallery-1 .gallery-caption {\n\t\t\t\tmargin-left: 0;\n\t\t\t}\n\t\t\t\/* see gallery_shortcode() in wp-includes\/media.php *\/\n\t\t<\/style>\n\t\t<div id='gallery-1' class='gallery galleryid-5318 gallery-columns-3 gallery-size-thumbnail'><dl class='gallery-item'>\n\t\t\t<dt class='gallery-icon landscape'>\n\t\t\t\t<a href='https:\/\/sinprofaz.org.br\/2024\/wp-content\/uploads\/2016\/07\/025.jpg'><img loading=\"lazy\" decoding=\"async\" width=\"150\" height=\"150\" src=\"https:\/\/sinprofaz.org.br\/2024\/wp-content\/uploads\/2016\/07\/025-150x150.jpg\" class=\"attachment-thumbnail size-thumbnail\" alt=\"\" \/><\/a>\n\t\t\t<\/dt><\/dl>\n\t\t\t<br style='clear: both' \/>\n\t\t<\/div>\n\n","protected":false},"excerpt":{"rendered":"<p>O SINPROFAZ, representado pelo presidente Achilles Frias, participou hoje (7) de reuni\u00e3o com o Advogado-Geral da Uni\u00e3o, F\u00e1bio Medina Os\u00f3rio. Dirigentes das demais entidades da Advocacia P\u00fablica Federal tamb\u00e9m estiveram presentes no encontro.<\/p>\n","protected":false},"author":2,"featured_media":5319,"comment_status":"open","ping_status":"open","sticky":false,"template":"","format":"standard","meta":{"footnotes":""},"categories":[8],"tags":[43,32,33],"featured_image_url":"https:\/\/sinprofaz.org.br\/2024\/wp-content\/uploads\/2016\/07\/041-800x198.jpg","character_count":562,"formatted_date":"07\/07\/2016 - 19:41","contentNovo":"<p>O SINPROFAZ, representado pelo presidente Achilles Frias, participou hoje (7) de reuni\u00e3o com o Advogado-Geral da Uni\u00e3o, F\u00e1bio Medina Os\u00f3rio. Dirigentes das demais entidades da Advocacia P\u00fablica Federal estiveram presentes no encontro, no qual tratou-se, proritariamente, da necessidade de conclus\u00e3o da an\u00e1lise do PLC 36\/16 pelo Congresso Nacional.<\/p><p>Alinhadas, as associa\u00e7\u00f5es informaram o AGU sobre as estrat\u00e9gias da mobiliza\u00e7\u00e3o conjunta que vem sendo realizada nos bastidores do Congresso Nacional e que ser\u00e1 intensificada nos pr\u00f3ximos dias. Medina Os\u00f3rio se comprometeu a atuar junto das entidades ao longo desta e da pr\u00f3xima semana para inclus\u00e3o do PLC 36\/16 na pauta do Congresso e convencimento dos parlamentares sobre a urg\u00eancia da aprova\u00e7\u00e3o.<\/p>\r\n[gallery link=\"file\" ids=\"5320\"]","_links":{"self":[{"href":"https:\/\/sinprofaz.org.br\/2024\/wp-json\/wp\/v2\/posts\/5318"}],"collection":[{"href":"https:\/\/sinprofaz.org.br\/2024\/wp-json\/wp\/v2\/posts"}],"about":[{"href":"https:\/\/sinprofaz.org.br\/2024\/wp-json\/wp\/v2\/types\/post"}],"author":[{"embeddable":true,"href":"https:\/\/sinprofaz.org.br\/2024\/wp-json\/wp\/v2\/users\/2"}],"replies":[{"embeddable":true,"href":"https:\/\/sinprofaz.org.br\/2024\/wp-json\/wp\/v2\/comments?post=5318"}],"version-history":[{"count":1,"href":"https:\/\/sinprofaz.org.br\/2024\/wp-json\/wp\/v2\/posts\/5318\/revisions"}],"predecessor-version":[{"id":5321,"href":"https:\/\/sinprofaz.org.br\/2024\/wp-json\/wp\/v2\/posts\/5318\/revisions\/5321"}],"wp:featuredmedia":[{"embeddable":true,"href":"https:\/\/sinprofaz.org.br\/2024\/wp-json\/wp\/v2\/media\/5319"}],"wp:attachment":[{"href":"https:\/\/sinprofaz.org.br\/2024\/wp-json\/wp\/v2\/media?parent=5318"}],"wp:term":[{"taxonomy":"category","embeddable":true,"href":"https:\/\/sinprofaz.org.br\/2024\/wp-json\/wp\/v2\/categories?post=5318"},{"taxonomy":"post_tag","embeddable":true,"href":"https:\/\/sinprofaz.org.br\/2024\/wp-json\/wp\/v2\/tags?post=5318"}],"curies":[{"name":"wp","href":"https:\/\/api.w.org\/{rel}","templated":true}]}}