{"id":5246,"date":"2016-06-28T21:50:53","date_gmt":"2016-06-28T21:50:53","guid":{"rendered":"http:\/\/www.sinprofaz.org.br\/?p=5246"},"modified":"2016-06-29T19:07:55","modified_gmt":"2016-06-29T19:07:55","slug":"diretoria-do-sinprofaz-discute-mobilizacao-da-carreira","status":"publish","type":"post","link":"https:\/\/sinprofaz.org.br\/2024\/noticias\/diretoria-do-sinprofaz-discute-mobilizacao-da-carreira\/","title":{"rendered":"DIRETORIA DO SINPROFAZ DISCUTE MOBILIZA\u00c7\u00c3O DA CARREIRA"},"content":{"rendered":"<p>Os diretores do SINPROFAZ estiveram reunidos durante esta ter\u00e7a-feira (28) na sede do Sindicato, em Bras\u00edlia. No centro do debate, o Projeto de Lei da C\u00e2mara 36\/16, em an\u00e1lise na Comiss\u00e3o de Constitui\u00e7\u00e3o, Justi\u00e7a e Cidadania (CCJ) do Senado Federal.<\/p>\n<p>Pleiteando a vota\u00e7\u00e3o e aprova\u00e7\u00e3o do PL antes de 15 de julho, o SINPROFAZ intensificar\u00e1 a interlocu\u00e7\u00e3o com a Advocacia-Geral da Uni\u00e3o, Procuradoria-Geral da Fazenda Nacional, Senado Federal e Governo, assim como com as entidades representativas da Advocacia P\u00fablica Federal que, ao lado do SINPROFAZ, atuar\u00e3o em prol do PLC 36.<\/p>\n<p>Em vista da sinaliza\u00e7\u00e3o de retorno do Projeto de Lei \u00e0 C\u00e2mara dos Deputados e do indicativo de greve aprovado, a diretoria do SINPROFAZ definiu detalhes para a mobiliza\u00e7\u00e3o da Carreira.<\/p>\n\n\t\t<style type=\"text\/css\">\n\t\t\t#gallery-1 {\n\t\t\t\tmargin: auto;\n\t\t\t}\n\t\t\t#gallery-1 .gallery-item {\n\t\t\t\tfloat: left;\n\t\t\t\tmargin-top: 10px;\n\t\t\t\ttext-align: center;\n\t\t\t\twidth: 33%;\n\t\t\t}\n\t\t\t#gallery-1 img {\n\t\t\t\tborder: 2px solid #cfcfcf;\n\t\t\t}\n\t\t\t#gallery-1 .gallery-caption {\n\t\t\t\tmargin-left: 0;\n\t\t\t}\n\t\t\t\/* see gallery_shortcode() in wp-includes\/media.php *\/\n\t\t<\/style>\n\t\t<div id='gallery-1' class='gallery galleryid-5246 gallery-columns-3 gallery-size-thumbnail'><dl class='gallery-item'>\n\t\t\t<dt class='gallery-icon landscape'>\n\t\t\t\t<a href='https:\/\/sinprofaz.org.br\/2024\/wp-content\/uploads\/2016\/06\/0218.jpg'><img loading=\"lazy\" decoding=\"async\" width=\"150\" height=\"150\" src=\"https:\/\/sinprofaz.org.br\/2024\/wp-content\/uploads\/2016\/06\/0218-150x150.jpg\" class=\"attachment-thumbnail size-thumbnail\" alt=\"\" \/><\/a>\n\t\t\t<\/dt><\/dl><dl class='gallery-item'>\n\t\t\t<dt class='gallery-icon landscape'>\n\t\t\t\t<a href='https:\/\/sinprofaz.org.br\/2024\/wp-content\/uploads\/2016\/06\/0312.jpg'><img loading=\"lazy\" decoding=\"async\" width=\"150\" height=\"150\" src=\"https:\/\/sinprofaz.org.br\/2024\/wp-content\/uploads\/2016\/06\/0312-150x150.jpg\" class=\"attachment-thumbnail size-thumbnail\" alt=\"\" \/><\/a>\n\t\t\t<\/dt><\/dl>\n\t\t\t<br style='clear: both' \/>\n\t\t<\/div>\n\n","protected":false},"excerpt":{"rendered":"<p>Os diretores do SINPROFAZ estiveram reunidos durante esta ter\u00e7a-feira (28) na sede do Sindicato, em Bras\u00edlia. No centro do debate, o PLC 36\/16, em an\u00e1lise na Comiss\u00e3o de Constitui\u00e7\u00e3o, Justi\u00e7a e Cidadania (CCJ) do Senado Federal. <\/p>\n","protected":false},"author":2,"featured_media":5247,"comment_status":"open","ping_status":"open","sticky":false,"template":"","format":"standard","meta":{"footnotes":""},"categories":[8],"tags":[32,33,25],"featured_image_url":"https:\/\/sinprofaz.org.br\/2024\/wp-content\/uploads\/2016\/06\/0121-800x198.jpg","character_count":578,"formatted_date":"28\/06\/2016 - 21:50","contentNovo":"<p>Os diretores do SINPROFAZ estiveram reunidos durante esta ter\u00e7a-feira (28) na sede do Sindicato, em Bras\u00edlia. No centro do debate, o Projeto de Lei da C\u00e2mara 36\/16, em an\u00e1lise na Comiss\u00e3o de Constitui\u00e7\u00e3o, Justi\u00e7a e Cidadania (CCJ) do Senado Federal.<\/p><p>Pleiteando a vota\u00e7\u00e3o e aprova\u00e7\u00e3o do PL antes de 15 de julho, o SINPROFAZ intensificar\u00e1 a interlocu\u00e7\u00e3o com a Advocacia-Geral da Uni\u00e3o, Procuradoria-Geral da Fazenda Nacional, Senado Federal e Governo, assim como com as entidades representativas da Advocacia P\u00fablica Federal que, ao lado do SINPROFAZ, atuar\u00e3o em prol do PLC 36.<\/p><p>Em vista da sinaliza\u00e7\u00e3o de retorno do Projeto de Lei \u00e0 C\u00e2mara dos Deputados e do indicativo de greve aprovado, a diretoria do SINPROFAZ definiu detalhes para a mobiliza\u00e7\u00e3o da Carreira.<\/p>\r\n[gallery link=\"file\" ids=\"5248,5249\"]\r\n","_links":{"self":[{"href":"https:\/\/sinprofaz.org.br\/2024\/wp-json\/wp\/v2\/posts\/5246"}],"collection":[{"href":"https:\/\/sinprofaz.org.br\/2024\/wp-json\/wp\/v2\/posts"}],"about":[{"href":"https:\/\/sinprofaz.org.br\/2024\/wp-json\/wp\/v2\/types\/post"}],"author":[{"embeddable":true,"href":"https:\/\/sinprofaz.org.br\/2024\/wp-json\/wp\/v2\/users\/2"}],"replies":[{"embeddable":true,"href":"https:\/\/sinprofaz.org.br\/2024\/wp-json\/wp\/v2\/comments?post=5246"}],"version-history":[{"count":1,"href":"https:\/\/sinprofaz.org.br\/2024\/wp-json\/wp\/v2\/posts\/5246\/revisions"}],"predecessor-version":[{"id":5250,"href":"https:\/\/sinprofaz.org.br\/2024\/wp-json\/wp\/v2\/posts\/5246\/revisions\/5250"}],"wp:featuredmedia":[{"embeddable":true,"href":"https:\/\/sinprofaz.org.br\/2024\/wp-json\/wp\/v2\/media\/5247"}],"wp:attachment":[{"href":"https:\/\/sinprofaz.org.br\/2024\/wp-json\/wp\/v2\/media?parent=5246"}],"wp:term":[{"taxonomy":"category","embeddable":true,"href":"https:\/\/sinprofaz.org.br\/2024\/wp-json\/wp\/v2\/categories?post=5246"},{"taxonomy":"post_tag","embeddable":true,"href":"https:\/\/sinprofaz.org.br\/2024\/wp-json\/wp\/v2\/tags?post=5246"}],"curies":[{"name":"wp","href":"https:\/\/api.w.org\/{rel}","templated":true}]}}