{"id":520,"date":"2011-12-26T16:54:45","date_gmt":"2011-12-26T16:54:45","guid":{"rendered":""},"modified":"-0001-11-30T00:00:00","modified_gmt":"-0001-11-30T03:00:00","slug":"comissao-representativa-do-congresso-nacional","status":"publish","type":"post","link":"https:\/\/sinprofaz.org.br\/2024\/noticias\/comissao-representativa-do-congresso-nacional\/","title":{"rendered":"Comiss\u00e3o Representativa do Congresso Nacional"},"content":{"rendered":"<p>Entre as atribui\u00e7\u00f5es da comiss\u00e3o est\u00e3o: zelar pelas prerrogativas e preservar as compet\u00eancias das duas Casas e autorizar o presidente e o vice-presidente da Rep\u00fablica a se ausentarem do Pa\u00eds em per\u00edodos superiores a 15 dias.<\/p>\n<p>Esses parlamentares poder\u00e3o deliberar sobre pedidos para sustar atos normativos do Executivo que excedam seu poder regulamentar; ou sobre projeto de lei de cr\u00e9ditos adicionais, se j\u00e1 houver parecer da Comiss\u00e3o Mista de Or\u00e7amento.<\/p>\n<p>A comiss\u00e3o tamb\u00e9m tem o poder de fiscalizar e controlar atos do Executivo, receber reclama\u00e7\u00f5es e representa\u00e7\u00f5es contra atos de autoridades ou entidades p\u00fablicas e convocar ministros.<\/p>\n<p>A comiss\u00e3o poder\u00e1 se reunir com a presen\u00e7a m\u00ednima de 1\/3 dos integrantes de cada Casa. As vota\u00e7\u00f5es ser\u00e3o validadas pela maioria simples, presente a maioria absoluta dos senadores e deputados.<em> Com informa\u00e7\u00f5es da Ag\u00eancia C\u00e2mara e da Ag\u00eancia Senado<\/em><\/p>\n<h4>Composi\u00e7\u00e3o<\/h4>\n<table class=\"tb_cores\">\n<thead>\n<tr>\n<td>Titulares<\/td>\n<td>Suplentes<\/td>\n<\/tr>\n<\/thead>\n<tbody>\n<tr class=\"subtitulo\">\n<td colspan=\"2\">SENADORES<\/td>\n<\/tr>\n<tr>\n<td>Humberto Costa (PT-PE)<\/td>\n<td>Antonio Carlos Valadares (PSB-SE)<\/td>\n<\/tr>\n<tr>\n<td>Acir Gurgacz (PDT-RO)<\/td>\n<td>In\u00e1cio Arruda (PCdoB-CE)<\/td>\n<\/tr>\n<tr>\n<td>Jos\u00e9 Sarney (PMDB-AP)<\/td>\n<td>Valdir Raupp (PMDB-RO)<\/td>\n<\/tr>\n<tr>\n<td>Renan Calheiros (PMDB-AL)<\/td>\n<td>Romero Juc\u00e1 (PMDB-RR)<\/td>\n<\/tr>\n<tr>\n<td>Alvaro Dias (PSDB-PR)<\/td>\n<td>L\u00facia V\u00e2nia (PSDB-GO)<\/td>\n<\/tr>\n<tr>\n<td>Blairo Maggi (PR-MT)<\/td>\n<td>Vicentinho Alves (PR-TO)<\/td>\n<\/tr>\n<tr>\n<td>Gim Argello (PTB-DF)<\/td>\n<td>Epit\u00e1cio Cafeteira (PTB-MA)<\/td>\n<\/tr>\n<tr>\n<td>S\u00e9rgio Petec\u00e3o (PSD-AC)<\/td>\n<td>K\u00e1tia Abreu (PSD-TO)<\/td>\n<\/tr>\n<tr class=\"subtitulo\">\n<td colspan=\"2\">DEPUTADOS<\/td>\n<\/tr>\n<tr>\n<td>Amauri Teixeira (PT-BA)<\/td>\n<td>Fernando Marroni (PT-RS)<\/td>\n<\/tr>\n<tr>\n<td>Paulo Teixeira (PT-SP)<\/td>\n<td>Policarpo (PT-DF)<\/td>\n<\/tr>\n<tr>\n<td>Rubens Otoni (PT-GO)<\/td>\n<td>Vicentinho (PT-SP)<\/td>\n<\/tr>\n<tr>\n<td>J\u00fanior Coimbra (PMDB-TO)<\/td>\n<td>Geraldo Resende (PMDB-MS)<\/td>\n<\/tr>\n<tr>\n<td>Mauro Benevides (PMDB-CE)<\/td>\n<td>Leandro Vilela (PMDB-GO)<\/td>\n<\/tr>\n<tr>\n<td>Duarte Nogueira (PSDB-SP)<\/td>\n<td>Cesar Colnago (PSDB-ES)<\/td>\n<\/tr>\n<tr>\n<td>Eduardo Gomes (PDSB-TO)<\/td>\n<td>Rog\u00e9rio Marinho (PSDB-RN)<\/td>\n<\/tr>\n<tr>\n<td>M\u00e1rcio Reinaldo Moreira (PP-MG)<\/td>\n<td>L\u00e1zaro Botelho (PP-TO)<\/td>\n<\/tr>\n<tr>\n<td>Antonio Carlos Magalh\u00e3es Neto (DEM-BA)<\/td>\n<td>Alexandre Leite (DEM-SP)<\/td>\n<\/tr>\n<tr>\n<td>Izalci (PR-DF)<\/td>\n<td>Ronaldo Fonseca (PR-DF)<\/td>\n<\/tr>\n<tr>\n<td>Cabo Juliano Rabelo (PSB-MT)<\/td>\n<td>Laurez Moreira (PSB-TO)<\/td>\n<\/tr>\n<tr>\n<td>Marcos Rog\u00e9rio (PDT-RO)<\/td>\n<td>Manato (PDT-ES)<\/td>\n<\/tr>\n<tr>\n<td>Sarney Filho (PV-MA)<\/td>\n<td>Arnaldo Jardim (PPS-SP)<\/td>\n<\/tr>\n<tr>\n<td>Paes Landim (PTB-PI)<\/td>\n<td>Jovair Arantes (PTB-GO)<\/td>\n<\/tr>\n<tr>\n<td>Hugo Leal (PSC-RJ)<\/td>\n<td>Edmar Arruda (PSC-PR)<\/td>\n<\/tr>\n<tr>\n<td>Chico Lopes (PCdoB-CE)<\/td>\n<td>Delegado Prot\u00f3genes (PCdoB-SP)<\/td>\n<\/tr>\n<tr>\n<td colspan=\"2\"><em>PMN ainda n\u00e3o fez a indica\u00e7\u00e3o<\/em><\/td>\n<\/tr>\n<\/tbody>\n<\/table>\n","protected":false},"excerpt":{"rendered":"<p>No per\u00edodo de recesso parlamentar, de 23 de dezembro de 2011 a 1\u00ba de fevereiro de 2012, o Congresso Nacional ser\u00e1 representado por comiss\u00e3o formada por 8 senadores e 25 deputados, com igual n\u00famero de suplentes.<\/p>\n","protected":false},"author":1,"featured_media":0,"comment_status":"closed","ping_status":"open","sticky":false,"template":"","format":"standard","meta":{"footnotes":""},"categories":[8],"tags":[],"featured_image_url":"https:\/\/dummyimage.com\/720x400","character_count":1115,"formatted_date":"26\/12\/2011 - 16:54","contentNovo":"\r\n<p>Entre as atribui\u00e7\u00f5es da comiss\u00e3o est\u00e3o: zelar pelas prerrogativas e preservar as compet\u00eancias das duas Casas e autorizar o presidente e o vice-presidente da Rep\u00fablica a se ausentarem do Pa\u00eds em per\u00edodos superiores a 15 dias.<\/p>\r\n<p>Esses parlamentares poder\u00e3o deliberar sobre pedidos para sustar atos normativos do Executivo que excedam seu poder regulamentar; ou sobre projeto de lei de cr\u00e9ditos adicionais, se j\u00e1 houver parecer da Comiss\u00e3o Mista de Or\u00e7amento.<\/p>\r\n<p>A comiss\u00e3o tamb\u00e9m tem o poder de fiscalizar e controlar atos do Executivo, receber reclama\u00e7\u00f5es e representa\u00e7\u00f5es contra atos de autoridades ou entidades p\u00fablicas e convocar ministros.<\/p>\r\n<p>A comiss\u00e3o poder\u00e1 se reunir com a presen\u00e7a m\u00ednima de 1\/3 dos integrantes de cada Casa. As vota\u00e7\u00f5es ser\u00e3o validadas pela maioria simples, presente a maioria absoluta dos senadores e deputados.<em> Com informa\u00e7\u00f5es da Ag\u00eancia C\u00e2mara e da Ag\u00eancia Senado<\/em><\/p>\r\nComposi\u00e7\u00e3o\r\n\r\n\r\n\r\nTitulares\r\nSuplentes\r\n\r\n\r\n\r\n\r\nSENADORES\r\n\r\n\r\nHumberto Costa (PT-PE)\r\nAntonio Carlos Valadares (PSB-SE)\r\n\r\n\r\nAcir Gurgacz (PDT-RO)\r\nIn\u00e1cio Arruda (PCdoB-CE)\r\n\r\n\r\nJos\u00e9 Sarney (PMDB-AP)\r\nValdir Raupp (PMDB-RO)\r\n\r\n\r\nRenan Calheiros (PMDB-AL)\r\nRomero Juc\u00e1 (PMDB-RR)\r\n\r\n\r\nAlvaro Dias (PSDB-PR)\r\nL\u00facia V\u00e2nia (PSDB-GO)\r\n\r\n\r\nBlairo Maggi (PR-MT)\r\nVicentinho Alves (PR-TO)\r\n\r\n\r\nGim Argello (PTB-DF)\r\nEpit\u00e1cio Cafeteira (PTB-MA)\r\n\r\n\r\nS\u00e9rgio Petec\u00e3o (PSD-AC)\r\nK\u00e1tia Abreu (PSD-TO)\r\n\r\n\r\nDEPUTADOS\r\n\r\n\r\nAmauri Teixeira (PT-BA)\r\nFernando Marroni (PT-RS)\r\n\r\n\r\nPaulo Teixeira (PT-SP)\r\nPolicarpo (PT-DF)\r\n\r\n\r\nRubens Otoni (PT-GO)\r\nVicentinho (PT-SP)\r\n\r\n\r\nJ\u00fanior Coimbra (PMDB-TO)\r\nGeraldo Resende (PMDB-MS)\r\n\r\n\r\nMauro Benevides (PMDB-CE)\r\nLeandro Vilela (PMDB-GO)\r\n\r\n\r\nDuarte Nogueira (PSDB-SP)\r\nCesar Colnago (PSDB-ES)\r\n\r\n\r\nEduardo Gomes (PDSB-TO)\r\nRog\u00e9rio Marinho (PSDB-RN)\r\n\r\n\r\nM\u00e1rcio Reinaldo Moreira (PP-MG)\r\nL\u00e1zaro Botelho (PP-TO)\r\n\r\n\r\nAntonio Carlos Magalh\u00e3es Neto (DEM-BA)\r\nAlexandre Leite (DEM-SP)\r\n\r\n\r\nIzalci (PR-DF)\r\nRonaldo Fonseca (PR-DF)\r\n\r\n\r\nCabo Juliano Rabelo (PSB-MT)\r\nLaurez Moreira (PSB-TO)\r\n\r\n\r\nMarcos Rog\u00e9rio (PDT-RO)\r\nManato (PDT-ES)\r\n\r\n\r\nSarney Filho (PV-MA)\r\nArnaldo Jardim (PPS-SP)\r\n\r\n\r\nPaes Landim (PTB-PI)\r\nJovair Arantes (PTB-GO)\r\n\r\n\r\nHugo Leal (PSC-RJ)\r\nEdmar Arruda (PSC-PR)\r\n\r\n\r\nChico Lopes (PCdoB-CE)\r\nDelegado Prot\u00f3genes (PCdoB-SP)\r\n\r\n\r\n<em>PMN ainda n\u00e3o fez a indica\u00e7\u00e3o<\/em>\r\n\r\n\r\n","_links":{"self":[{"href":"https:\/\/sinprofaz.org.br\/2024\/wp-json\/wp\/v2\/posts\/520"}],"collection":[{"href":"https:\/\/sinprofaz.org.br\/2024\/wp-json\/wp\/v2\/posts"}],"about":[{"href":"https:\/\/sinprofaz.org.br\/2024\/wp-json\/wp\/v2\/types\/post"}],"author":[{"embeddable":true,"href":"https:\/\/sinprofaz.org.br\/2024\/wp-json\/wp\/v2\/users\/1"}],"replies":[{"embeddable":true,"href":"https:\/\/sinprofaz.org.br\/2024\/wp-json\/wp\/v2\/comments?post=520"}],"version-history":[{"count":0,"href":"https:\/\/sinprofaz.org.br\/2024\/wp-json\/wp\/v2\/posts\/520\/revisions"}],"wp:attachment":[{"href":"https:\/\/sinprofaz.org.br\/2024\/wp-json\/wp\/v2\/media?parent=520"}],"wp:term":[{"taxonomy":"category","embeddable":true,"href":"https:\/\/sinprofaz.org.br\/2024\/wp-json\/wp\/v2\/categories?post=520"},{"taxonomy":"post_tag","embeddable":true,"href":"https:\/\/sinprofaz.org.br\/2024\/wp-json\/wp\/v2\/tags?post=520"}],"curies":[{"name":"wp","href":"https:\/\/api.w.org\/{rel}","templated":true}]}}