{"id":5195,"date":"2016-06-24T11:31:27","date_gmt":"2016-06-24T11:31:27","guid":{"rendered":"http:\/\/www.sinprofaz.org.br\/?p=5195"},"modified":"2016-06-28T21:14:55","modified_gmt":"2016-06-28T21:14:55","slug":"sinprofaz-discute-mobilizacao-conjunta-com-representantes-da-receita-e-policia-federal","status":"publish","type":"post","link":"https:\/\/sinprofaz.org.br\/2024\/noticias\/sinprofaz-discute-mobilizacao-conjunta-com-representantes-da-receita-e-policia-federal\/","title":{"rendered":"SINPROFAZ DISCUTE MOBILIZA\u00c7\u00c3O CONJUNTA COM REPRESENTANTES DA RECEITA E POL\u00cdCIA FEDERAL"},"content":{"rendered":"<p>O SINPROFAZ, representado pelo presidente Achilles Frias, reuniu-se nessa quinta-feira (23) com Cl\u00e1udio Damasceno, presidente do Sindicato Nacional dos Auditores-Fiscais da Receita Federal do Brasil &#8211; Sindifisco Nacional, e com Carlos Eduardo Sobral, presidente da Associa\u00e7\u00e3o Nacional dos Delegados da Pol\u00edcia Federal &#8211; ADPF. Dirigentes da ANAFE e ANAUNI tamb\u00e9m participaram do encontro.<\/p>\n<p>Essa foi a primeira reuni\u00e3o entre os representantes das entidades, que debateram quest\u00f5es de comum interesse dos membros da AGU, Receita e Pol\u00edcia Federal. Postulando o atendimento pelo Governo dos pleitos das respectivas carreiras, as associa\u00e7\u00f5es discutiram possibilidades de mobiliza\u00e7\u00e3o e alinharam estrat\u00e9gias de atua\u00e7\u00e3o conjunta.<\/p>\n\n\t\t<style type=\"text\/css\">\n\t\t\t#gallery-1 {\n\t\t\t\tmargin: auto;\n\t\t\t}\n\t\t\t#gallery-1 .gallery-item {\n\t\t\t\tfloat: left;\n\t\t\t\tmargin-top: 10px;\n\t\t\t\ttext-align: center;\n\t\t\t\twidth: 33%;\n\t\t\t}\n\t\t\t#gallery-1 img {\n\t\t\t\tborder: 2px solid #cfcfcf;\n\t\t\t}\n\t\t\t#gallery-1 .gallery-caption {\n\t\t\t\tmargin-left: 0;\n\t\t\t}\n\t\t\t\/* see gallery_shortcode() in wp-includes\/media.php *\/\n\t\t<\/style>\n\t\t<div id='gallery-1' class='gallery galleryid-5195 gallery-columns-3 gallery-size-thumbnail'><dl class='gallery-item'>\n\t\t\t<dt class='gallery-icon landscape'>\n\t\t\t\t<a href='https:\/\/sinprofaz.org.br\/2024\/wp-content\/uploads\/2016\/06\/0217.jpg'><img loading=\"lazy\" decoding=\"async\" width=\"150\" height=\"150\" src=\"https:\/\/sinprofaz.org.br\/2024\/wp-content\/uploads\/2016\/06\/0217-150x150.jpg\" class=\"attachment-thumbnail size-thumbnail\" alt=\"\" \/><\/a>\n\t\t\t<\/dt><\/dl><dl class='gallery-item'>\n\t\t\t<dt class='gallery-icon landscape'>\n\t\t\t\t<a href='https:\/\/sinprofaz.org.br\/2024\/wp-content\/uploads\/2016\/06\/0311.jpg'><img loading=\"lazy\" decoding=\"async\" width=\"150\" height=\"150\" src=\"https:\/\/sinprofaz.org.br\/2024\/wp-content\/uploads\/2016\/06\/0311-150x150.jpg\" class=\"attachment-thumbnail size-thumbnail\" alt=\"\" \/><\/a>\n\t\t\t<\/dt><\/dl>\n\t\t\t<br style='clear: both' \/>\n\t\t<\/div>\n\n","protected":false},"excerpt":{"rendered":"<p>O SINPROFAZ, representado pelo presidente Achilles Frias, reuniu-se nessa quinta-feira (23) com representantes do Sindifisco Nacional e ADPF. Dirigentes da ANAFE e ANAUNI tamb\u00e9m participaram do encontro.<\/p>\n","protected":false},"author":2,"featured_media":5200,"comment_status":"open","ping_status":"open","sticky":false,"template":"","format":"standard","meta":{"footnotes":""},"categories":[8],"tags":[32,23],"featured_image_url":"https:\/\/sinprofaz.org.br\/2024\/wp-content\/uploads\/2016\/06\/0120-800x198.jpg","character_count":559,"formatted_date":"24\/06\/2016 - 11:31","contentNovo":"<p>O SINPROFAZ, representado pelo presidente Achilles Frias, reuniu-se nessa quinta-feira (23) com Cl\u00e1udio Damasceno, presidente do Sindicato Nacional dos Auditores-Fiscais da Receita Federal do Brasil - Sindifisco Nacional, e com Carlos Eduardo Sobral, presidente da Associa\u00e7\u00e3o Nacional dos Delegados da Pol\u00edcia Federal - ADPF. Dirigentes da ANAFE e ANAUNI tamb\u00e9m participaram do encontro.<\/p><p>Essa foi a primeira reuni\u00e3o entre os representantes das entidades, que debateram quest\u00f5es de comum interesse dos membros da AGU, Receita e Pol\u00edcia Federal. Postulando o atendimento pelo Governo dos pleitos das respectivas carreiras, as associa\u00e7\u00f5es discutiram possibilidades de mobiliza\u00e7\u00e3o e alinharam estrat\u00e9gias de atua\u00e7\u00e3o conjunta.<\/p>\r\n[gallery link=\"file\" ids=\"5201,5202\"]","_links":{"self":[{"href":"https:\/\/sinprofaz.org.br\/2024\/wp-json\/wp\/v2\/posts\/5195"}],"collection":[{"href":"https:\/\/sinprofaz.org.br\/2024\/wp-json\/wp\/v2\/posts"}],"about":[{"href":"https:\/\/sinprofaz.org.br\/2024\/wp-json\/wp\/v2\/types\/post"}],"author":[{"embeddable":true,"href":"https:\/\/sinprofaz.org.br\/2024\/wp-json\/wp\/v2\/users\/2"}],"replies":[{"embeddable":true,"href":"https:\/\/sinprofaz.org.br\/2024\/wp-json\/wp\/v2\/comments?post=5195"}],"version-history":[{"count":2,"href":"https:\/\/sinprofaz.org.br\/2024\/wp-json\/wp\/v2\/posts\/5195\/revisions"}],"predecessor-version":[{"id":5203,"href":"https:\/\/sinprofaz.org.br\/2024\/wp-json\/wp\/v2\/posts\/5195\/revisions\/5203"}],"wp:featuredmedia":[{"embeddable":true,"href":"https:\/\/sinprofaz.org.br\/2024\/wp-json\/wp\/v2\/media\/5200"}],"wp:attachment":[{"href":"https:\/\/sinprofaz.org.br\/2024\/wp-json\/wp\/v2\/media?parent=5195"}],"wp:term":[{"taxonomy":"category","embeddable":true,"href":"https:\/\/sinprofaz.org.br\/2024\/wp-json\/wp\/v2\/categories?post=5195"},{"taxonomy":"post_tag","embeddable":true,"href":"https:\/\/sinprofaz.org.br\/2024\/wp-json\/wp\/v2\/tags?post=5195"}],"curies":[{"name":"wp","href":"https:\/\/api.w.org\/{rel}","templated":true}]}}