{"id":519,"date":"2011-12-16T13:59:35","date_gmt":"2011-12-16T13:59:35","guid":{"rendered":""},"modified":"-0001-11-30T00:00:00","modified_gmt":"-0001-11-30T03:00:00","slug":"pec-270-veja-o-relatorio-aprovado-na-camara","status":"publish","type":"post","link":"https:\/\/sinprofaz.org.br\/2024\/noticias\/pec-270-veja-o-relatorio-aprovado-na-camara\/","title":{"rendered":"PEC 270: veja o relat\u00f3rio aprovado na C\u00e2mara"},"content":{"rendered":"<p>A proposta unifica as modalidades de aposentadoria por invalidez permanente, resultando na garantia de proventos integrais e paridade plena de remunera\u00e7\u00e3o para todos os modelos de aposentadorias.<\/p>\n<p>&#8220;A aprova\u00e7\u00e3o da PEC 270 vem coroar de \u00eaxito os movimentos promovidos por todas as entidades representativas dos servidores p\u00fablicos&#8221;, afirma o diretor de Assuntos Relativos aos Aposentados e Servi\u00e7os do SINPROFAZ, Jos\u00e9 Vila\u00e7o.<\/p>\n<p>O Sindicato sempre se fez presente em todos estes movimentos, seja comparecendo aos eventos p\u00fablicos, seja interagindo nas m\u00eddias sociais, ou debatendo o assunto no \u00e2mbito da Diretoria, buscando sensibilizar os parlamentares, em raz\u00e3o da injusti\u00e7a ora corrigida. Destaca, por exemplo, o grande ato ocorrido em 31 de agosto, no audit\u00f3rio Petr\u00f4nio Portela, do Senado Federal.<\/p>\n<p>Promovido pelo Instituto Mosap &#8211; Movimento dos Servidores Aposentados e Pensionistas, o ato contou com a participa\u00e7\u00e3o do diretor Jos\u00e9 Vila\u00e7o, que defendeu a aprova\u00e7\u00e3o da PEC 270 e tamb\u00e9m da PEC 555\/06, que p\u00f5e fim \u00e0 cobran\u00e7a da contribui\u00e7\u00e3o previdenci\u00e1ria para servidores inativos.<\/p>\n<p>Como j\u00e1 divulgado, o SINPROFAZ protocolizou, na Coordena\u00e7\u00e3o de Gest\u00e3o de Pessoas do Minist\u00e9rio da Fazenda, of\u00edcio cujo processo tomou o n\u00ba 011.01994.0043522011, pleiteando a uniformiza\u00e7\u00e3o dos atos de aposentadorias expedidas pelas Superintend\u00eancias Regionais, deixando expresso nesse documentos o fundamento legal da concess\u00e3o, contemplando a paridade e a integralidade dos proventos.<\/p>\n<p><a href=\"images\/stories\/pdfs\/pecintegra.pdf\" target=\"_blank\">Clique aqui<\/a> para acessar a \u00edntegra do relat\u00f3rio.<\/p>\n","protected":false},"excerpt":{"rendered":"<p>O SINPROFAZ recomenda a leitura do parecer aprovado, por unanimidade, em plen\u00e1rio, na \u00faltima quarta, 14\/12.<\/p>\n","protected":false},"author":1,"featured_media":0,"comment_status":"closed","ping_status":"open","sticky":false,"template":"","format":"standard","meta":{"footnotes":""},"categories":[8],"tags":[],"featured_image_url":"https:\/\/dummyimage.com\/720x400","character_count":787,"formatted_date":"16\/12\/2011 - 13:59","contentNovo":"\r\n<p>A proposta unifica as modalidades de aposentadoria por invalidez permanente, resultando na garantia de proventos integrais e paridade plena de remunera\u00e7\u00e3o para todos os modelos de aposentadorias.<\/p>\r\n<p>\"A aprova\u00e7\u00e3o da PEC 270 vem coroar de \u00eaxito os movimentos promovidos por todas as entidades representativas dos servidores p\u00fablicos\", afirma o diretor de Assuntos Relativos aos Aposentados e Servi\u00e7os do SINPROFAZ, Jos\u00e9 Vila\u00e7o.<\/p>\r\n<p>O Sindicato sempre se fez presente em todos estes movimentos, seja comparecendo aos eventos p\u00fablicos, seja interagindo nas m\u00eddias sociais, ou debatendo o assunto no \u00e2mbito da Diretoria, buscando sensibilizar os parlamentares, em raz\u00e3o da injusti\u00e7a ora corrigida. Destaca, por exemplo, o grande ato ocorrido em 31 de agosto, no audit\u00f3rio Petr\u00f4nio Portela, do Senado Federal.<\/p>\r\n<p>Promovido pelo Instituto Mosap - Movimento dos Servidores Aposentados e Pensionistas, o ato contou com a participa\u00e7\u00e3o do diretor Jos\u00e9 Vila\u00e7o, que defendeu a aprova\u00e7\u00e3o da PEC 270 e tamb\u00e9m da PEC 555\/06, que p\u00f5e fim \u00e0 cobran\u00e7a da contribui\u00e7\u00e3o previdenci\u00e1ria para servidores inativos.<\/p>\r\n<p>Como j\u00e1 divulgado, o SINPROFAZ protocolizou, na Coordena\u00e7\u00e3o de Gest\u00e3o de Pessoas do Minist\u00e9rio da Fazenda, of\u00edcio cujo processo tomou o n\u00ba 011.01994.0043522011, pleiteando a uniformiza\u00e7\u00e3o dos atos de aposentadorias expedidas pelas Superintend\u00eancias Regionais, deixando expresso nesse documentos o fundamento legal da concess\u00e3o, contemplando a paridade e a integralidade dos proventos.<\/p>\r\n<p><a href=\"images\/stories\/pdfs\/pecintegra.pdf\" target=\"_blank\">Clique aqui<\/a> para acessar a \u00edntegra do relat\u00f3rio.<\/p>","_links":{"self":[{"href":"https:\/\/sinprofaz.org.br\/2024\/wp-json\/wp\/v2\/posts\/519"}],"collection":[{"href":"https:\/\/sinprofaz.org.br\/2024\/wp-json\/wp\/v2\/posts"}],"about":[{"href":"https:\/\/sinprofaz.org.br\/2024\/wp-json\/wp\/v2\/types\/post"}],"author":[{"embeddable":true,"href":"https:\/\/sinprofaz.org.br\/2024\/wp-json\/wp\/v2\/users\/1"}],"replies":[{"embeddable":true,"href":"https:\/\/sinprofaz.org.br\/2024\/wp-json\/wp\/v2\/comments?post=519"}],"version-history":[{"count":0,"href":"https:\/\/sinprofaz.org.br\/2024\/wp-json\/wp\/v2\/posts\/519\/revisions"}],"wp:attachment":[{"href":"https:\/\/sinprofaz.org.br\/2024\/wp-json\/wp\/v2\/media?parent=519"}],"wp:term":[{"taxonomy":"category","embeddable":true,"href":"https:\/\/sinprofaz.org.br\/2024\/wp-json\/wp\/v2\/categories?post=519"},{"taxonomy":"post_tag","embeddable":true,"href":"https:\/\/sinprofaz.org.br\/2024\/wp-json\/wp\/v2\/tags?post=519"}],"curies":[{"name":"wp","href":"https:\/\/api.w.org\/{rel}","templated":true}]}}