{"id":518,"date":"2011-12-16T13:53:09","date_gmt":"2011-12-16T13:53:09","guid":{"rendered":""},"modified":"-0001-11-30T00:00:00","modified_gmt":"-0001-11-30T03:00:00","slug":"sinprofaz-oficia-a-parlamentares-sobre-tratamento-isonomico","status":"publish","type":"post","link":"https:\/\/sinprofaz.org.br\/2024\/noticias\/sinprofaz-oficia-a-parlamentares-sobre-tratamento-isonomico\/","title":{"rendered":"SINPROFAZ oficia a parlamentares sobre tratamento ison\u00f4mico"},"content":{"rendered":"<p>Nesta semana, o presidente do SINPROFAZ, Allan Titonelli, al\u00e9m de acompanhar as reuni\u00f5es da Comiss\u00e3o de Or\u00e7amento, abordando os parlamentares sobre os assuntos de interesse da Advocacia, entregou of\u00edcios ao presidente do colegiado, senador Vital do Rego (PMDB-PB), ao relator-geral do Or\u00e7amento, deputado Arlindo Chinaglia (PT\/SP), e ao senador Cyro Miranda (PSDB\/GO), membro da Comiss\u00e3o e vice-l\u00edder da Minoria no Senado.<\/p>\n<p>Em tr\u00eas of\u00edcios espec\u00edficos, o SINPROFAZ abordou: 1) a quest\u00e3o do descontingenciamento do Fundaf, 2) o direito de recebimento dos honor\u00e1rios advocat\u00edcios e 3) a necessidade de tratamento ison\u00f4mico em rela\u00e7\u00e3o \u00e0 Magistratura e ao MP. Este \u00faltimo of\u00edcio foi encaminhado tamb\u00e9m ao Minist\u00e9rio do Planejamento e \u00e0 Advocacia-Geral da Uni\u00e3o.<\/p>\n<p>A iniciativa do SINPROFAZ faz parte do trabalho permanente e de bastidores, objetivando assegurar o tratamento que a Advocacia P\u00fablica Federal merece.<\/p>\n<p>Como j\u00e1 informado em not\u00edcia anterior, o presidente Allan Titonelli, tem conversado com v\u00e1rios parlamentares para apresentar e defender os pleitos das carreiras.<\/p>\n<p>O acompanhamento das \u00faltimas reuni\u00f5es da Comiss\u00e3o de Or\u00e7amento se faz necess\u00e1rio face \u00e0s not\u00edcias de que a Magistratura e o MP seriam contemplados com reajuste, o que aumentaria ainda mais o fosso em rela\u00e7\u00e3o \u00e0s carreiras da Advocacia P\u00fablica.<\/p>\n","protected":false},"excerpt":{"rendered":"<p>Na reta final do ano legislativo, Sindicato subsidia deputados e senadores para debate na Comiss\u00e3o Mista de Or\u00e7amento acerca do Fundaf, honor\u00e1rios e simetria.<\/p>\n","protected":false},"author":1,"featured_media":0,"comment_status":"closed","ping_status":"open","sticky":false,"template":"","format":"standard","meta":{"footnotes":""},"categories":[8],"tags":[],"featured_image_url":"https:\/\/dummyimage.com\/720x400","character_count":676,"formatted_date":"16\/12\/2011 - 13:53","contentNovo":"\r\n<p>Nesta semana, o presidente do SINPROFAZ, Allan Titonelli, al\u00e9m de acompanhar as reuni\u00f5es da Comiss\u00e3o de Or\u00e7amento, abordando os parlamentares sobre os assuntos de interesse da Advocacia, entregou of\u00edcios ao presidente do colegiado, senador Vital do Rego (PMDB-PB), ao relator-geral do Or\u00e7amento, deputado Arlindo Chinaglia (PT\/SP), e ao senador Cyro Miranda (PSDB\/GO), membro da Comiss\u00e3o e vice-l\u00edder da Minoria no Senado.<\/p>\r\n<p>Em tr\u00eas of\u00edcios espec\u00edficos, o SINPROFAZ abordou: 1) a quest\u00e3o do descontingenciamento do Fundaf, 2) o direito de recebimento dos honor\u00e1rios advocat\u00edcios e 3) a necessidade de tratamento ison\u00f4mico em rela\u00e7\u00e3o \u00e0 Magistratura e ao MP. Este \u00faltimo of\u00edcio foi encaminhado tamb\u00e9m ao Minist\u00e9rio do Planejamento e \u00e0 Advocacia-Geral da Uni\u00e3o.<\/p>\r\n<p>A iniciativa do SINPROFAZ faz parte do trabalho permanente e de bastidores, objetivando assegurar o tratamento que a Advocacia P\u00fablica Federal merece.<\/p>\r\n<p>Como j\u00e1 informado em not\u00edcia anterior, o presidente Allan Titonelli, tem conversado com v\u00e1rios parlamentares para apresentar e defender os pleitos das carreiras.<\/p>\r\n<p>O acompanhamento das \u00faltimas reuni\u00f5es da Comiss\u00e3o de Or\u00e7amento se faz necess\u00e1rio face \u00e0s not\u00edcias de que a Magistratura e o MP seriam contemplados com reajuste, o que aumentaria ainda mais o fosso em rela\u00e7\u00e3o \u00e0s carreiras da Advocacia P\u00fablica.<\/p>","_links":{"self":[{"href":"https:\/\/sinprofaz.org.br\/2024\/wp-json\/wp\/v2\/posts\/518"}],"collection":[{"href":"https:\/\/sinprofaz.org.br\/2024\/wp-json\/wp\/v2\/posts"}],"about":[{"href":"https:\/\/sinprofaz.org.br\/2024\/wp-json\/wp\/v2\/types\/post"}],"author":[{"embeddable":true,"href":"https:\/\/sinprofaz.org.br\/2024\/wp-json\/wp\/v2\/users\/1"}],"replies":[{"embeddable":true,"href":"https:\/\/sinprofaz.org.br\/2024\/wp-json\/wp\/v2\/comments?post=518"}],"version-history":[{"count":0,"href":"https:\/\/sinprofaz.org.br\/2024\/wp-json\/wp\/v2\/posts\/518\/revisions"}],"wp:attachment":[{"href":"https:\/\/sinprofaz.org.br\/2024\/wp-json\/wp\/v2\/media?parent=518"}],"wp:term":[{"taxonomy":"category","embeddable":true,"href":"https:\/\/sinprofaz.org.br\/2024\/wp-json\/wp\/v2\/categories?post=518"},{"taxonomy":"post_tag","embeddable":true,"href":"https:\/\/sinprofaz.org.br\/2024\/wp-json\/wp\/v2\/tags?post=518"}],"curies":[{"name":"wp","href":"https:\/\/api.w.org\/{rel}","templated":true}]}}