{"id":5069,"date":"2016-06-22T13:06:45","date_gmt":"2016-06-22T13:06:45","guid":{"rendered":"http:\/\/www.sinprofaz.org.br\/?p=5069"},"modified":"2016-06-22T13:09:20","modified_gmt":"2016-06-22T13:09:20","slug":"agu-debate-carreira-de-apoio-em-audiencia-no-senado-federal","status":"publish","type":"post","link":"https:\/\/sinprofaz.org.br\/2024\/noticias\/agu-debate-carreira-de-apoio-em-audiencia-no-senado-federal\/","title":{"rendered":"AGU DEBATE CARREIRA DE APOIO EM AUDI\u00caNCIA NO SENADO FEDERAL"},"content":{"rendered":"<p>O senador H\u00e9lio Jos\u00e9 (PMDB\/DF) recebeu o presidente do SINPROFAZ, Achilles Frias, em audi\u00eancia nessa ter\u00e7a-feira (21). Tamb\u00e9m estiveram presentes na reuni\u00e3o o Procurador-Geral da Fazenda Nacional, Fabr\u00edcio Da Soller, o Procurador-Geral Federal, Ronaldo Guimar\u00e3es Gallo, e o Procurador-Geral da Uni\u00e3o, Rodrigo Becker, al\u00e9m de membros das Carreiras.<\/p>\n<p>Relator do PLC 38\/16, que trata da carreira de apoio da Advocacia-Geral da Uni\u00e3o, H\u00e9lio Jos\u00e9 ressaltou que trabalha em defesa do servidor p\u00fablico e colocou-se \u00e0 disposi\u00e7\u00e3o para atuar em prol dos oito mil membros da AGU. Os representantes da Advocacia-Geral da Uni\u00e3o destacaram que a AGU depende da carreira de apoio para executar o estoque da d\u00edvida ativa, que j\u00e1 ultrapassa um trilh\u00e3o e meio de reais, no que foram totalmente compreendidos pelo senador.<\/p>\n<p>Durante a reuni\u00e3o, Achilles Frias externou a import\u00e2ncia que o Sindicato confere \u00e0 quest\u00e3o dos servidores da AGU, em especial, aos da PGFN. &#8220;Reitero a preocupa\u00e7\u00e3o do SINPROFAZ com nossos servidores. A ajuda que o senhor, senador, vai nos dar para encaminhar esse pleito \u00e0 Casa Civil e \u00e0 Presid\u00eancia \u00e9 de extrema import\u00e2ncia para que saia, o quanto antes, uma Medida Provis\u00f3ria para nossos servidores.&#8221;<\/p>\n<p>Sobre o PLC 36\/16, que deve ser analisado hoje pela Comiss\u00e3o de Constitui\u00e7\u00e3o, Justi\u00e7a e Cidadania (CCJ), H\u00e9lio Jos\u00e9 garantiu celeridade na vota\u00e7\u00e3o da mat\u00e9ria quando encaminhada a plen\u00e1rio, de modo que a aprova\u00e7\u00e3o ocorra at\u00e9 15 de julho. O senador afirmou ser totalmente favor\u00e1vel ao Projeto dos honor\u00e1rios sucumbenciais que, segundo ele, representam quest\u00e3o de justi\u00e7a para os Advogados P\u00fablicos Federais. Ressaltou ainda que o PLC est\u00e1 bem encaminhado na Casa.<\/p>\n\n\t\t<style type=\"text\/css\">\n\t\t\t#gallery-1 {\n\t\t\t\tmargin: auto;\n\t\t\t}\n\t\t\t#gallery-1 .gallery-item {\n\t\t\t\tfloat: left;\n\t\t\t\tmargin-top: 10px;\n\t\t\t\ttext-align: center;\n\t\t\t\twidth: 33%;\n\t\t\t}\n\t\t\t#gallery-1 img {\n\t\t\t\tborder: 2px solid #cfcfcf;\n\t\t\t}\n\t\t\t#gallery-1 .gallery-caption {\n\t\t\t\tmargin-left: 0;\n\t\t\t}\n\t\t\t\/* see gallery_shortcode() in wp-includes\/media.php *\/\n\t\t<\/style>\n\t\t<div id='gallery-1' class='gallery galleryid-5069 gallery-columns-3 gallery-size-thumbnail'><dl class='gallery-item'>\n\t\t\t<dt class='gallery-icon landscape'>\n\t\t\t\t<a href='https:\/\/sinprofaz.org.br\/2024\/wp-content\/uploads\/2016\/06\/0213.jpg'><img loading=\"lazy\" decoding=\"async\" width=\"150\" height=\"150\" src=\"https:\/\/sinprofaz.org.br\/2024\/wp-content\/uploads\/2016\/06\/0213-150x150.jpg\" class=\"attachment-thumbnail size-thumbnail\" alt=\"\" \/><\/a>\n\t\t\t<\/dt><\/dl><dl class='gallery-item'>\n\t\t\t<dt class='gallery-icon landscape'>\n\t\t\t\t<a href='https:\/\/sinprofaz.org.br\/2024\/wp-content\/uploads\/2016\/06\/038.jpg'><img loading=\"lazy\" decoding=\"async\" width=\"150\" height=\"150\" src=\"https:\/\/sinprofaz.org.br\/2024\/wp-content\/uploads\/2016\/06\/038-150x150.jpg\" class=\"attachment-thumbnail size-thumbnail\" alt=\"\" \/><\/a>\n\t\t\t<\/dt><\/dl>\n\t\t\t<br style='clear: both' \/>\n\t\t<\/div>\n\n","protected":false},"excerpt":{"rendered":"<p>O senador H\u00e9lio Jos\u00e9 (PMDB\/DF) recebeu o SINPROFAZ em audi\u00eancia nessa ter\u00e7a-feira (21). Tamb\u00e9m estiveram presentes na reuni\u00e3o o Procurador-Geral da Fazenda Nacional, o Procurador-Geral Federal e o Procurador-Geral da Uni\u00e3o. <\/p>\n","protected":false},"author":2,"featured_media":5070,"comment_status":"open","ping_status":"open","sticky":false,"template":"","format":"standard","meta":{"footnotes":""},"categories":[8],"tags":[33,53],"featured_image_url":"https:\/\/sinprofaz.org.br\/2024\/wp-content\/uploads\/2016\/06\/0115-800x198.jpg","character_count":1050,"formatted_date":"22\/06\/2016 - 13:06","contentNovo":"<p>O senador H\u00e9lio Jos\u00e9 (PMDB\/DF) recebeu o presidente do SINPROFAZ, Achilles Frias, em audi\u00eancia nessa ter\u00e7a-feira (21). Tamb\u00e9m estiveram presentes na reuni\u00e3o o Procurador-Geral da Fazenda Nacional, Fabr\u00edcio Da Soller, o Procurador-Geral Federal, Ronaldo Guimar\u00e3es Gallo, e o Procurador-Geral da Uni\u00e3o, Rodrigo Becker, al\u00e9m de membros das Carreiras.<\/p><p>Relator do PLC 38\/16, que trata da carreira de apoio da Advocacia-Geral da Uni\u00e3o, H\u00e9lio Jos\u00e9 ressaltou que trabalha em defesa do servidor p\u00fablico e colocou-se \u00e0 disposi\u00e7\u00e3o para atuar em prol dos oito mil membros da AGU. Os representantes da Advocacia-Geral da Uni\u00e3o destacaram que a AGU depende da carreira de apoio para executar o estoque da d\u00edvida ativa, que j\u00e1 ultrapassa um trilh\u00e3o e meio de reais, no que foram totalmente compreendidos pelo senador.<\/p><p>Durante a reuni\u00e3o, Achilles Frias externou a import\u00e2ncia que o Sindicato confere \u00e0 quest\u00e3o dos servidores da AGU, em especial, aos da PGFN. \"Reitero a preocupa\u00e7\u00e3o do SINPROFAZ com nossos servidores. A ajuda que o senhor, senador, vai nos dar para encaminhar esse pleito \u00e0 Casa Civil e \u00e0 Presid\u00eancia \u00e9 de extrema import\u00e2ncia para que saia, o quanto antes, uma Medida Provis\u00f3ria para nossos servidores.\"<\/p><p>Sobre o PLC 36\/16, que deve ser analisado hoje pela Comiss\u00e3o de Constitui\u00e7\u00e3o, Justi\u00e7a e Cidadania (CCJ), H\u00e9lio Jos\u00e9 garantiu celeridade na vota\u00e7\u00e3o da mat\u00e9ria quando encaminhada a plen\u00e1rio, de modo que a aprova\u00e7\u00e3o ocorra at\u00e9 15 de julho. O senador afirmou ser totalmente favor\u00e1vel ao Projeto dos honor\u00e1rios sucumbenciais que, segundo ele, representam quest\u00e3o de justi\u00e7a para os Advogados P\u00fablicos Federais. Ressaltou ainda que o PLC est\u00e1 bem encaminhado na Casa.<\/p>\r\n[gallery link=\"file\" ids=\"5071,5072\"]","_links":{"self":[{"href":"https:\/\/sinprofaz.org.br\/2024\/wp-json\/wp\/v2\/posts\/5069"}],"collection":[{"href":"https:\/\/sinprofaz.org.br\/2024\/wp-json\/wp\/v2\/posts"}],"about":[{"href":"https:\/\/sinprofaz.org.br\/2024\/wp-json\/wp\/v2\/types\/post"}],"author":[{"embeddable":true,"href":"https:\/\/sinprofaz.org.br\/2024\/wp-json\/wp\/v2\/users\/2"}],"replies":[{"embeddable":true,"href":"https:\/\/sinprofaz.org.br\/2024\/wp-json\/wp\/v2\/comments?post=5069"}],"version-history":[{"count":2,"href":"https:\/\/sinprofaz.org.br\/2024\/wp-json\/wp\/v2\/posts\/5069\/revisions"}],"predecessor-version":[{"id":5075,"href":"https:\/\/sinprofaz.org.br\/2024\/wp-json\/wp\/v2\/posts\/5069\/revisions\/5075"}],"wp:featuredmedia":[{"embeddable":true,"href":"https:\/\/sinprofaz.org.br\/2024\/wp-json\/wp\/v2\/media\/5070"}],"wp:attachment":[{"href":"https:\/\/sinprofaz.org.br\/2024\/wp-json\/wp\/v2\/media?parent=5069"}],"wp:term":[{"taxonomy":"category","embeddable":true,"href":"https:\/\/sinprofaz.org.br\/2024\/wp-json\/wp\/v2\/categories?post=5069"},{"taxonomy":"post_tag","embeddable":true,"href":"https:\/\/sinprofaz.org.br\/2024\/wp-json\/wp\/v2\/tags?post=5069"}],"curies":[{"name":"wp","href":"https:\/\/api.w.org\/{rel}","templated":true}]}}