{"id":5057,"date":"2016-06-21T17:58:39","date_gmt":"2016-06-21T17:58:39","guid":{"rendered":"http:\/\/www.sinprofaz.org.br\/?p=5057"},"modified":"2016-06-22T13:13:21","modified_gmt":"2016-06-22T13:13:21","slug":"projeto-da-advocacia-privada-e-discutido-em-reuniao-na-camara-dos-deputados","status":"publish","type":"post","link":"https:\/\/sinprofaz.org.br\/2024\/noticias\/projeto-da-advocacia-privada-e-discutido-em-reuniao-na-camara-dos-deputados\/","title":{"rendered":"PROJETO DA ADVOCACIA PRIVADA \u00c9 DISCUTIDO EM REUNI\u00c3O NA C\u00c2MARA DOS DEPUTADOS"},"content":{"rendered":"<p>O Projeto de Lei 5531\/16, que disp\u00f5e sobre o exerc\u00edcio da advocacia fora das atribui\u00e7\u00f5es institucionais para os titulares das carreiras jur\u00eddicas da Advocacia-Geral da Uni\u00e3o, foi tema de reuni\u00e3o nesta ter\u00e7a-feira (21) na C\u00e2mara dos Deputados. O SINPROFAZ, representado pelo presidente Achilles Frias, participou da audi\u00eancia, que contou tamb\u00e9m com a presen\u00e7a de representantes da ANAFE, ANAUNI e MAVE.<\/p>\n<p>O encontro ocorreu no gabinete do deputado Efraim Filho (DEM\/PB), relator da mat\u00e9ria na Comiss\u00e3o de Trabalho, de Administra\u00e7\u00e3o e Servi\u00e7o P\u00fablico (CTASP). Ao longo da reuni\u00e3o, as entidades expuseram motivos pelos quais a defesa do Estado n\u00e3o ficar\u00e1 em segundo plano ap\u00f3s a aprova\u00e7\u00e3o da advocacia privada, j\u00e1 liberada em v\u00e1rias Unidades da Federa\u00e7\u00e3o. De acordo com o deputado, no entanto, existem frentes de resist\u00eancia ao tema no parlamento, o que torna fundamental o trabalho de bastidor das associa\u00e7\u00f5es, sobretudo nas bases, com visitas para convencimento dos deputados que comp\u00f5em a CTASP.<\/p>\n<p>Para formular discurso concreto e suscitar um debate qualificado em torno do assunto, as entidades representativas da Advocacia P\u00fablica Federal v\u00e3o elaborar um documento elencando raz\u00f5es para que a C\u00e2mara dos Deputados vote favoravelmente \u00e0 advocacia privada. O documento servir\u00e1 de base para o relat\u00f3rio que Efraim Filho apresentar\u00e1 \u00e0 CTASP.<\/p>\n<p><b>Projeto de Lei da C\u00e2mara 36\/16<\/b><\/p>\n<p>Em reuni\u00f5es nos gabinetes do Senado nesta ter\u00e7a-feira, discutiu-se a possibilidade de vota\u00e7\u00e3o do PLC 36\/16 na Comiss\u00e3o de Constitui\u00e7\u00e3o, Justi\u00e7a e Cidadania (CCJ) nessa quarta-feira (22). Se aprovada a urg\u00eancia para vota\u00e7\u00e3o do Projeto, o PLC pode ser analisado em plen\u00e1rio na pr\u00f3pria quarta, sem que seja necess\u00e1rio passar pela Comiss\u00e3o de Assuntos Econ\u00f4micos (CAE). <\/p>\n\n\t\t<style type=\"text\/css\">\n\t\t\t#gallery-1 {\n\t\t\t\tmargin: auto;\n\t\t\t}\n\t\t\t#gallery-1 .gallery-item {\n\t\t\t\tfloat: left;\n\t\t\t\tmargin-top: 10px;\n\t\t\t\ttext-align: center;\n\t\t\t\twidth: 33%;\n\t\t\t}\n\t\t\t#gallery-1 img {\n\t\t\t\tborder: 2px solid #cfcfcf;\n\t\t\t}\n\t\t\t#gallery-1 .gallery-caption {\n\t\t\t\tmargin-left: 0;\n\t\t\t}\n\t\t\t\/* see gallery_shortcode() in wp-includes\/media.php *\/\n\t\t<\/style>\n\t\t<div id='gallery-1' class='gallery galleryid-5057 gallery-columns-3 gallery-size-thumbnail'><dl class='gallery-item'>\n\t\t\t<dt class='gallery-icon landscape'>\n\t\t\t\t<a href='https:\/\/sinprofaz.org.br\/2024\/wp-content\/uploads\/2016\/06\/0212.jpg'><img loading=\"lazy\" decoding=\"async\" width=\"150\" height=\"150\" src=\"https:\/\/sinprofaz.org.br\/2024\/wp-content\/uploads\/2016\/06\/0212-150x150.jpg\" class=\"attachment-thumbnail size-thumbnail\" alt=\"\" \/><\/a>\n\t\t\t<\/dt><\/dl>\n\t\t\t<br style='clear: both' \/>\n\t\t<\/div>\n\n","protected":false},"excerpt":{"rendered":"<p>O PL 5531\/16, que disp\u00f5e sobre o exerc\u00edcio da advocacia fora das atribui\u00e7\u00f5es institucionais para os titulares da AGU, foi tema de reuni\u00e3o nesta ter\u00e7a-feira (21). O SINPROFAZ, representado pelo presidente Achilles Frias, participou da audi\u00eancia.<\/p>\n","protected":false},"author":2,"featured_media":5058,"comment_status":"open","ping_status":"open","sticky":false,"template":"","format":"standard","meta":{"footnotes":""},"categories":[8],"tags":[56,48,33],"featured_image_url":"https:\/\/sinprofaz.org.br\/2024\/wp-content\/uploads\/2016\/06\/0114-800x198.jpg","character_count":1075,"formatted_date":"21\/06\/2016 - 17:58","contentNovo":"<p>O Projeto de Lei 5531\/16, que disp\u00f5e sobre o exerc\u00edcio da advocacia fora das atribui\u00e7\u00f5es institucionais para os titulares das carreiras jur\u00eddicas da Advocacia-Geral da Uni\u00e3o, foi tema de reuni\u00e3o nesta ter\u00e7a-feira (21) na C\u00e2mara dos Deputados. O SINPROFAZ, representado pelo presidente Achilles Frias, participou da audi\u00eancia, que contou tamb\u00e9m com a presen\u00e7a de representantes da ANAFE, ANAUNI e MAVE.<\/p><p>O encontro ocorreu no gabinete do deputado Efraim Filho (DEM\/PB), relator da mat\u00e9ria na Comiss\u00e3o de Trabalho, de Administra\u00e7\u00e3o e Servi\u00e7o P\u00fablico (CTASP). Ao longo da reuni\u00e3o, as entidades expuseram motivos pelos quais a defesa do Estado n\u00e3o ficar\u00e1 em segundo plano ap\u00f3s a aprova\u00e7\u00e3o da advocacia privada, j\u00e1 liberada em v\u00e1rias Unidades da Federa\u00e7\u00e3o. De acordo com o deputado, no entanto, existem frentes de resist\u00eancia ao tema no parlamento, o que torna fundamental o trabalho de bastidor das associa\u00e7\u00f5es, sobretudo nas bases, com visitas para convencimento dos deputados que comp\u00f5em a CTASP.<\/p><p>Para formular discurso concreto e suscitar um debate qualificado em torno do assunto, as entidades representativas da Advocacia P\u00fablica Federal v\u00e3o elaborar um documento elencando raz\u00f5es para que a C\u00e2mara dos Deputados vote favoravelmente \u00e0 advocacia privada. O documento servir\u00e1 de base para o relat\u00f3rio que Efraim Filho apresentar\u00e1 \u00e0 CTASP.<\/p><p>Projeto de Lei da C\u00e2mara 36\/16<\/p><p>Em reuni\u00f5es nos gabinetes do Senado nesta ter\u00e7a-feira, discutiu-se a possibilidade de vota\u00e7\u00e3o do PLC 36\/16 na Comiss\u00e3o de Constitui\u00e7\u00e3o, Justi\u00e7a e Cidadania (CCJ) nessa quarta-feira (22). Se aprovada a urg\u00eancia para vota\u00e7\u00e3o do Projeto, o PLC pode ser analisado em plen\u00e1rio na pr\u00f3pria quarta, sem que seja necess\u00e1rio passar pela Comiss\u00e3o de Assuntos Econ\u00f4micos (CAE). <\/p>\r\n[gallery link=\"file\" ids=\"5059\"]","_links":{"self":[{"href":"https:\/\/sinprofaz.org.br\/2024\/wp-json\/wp\/v2\/posts\/5057"}],"collection":[{"href":"https:\/\/sinprofaz.org.br\/2024\/wp-json\/wp\/v2\/posts"}],"about":[{"href":"https:\/\/sinprofaz.org.br\/2024\/wp-json\/wp\/v2\/types\/post"}],"author":[{"embeddable":true,"href":"https:\/\/sinprofaz.org.br\/2024\/wp-json\/wp\/v2\/users\/2"}],"replies":[{"embeddable":true,"href":"https:\/\/sinprofaz.org.br\/2024\/wp-json\/wp\/v2\/comments?post=5057"}],"version-history":[{"count":1,"href":"https:\/\/sinprofaz.org.br\/2024\/wp-json\/wp\/v2\/posts\/5057\/revisions"}],"predecessor-version":[{"id":5060,"href":"https:\/\/sinprofaz.org.br\/2024\/wp-json\/wp\/v2\/posts\/5057\/revisions\/5060"}],"wp:featuredmedia":[{"embeddable":true,"href":"https:\/\/sinprofaz.org.br\/2024\/wp-json\/wp\/v2\/media\/5058"}],"wp:attachment":[{"href":"https:\/\/sinprofaz.org.br\/2024\/wp-json\/wp\/v2\/media?parent=5057"}],"wp:term":[{"taxonomy":"category","embeddable":true,"href":"https:\/\/sinprofaz.org.br\/2024\/wp-json\/wp\/v2\/categories?post=5057"},{"taxonomy":"post_tag","embeddable":true,"href":"https:\/\/sinprofaz.org.br\/2024\/wp-json\/wp\/v2\/tags?post=5057"}],"curies":[{"name":"wp","href":"https:\/\/api.w.org\/{rel}","templated":true}]}}