{"id":496,"date":"2011-12-09T16:54:51","date_gmt":"2011-12-09T16:54:51","guid":{"rendered":""},"modified":"-0001-11-30T00:00:00","modified_gmt":"-0001-11-30T03:00:00","slug":"presidente-do-forvm-e-sinprofaz-acompanha-sessoes-da-ccj","status":"publish","type":"post","link":"https:\/\/sinprofaz.org.br\/2024\/noticias\/presidente-do-forvm-e-sinprofaz-acompanha-sessoes-da-ccj\/","title":{"rendered":"Presidente do Forvm e SINPROFAZ acompanha sess\u00f5es da CCJ"},"content":{"rendered":"<p><img loading=\"lazy\" decoding=\"async\" style=\"border: 1px solid #000000; margin-right: 10px; float: left;\" alt=\"\" src=\"images\/noticias\/ccj-07122011\/DSC03777.jpg\" height=\"154\" width=\"218\" \/>Em agenda permanente no Congresso o Presidente do Forvm e do SINPROFAZ, Allan Titonelli, esteve presente nas sess\u00f5es da J da C\u00e2mara, ocorridas nos dias 6 e 7 de dezembro de 2011.<\/p>\n<p>O Forvm, Anape, Anpm, Anauni e Unafe aguardavam a vota\u00e7\u00e3o da PEC 452\/09, que reestrutura a Advocacia P\u00fablica. Na oportunidade, conversaram com diversos parlamentares integrantes da Comiss\u00e3o a respeito da import\u00e2ncia do tema.<\/p>\n<p>Titonelli ressaltou que \u201ca participa\u00e7\u00e3o do Advogado P\u00fablico na concep\u00e7\u00e3o da pol\u00edtica \u00e9 primordial para se evitar as inexatid\u00f5es, ilegalidades e inconstitucionalidades das propostas. Logo, para a concretiza\u00e7\u00e3o, na plenitude, dessas atribui\u00e7\u00f5es \u00e9 necess\u00e1ria a garantia de uma Advocacia P\u00fablica independente. Isso n\u00e3o quer dizer que a escolha da pol\u00edtica a ser executada deixar\u00e1 de ser feita pelo representante do povo, legitimamente eleito, o qual tem o direito de indicar sua equipe de governo. Entretanto, a opini\u00e3o de um profissional t\u00e9cnico, imparcial e altamente qualificado, n\u00e3o sujeito \u00e0s press\u00f5es pol\u00edticas, trar\u00e1 um ganho de qualidade para a pol\u00edtica p\u00fablica escolhida.\u201d<\/p>\n<p>A PEC 452\/09 n\u00e3o foi inclu\u00edda em debate e vota\u00e7\u00e3o, tendo em vista o pedido de urg\u00eancia de outras mat\u00e9rias na respectiva Comiss\u00e3o, havendo, contudo, um esfor\u00e7o conjunto da Advocacia P\u00fablica para que seja aprovada o mais breve poss\u00edvel.<\/p>\n<p><img loading=\"lazy\" decoding=\"async\" style=\"border: 1px solid #000000; margin-top: 5px; margin-right: 5px;\" alt=\"\" src=\"images\/noticias\/ccj-07122011\/DSC_3258.jpg\" height=\"150\" width=\"224\" \/><\/p>\n","protected":false},"excerpt":{"rendered":"<p>Ganho de qualidade para as pol\u00edticas p\u00fablicas deve passar, necessariamente, pela atua\u00e7\u00e3o t\u00e9cnica, qualificada e imparcial do Advogado P\u00fablico.<\/p>\n","protected":false},"author":1,"featured_media":0,"comment_status":"closed","ping_status":"open","sticky":false,"template":"","format":"standard","meta":{"footnotes":""},"categories":[8],"tags":[],"featured_image_url":"https:\/\/dummyimage.com\/720x400","character_count":683,"formatted_date":"09\/12\/2011 - 16:54","contentNovo":"\r\n<p>Em agenda permanente no Congresso o Presidente do Forvm e do SINPROFAZ, Allan Titonelli, esteve presente nas sess\u00f5es da J da C\u00e2mara, ocorridas nos dias 6 e 7 de dezembro de 2011.<\/p>\r\n<p>O Forvm, Anape, Anpm, Anauni e Unafe aguardavam a vota\u00e7\u00e3o da PEC 452\/09, que reestrutura a Advocacia P\u00fablica. Na oportunidade, conversaram com diversos parlamentares integrantes da Comiss\u00e3o a respeito da import\u00e2ncia do tema.<\/p>\r\n<p>Titonelli ressaltou que \u201ca participa\u00e7\u00e3o do Advogado P\u00fablico na concep\u00e7\u00e3o da pol\u00edtica \u00e9 primordial para se evitar as inexatid\u00f5es, ilegalidades e inconstitucionalidades das propostas. Logo, para a concretiza\u00e7\u00e3o, na plenitude, dessas atribui\u00e7\u00f5es \u00e9 necess\u00e1ria a garantia de uma Advocacia P\u00fablica independente. Isso n\u00e3o quer dizer que a escolha da pol\u00edtica a ser executada deixar\u00e1 de ser feita pelo representante do povo, legitimamente eleito, o qual tem o direito de indicar sua equipe de governo. Entretanto, a opini\u00e3o de um profissional t\u00e9cnico, imparcial e altamente qualificado, n\u00e3o sujeito \u00e0s press\u00f5es pol\u00edticas, trar\u00e1 um ganho de qualidade para a pol\u00edtica p\u00fablica escolhida.\u201d<\/p>\r\n<p>A PEC 452\/09 n\u00e3o foi inclu\u00edda em debate e vota\u00e7\u00e3o, tendo em vista o pedido de urg\u00eancia de outras mat\u00e9rias na respectiva Comiss\u00e3o, havendo, contudo, um esfor\u00e7o conjunto da Advocacia P\u00fablica para que seja aprovada o mais breve poss\u00edvel.<\/p>\r\n<p><\/p>","_links":{"self":[{"href":"https:\/\/sinprofaz.org.br\/2024\/wp-json\/wp\/v2\/posts\/496"}],"collection":[{"href":"https:\/\/sinprofaz.org.br\/2024\/wp-json\/wp\/v2\/posts"}],"about":[{"href":"https:\/\/sinprofaz.org.br\/2024\/wp-json\/wp\/v2\/types\/post"}],"author":[{"embeddable":true,"href":"https:\/\/sinprofaz.org.br\/2024\/wp-json\/wp\/v2\/users\/1"}],"replies":[{"embeddable":true,"href":"https:\/\/sinprofaz.org.br\/2024\/wp-json\/wp\/v2\/comments?post=496"}],"version-history":[{"count":0,"href":"https:\/\/sinprofaz.org.br\/2024\/wp-json\/wp\/v2\/posts\/496\/revisions"}],"wp:attachment":[{"href":"https:\/\/sinprofaz.org.br\/2024\/wp-json\/wp\/v2\/media?parent=496"}],"wp:term":[{"taxonomy":"category","embeddable":true,"href":"https:\/\/sinprofaz.org.br\/2024\/wp-json\/wp\/v2\/categories?post=496"},{"taxonomy":"post_tag","embeddable":true,"href":"https:\/\/sinprofaz.org.br\/2024\/wp-json\/wp\/v2\/tags?post=496"}],"curies":[{"name":"wp","href":"https:\/\/api.w.org\/{rel}","templated":true}]}}