{"id":4839,"date":"2016-06-09T18:13:52","date_gmt":"2016-06-09T18:13:52","guid":{"rendered":"http:\/\/www.sinprofaz.org.br\/?p=4839"},"modified":"2016-06-14T12:17:53","modified_gmt":"2016-06-14T12:17:53","slug":"advocacia-privada-e-honorarios-sao-debatidos-em-reuniao-na-agu","status":"publish","type":"post","link":"https:\/\/sinprofaz.org.br\/2024\/noticias\/advocacia-privada-e-honorarios-sao-debatidos-em-reuniao-na-agu\/","title":{"rendered":"ADVOCACIA PRIVADA E HONOR\u00c1RIOS S\u00c3O DEBATIDOS EM REUNI\u00c3O NA AGU"},"content":{"rendered":"<p>O SINPROFAZ, representado pelo Presidente Achilles Frias e pelo Conselheiro Fiscal Filipe Aguiar de Barros, participou hoje (9) de reuni\u00e3o com o Advogado-Geral da Uni\u00e3o, F\u00e1bio Medina Os\u00f3rio. Representantes de entidades da Advocacia P\u00fablica Federal tamb\u00e9m estiveram presentes no encontro, no qual foram tratados temas como o cumprimento integral do acordo firmado com o Governo, o que implica no reconhecimento da advocacia privada.<\/p>\n<p>Em rela\u00e7\u00e3o a esse pleito, Medina Os\u00f3rio afirmou que ainda h\u00e1 espa\u00e7o para negocia\u00e7\u00e3o e comprometeu-se \u00e0 buscar agenda junto ao Minist\u00e9rio da Fazenda para dar efetividade ao apoio da AGU. A declara\u00e7\u00e3o foi ao encontro do que defende o presidente do SINPROFAZ. &#8220;Consideramos de fundamental import\u00e2ncia conquistar o apoio do Minist\u00e9rio da Fazenda, especialmente quanto \u00e0 quest\u00e3o da advocacia privada&#8221;, afirmou Achilles Frias.<\/p>\n<p>No decorrer da reuni\u00e3o, o presidente do Sindicato abordou o erro cometido na reda\u00e7\u00e3o da emenda aprovada para inclus\u00e3o dos aposentados no Projeto de Lei. &#8220;Em reuni\u00e3o entre a AGU e as associa\u00e7\u00f5es durante a gest\u00e3o anterior, chegamos ao consenso de incluir os aposentados com escalonamento de dez anos, terminando em 35%. Houve erro na emenda aprovada em plen\u00e1rio. O que queremos \u00e9 trabalhar conjuntamente, entidades e AGU, para revertermos a situa\u00e7\u00e3o&#8221;, explicou.<\/p>\n<p>Alinhado ao posicionamento das entidades, Medina Os\u00f3rio garantiu o apoio institucional da AGU para que a retifica\u00e7\u00e3o do texto seja conclu\u00edda nas pr\u00f3ximas semanas. &#8220;Manifestamos nossa posi\u00e7\u00e3o totalmente favor\u00e1vel quanto ao cumprimento do acordo em rela\u00e7\u00e3o aos honor\u00e1rios e \u00e0 advocacia privada, a qual ainda est\u00e1 em aberto. A percep\u00e7\u00e3o dos honor\u00e1rios decorre do CPC. Acreditamos, ent\u00e3o, que ser\u00e1 aprovado no Senado sem dificuldades&#8221;, afirmou o Advogado-Geral da Uni\u00e3o.<\/p>\n<p>Discutiu-se ainda a quest\u00e3o do acautelamento dos honor\u00e1rios. Achilles Frias destacou que as entidades apresentaram conjuntamente requerimento para o acautelamento desde a vig\u00eancia do CPC. Tal requerimento encontra-se pendente de solu\u00e7\u00e3o no \u00e2mbito da AGU. Medina Os\u00f3rio manifestou apoio ao pleito e determinou o imediato processamento do mencionado requerimento.<\/p>\n\n\t\t<style type=\"text\/css\">\n\t\t\t#gallery-1 {\n\t\t\t\tmargin: auto;\n\t\t\t}\n\t\t\t#gallery-1 .gallery-item {\n\t\t\t\tfloat: left;\n\t\t\t\tmargin-top: 10px;\n\t\t\t\ttext-align: center;\n\t\t\t\twidth: 33%;\n\t\t\t}\n\t\t\t#gallery-1 img {\n\t\t\t\tborder: 2px solid #cfcfcf;\n\t\t\t}\n\t\t\t#gallery-1 .gallery-caption {\n\t\t\t\tmargin-left: 0;\n\t\t\t}\n\t\t\t\/* see gallery_shortcode() in wp-includes\/media.php *\/\n\t\t<\/style>\n\t\t<div id='gallery-1' class='gallery galleryid-4839 gallery-columns-3 gallery-size-thumbnail'><dl class='gallery-item'>\n\t\t\t<dt class='gallery-icon landscape'>\n\t\t\t\t<a href='https:\/\/sinprofaz.org.br\/2024\/noticias\/advocacia-privada-e-honorarios-sao-debatidos-em-reuniao-na-agu\/attachment\/01-278\/'><img loading=\"lazy\" decoding=\"async\" width=\"150\" height=\"150\" src=\"https:\/\/sinprofaz.org.br\/2024\/wp-content\/uploads\/2016\/06\/017-150x150.jpg\" class=\"attachment-thumbnail size-thumbnail\" alt=\"\" \/><\/a>\n\t\t\t<\/dt><\/dl><dl class='gallery-item'>\n\t\t\t<dt class='gallery-icon landscape'>\n\t\t\t\t<a href='https:\/\/sinprofaz.org.br\/2024\/noticias\/advocacia-privada-e-honorarios-sao-debatidos-em-reuniao-na-agu\/attachment\/02-109\/'><img loading=\"lazy\" decoding=\"async\" width=\"150\" height=\"150\" src=\"https:\/\/sinprofaz.org.br\/2024\/wp-content\/uploads\/2016\/06\/028-150x150.jpg\" class=\"attachment-thumbnail size-thumbnail\" alt=\"\" \/><\/a>\n\t\t\t<\/dt><\/dl>\n\t\t\t<br style='clear: both' \/>\n\t\t<\/div>\n\n","protected":false},"excerpt":{"rendered":"<p>O SINPROFAZ participou hoje de reuni\u00e3o com o Advogado-Geral da Uni\u00e3o, Medina Os\u00f3rio. No encontro, foram tratados temas como o cumprimento integral do acordo, o que implica no reconhecimento da advocacia privada. <\/p>\n","protected":false},"author":2,"featured_media":4841,"comment_status":"open","ping_status":"open","sticky":false,"template":"","format":"standard","meta":{"footnotes":""},"categories":[8],"tags":[43,23,33],"featured_image_url":"https:\/\/sinprofaz.org.br\/2024\/wp-content\/uploads\/2016\/06\/03-capa-800x198.jpg","character_count":1303,"formatted_date":"09\/06\/2016 - 18:13","contentNovo":"O SINPROFAZ, representado pelo Presidente Achilles Frias e pelo Conselheiro Fiscal Filipe Aguiar de Barros, participou hoje (9) de reuni\u00e3o com o Advogado-Geral da Uni\u00e3o, F\u00e1bio Medina Os\u00f3rio. Representantes de entidades da Advocacia P\u00fablica Federal tamb\u00e9m estiveram presentes no encontro, no qual foram tratados temas como o cumprimento integral do acordo firmado com o Governo, o que implica no reconhecimento da advocacia privada.\r\n\r\nEm rela\u00e7\u00e3o a esse pleito, Medina Os\u00f3rio afirmou que ainda h\u00e1 espa\u00e7o para negocia\u00e7\u00e3o e comprometeu-se \u00e0 buscar agenda junto ao Minist\u00e9rio da Fazenda para dar efetividade ao apoio da AGU. A declara\u00e7\u00e3o foi ao encontro do que defende o presidente do SINPROFAZ. \"Consideramos de fundamental import\u00e2ncia conquistar o apoio do Minist\u00e9rio da Fazenda, especialmente quanto \u00e0 quest\u00e3o da advocacia privada\", afirmou Achilles Frias.\r\n\r\nNo decorrer da reuni\u00e3o, o presidente do Sindicato abordou o erro cometido na reda\u00e7\u00e3o da emenda aprovada para inclus\u00e3o dos aposentados no Projeto de Lei. \"Em reuni\u00e3o entre a AGU e as associa\u00e7\u00f5es durante a gest\u00e3o anterior, chegamos ao consenso de incluir os aposentados com escalonamento de dez anos, terminando em 35%. Houve erro na emenda aprovada em plen\u00e1rio. O que queremos \u00e9 trabalhar conjuntamente, entidades e AGU, para revertermos a situa\u00e7\u00e3o\", explicou.\r\n\r\nAlinhado ao posicionamento das entidades, Medina Os\u00f3rio garantiu o apoio institucional da AGU para que a retifica\u00e7\u00e3o do texto seja conclu\u00edda nas pr\u00f3ximas semanas. \"Manifestamos nossa posi\u00e7\u00e3o totalmente favor\u00e1vel quanto ao cumprimento do acordo em rela\u00e7\u00e3o aos honor\u00e1rios e \u00e0 advocacia privada, a qual ainda est\u00e1 em aberto. A percep\u00e7\u00e3o dos honor\u00e1rios decorre do CPC. Acreditamos, ent\u00e3o, que ser\u00e1 aprovado no Senado sem dificuldades\", afirmou o Advogado-Geral da Uni\u00e3o.\r\n\r\nDiscutiu-se ainda a quest\u00e3o do acautelamento dos honor\u00e1rios. Achilles Frias destacou que as entidades apresentaram conjuntamente requerimento para o acautelamento desde a vig\u00eancia do CPC. Tal requerimento encontra-se pendente de solu\u00e7\u00e3o no \u00e2mbito da AGU. Medina Os\u00f3rio manifestou apoio ao pleito e determinou o imediato processamento do mencionado requerimento.\r\n\r\n[gallery ids=\"4840,4842\"]","_links":{"self":[{"href":"https:\/\/sinprofaz.org.br\/2024\/wp-json\/wp\/v2\/posts\/4839"}],"collection":[{"href":"https:\/\/sinprofaz.org.br\/2024\/wp-json\/wp\/v2\/posts"}],"about":[{"href":"https:\/\/sinprofaz.org.br\/2024\/wp-json\/wp\/v2\/types\/post"}],"author":[{"embeddable":true,"href":"https:\/\/sinprofaz.org.br\/2024\/wp-json\/wp\/v2\/users\/2"}],"replies":[{"embeddable":true,"href":"https:\/\/sinprofaz.org.br\/2024\/wp-json\/wp\/v2\/comments?post=4839"}],"version-history":[{"count":1,"href":"https:\/\/sinprofaz.org.br\/2024\/wp-json\/wp\/v2\/posts\/4839\/revisions"}],"predecessor-version":[{"id":4843,"href":"https:\/\/sinprofaz.org.br\/2024\/wp-json\/wp\/v2\/posts\/4839\/revisions\/4843"}],"wp:featuredmedia":[{"embeddable":true,"href":"https:\/\/sinprofaz.org.br\/2024\/wp-json\/wp\/v2\/media\/4841"}],"wp:attachment":[{"href":"https:\/\/sinprofaz.org.br\/2024\/wp-json\/wp\/v2\/media?parent=4839"}],"wp:term":[{"taxonomy":"category","embeddable":true,"href":"https:\/\/sinprofaz.org.br\/2024\/wp-json\/wp\/v2\/categories?post=4839"},{"taxonomy":"post_tag","embeddable":true,"href":"https:\/\/sinprofaz.org.br\/2024\/wp-json\/wp\/v2\/tags?post=4839"}],"curies":[{"name":"wp","href":"https:\/\/api.w.org\/{rel}","templated":true}]}}