{"id":4814,"date":"2016-06-07T20:56:29","date_gmt":"2016-06-07T20:56:29","guid":{"rendered":"http:\/\/www.sinprofaz.org.br\/?p=4814"},"modified":"2016-06-07T21:06:18","modified_gmt":"2016-06-07T21:06:18","slug":"entidades-debatem-mobilizacao-da-carreira","status":"publish","type":"post","link":"https:\/\/sinprofaz.org.br\/2024\/noticias\/entidades-debatem-mobilizacao-da-carreira\/","title":{"rendered":"ENTIDADES DEBATEM MOBILIZA\u00c7\u00c3O DA CARREIRA"},"content":{"rendered":"<p>As associa\u00e7\u00f5es representativas da Advocacia P\u00fablica Federal, ap\u00f3s receberem o apoio do presidente da Ordem dos Advogados do Brasil &#8211; OAB, nessa segunda-feira (6), reuniram-se para discutir sobre as diretrizes da mobiliza\u00e7\u00e3o a ser iniciada.<\/p>\n<p>Com vistas \u00e0 atua\u00e7\u00e3o alinhada das Carreiras que comp\u00f5em a AGU, as entidades convocaram reuni\u00f5es locais para que os associados pudessem opinar sobre a estrat\u00e9gia mais efetiva neste momento de descumprimento do acordo por parte do Governo Federal.<\/p>\n<p>Nesta ter\u00e7a-feira, a diretoria do SINPROFAZ se re\u00fane em Bras\u00edlia. Os diretores trar\u00e3o ao conhecimento dos demais o sentimento dos filiados lotados em cada Regional. A discuss\u00e3o priorit\u00e1ria do encontro ser\u00e1 a mobiliza\u00e7\u00e3o do associados do Sindicato. As delibera\u00e7\u00f5es ser\u00e3o comunicadas em breve.<\/p>\n\n\t\t<style type=\"text\/css\">\n\t\t\t#gallery-1 {\n\t\t\t\tmargin: auto;\n\t\t\t}\n\t\t\t#gallery-1 .gallery-item {\n\t\t\t\tfloat: left;\n\t\t\t\tmargin-top: 10px;\n\t\t\t\ttext-align: center;\n\t\t\t\twidth: 33%;\n\t\t\t}\n\t\t\t#gallery-1 img {\n\t\t\t\tborder: 2px solid #cfcfcf;\n\t\t\t}\n\t\t\t#gallery-1 .gallery-caption {\n\t\t\t\tmargin-left: 0;\n\t\t\t}\n\t\t\t\/* see gallery_shortcode() in wp-includes\/media.php *\/\n\t\t<\/style>\n\t\t<div id='gallery-1' class='gallery galleryid-4814 gallery-columns-3 gallery-size-thumbnail'><dl class='gallery-item'>\n\t\t\t<dt class='gallery-icon landscape'>\n\t\t\t\t<a href='https:\/\/sinprofaz.org.br\/2024\/wp-content\/uploads\/2016\/06\/025.jpg'><img loading=\"lazy\" decoding=\"async\" width=\"150\" height=\"150\" src=\"https:\/\/sinprofaz.org.br\/2024\/wp-content\/uploads\/2016\/06\/025-150x150.jpg\" class=\"attachment-thumbnail size-thumbnail\" alt=\"\" \/><\/a>\n\t\t\t<\/dt><\/dl>\n\t\t\t<br style='clear: both' \/>\n\t\t<\/div>\n\n","protected":false},"excerpt":{"rendered":"<p>As associa\u00e7\u00f5es representativas da Advocacia P\u00fablica Federal, ap\u00f3s receberem o apoio do presidente da Ordem dos Advogados do Brasil &#8211; OAB, nessa segunda-feira (6), reuniram-se para debater sobre as diretrizes da mobiliza\u00e7\u00e3o a ser iniciada.<\/p>\n","protected":false},"author":2,"featured_media":4815,"comment_status":"open","ping_status":"open","sticky":false,"template":"","format":"standard","meta":{"footnotes":""},"categories":[8],"tags":[23,33],"featured_image_url":"https:\/\/sinprofaz.org.br\/2024\/wp-content\/uploads\/2016\/06\/014-800x198.jpg","character_count":582,"formatted_date":"07\/06\/2016 - 20:56","contentNovo":"<p>As associa\u00e7\u00f5es representativas da Advocacia P\u00fablica Federal, ap\u00f3s receberem o apoio do presidente da Ordem dos Advogados do Brasil - OAB, nessa segunda-feira (6), reuniram-se para discutir sobre as diretrizes da mobiliza\u00e7\u00e3o a ser iniciada.<\/p><p>Com vistas \u00e0 atua\u00e7\u00e3o alinhada das Carreiras que comp\u00f5em a AGU, as entidades convocaram reuni\u00f5es locais para que os associados pudessem opinar sobre a estrat\u00e9gia mais efetiva neste momento de descumprimento do acordo por parte do Governo Federal.<\/p><p>Nesta ter\u00e7a-feira, a diretoria do SINPROFAZ se re\u00fane em Bras\u00edlia. Os diretores trar\u00e3o ao conhecimento dos demais o sentimento dos filiados lotados em cada Regional. A discuss\u00e3o priorit\u00e1ria do encontro ser\u00e1 a mobiliza\u00e7\u00e3o do associados do Sindicato. As delibera\u00e7\u00f5es ser\u00e3o comunicadas em breve.<\/p>\r\n[gallery link=\"file\" ids=\"4816\"]","_links":{"self":[{"href":"https:\/\/sinprofaz.org.br\/2024\/wp-json\/wp\/v2\/posts\/4814"}],"collection":[{"href":"https:\/\/sinprofaz.org.br\/2024\/wp-json\/wp\/v2\/posts"}],"about":[{"href":"https:\/\/sinprofaz.org.br\/2024\/wp-json\/wp\/v2\/types\/post"}],"author":[{"embeddable":true,"href":"https:\/\/sinprofaz.org.br\/2024\/wp-json\/wp\/v2\/users\/2"}],"replies":[{"embeddable":true,"href":"https:\/\/sinprofaz.org.br\/2024\/wp-json\/wp\/v2\/comments?post=4814"}],"version-history":[{"count":2,"href":"https:\/\/sinprofaz.org.br\/2024\/wp-json\/wp\/v2\/posts\/4814\/revisions"}],"predecessor-version":[{"id":4819,"href":"https:\/\/sinprofaz.org.br\/2024\/wp-json\/wp\/v2\/posts\/4814\/revisions\/4819"}],"wp:featuredmedia":[{"embeddable":true,"href":"https:\/\/sinprofaz.org.br\/2024\/wp-json\/wp\/v2\/media\/4815"}],"wp:attachment":[{"href":"https:\/\/sinprofaz.org.br\/2024\/wp-json\/wp\/v2\/media?parent=4814"}],"wp:term":[{"taxonomy":"category","embeddable":true,"href":"https:\/\/sinprofaz.org.br\/2024\/wp-json\/wp\/v2\/categories?post=4814"},{"taxonomy":"post_tag","embeddable":true,"href":"https:\/\/sinprofaz.org.br\/2024\/wp-json\/wp\/v2\/tags?post=4814"}],"curies":[{"name":"wp","href":"https:\/\/api.w.org\/{rel}","templated":true}]}}