{"id":478,"date":"2011-11-28T15:49:32","date_gmt":"2011-11-28T15:49:32","guid":{"rendered":""},"modified":"-0001-11-30T00:00:00","modified_gmt":"-0001-11-30T03:00:00","slug":"reajuste-sinprofaz-e-forum-nacional-reforcam-acoes-no-congresso","status":"publish","type":"post","link":"https:\/\/sinprofaz.org.br\/2024\/noticias\/reajuste-sinprofaz-e-forum-nacional-reforcam-acoes-no-congresso\/","title":{"rendered":"Reajuste: SINPROFAZ e Forum Nacional refor\u00e7am a\u00e7\u00f5es no Congresso"},"content":{"rendered":"<p>\u00c9 muito importante que os membros das carreiras da Advocacia P\u00fablica continuem mobilizados e participem dos atos convocados pelo Forum Nacional e SINPROFAZ.<\/p>\n<p>O Sindicato reitera especialmente aos Procuradores da Fazenda a import\u00e2ncia de comparecerem \u00e0 C\u00e2mara dos Deputados na pr\u00f3xima quinta-feira, 1\u00ba de dezembro, a partir das 9h. O trabalho no Parlamento ter\u00e1 in\u00edcio com a realiza\u00e7\u00e3o de audi\u00eancia p\u00fablica da Comiss\u00e3o Especial da PEC 443\/09, no plen\u00e1rio 5, anexo II, da Casa. Ap\u00f3s a reuni\u00e3o, ser\u00e1 cumprida agenda de visitas e audi\u00eancias com v\u00e1rios parlamentares.<\/p>\n<p>A estrat\u00e9gia de refor\u00e7ar a atua\u00e7\u00e3o no Congresso \u00e9 mais uma iniciativa do Forum Nacional e do SINPROFAZ contra a postura do governo em dar tratamento diferenciado a determinadas carreiras na previs\u00e3o or\u00e7ament\u00e1ria.<\/p>\n<p>Este tratamento diferenciado foi confirmado com a aprova\u00e7\u00e3o, em 23\/11, na Comiss\u00e3o de Constitui\u00e7\u00e3o, Justi\u00e7a e Cidadania da C\u00e2mara dos Deputados, de emenda or\u00e7ament\u00e1ria para o Plano de Cargos e Sal\u00e1rios dos servidores do Poder Judici\u00e1rio e do Minist\u00e9rio P\u00fablico e para aumento do subs\u00eddio dos ministros do Supremo Tribunal Federal.<\/p>\n<p><b>Hist\u00f3rico<\/b><\/p>\n<p>Desde que a nova Diretoria do Sindicato e do Forum deram in\u00edcio ao seu trabalho, em continuidade aos atos j\u00e1 realizados pelas diretorias anteriores, foram convocadas quatro mobiliza\u00e7\u00f5es.<\/p>\n<p>Em todas essas mobiliza\u00e7\u00f5es, o mote principal sempre foi a necessidade de garantir tratamento ison\u00f4mico entre as Fun\u00e7\u00f5es Essenciais \u00e0 Justi\u00e7a, com destaque para o relan\u00e7amento da campanha \u201cHonor\u00e1rios para Todos\u201d e todas as atividades relacionadas \u00e0 PEC 443\/09.<\/p>\n<p>O Forum e o SINPROFAZ v\u00eam insistindo no argumento de que qualquer reajuste a ser concedido para a Magistratura ou Minist\u00e9rio P\u00fablico deve ser estendido \u00e0 Advocacia P\u00fablica Federal pela similitude das fun\u00e7\u00f5es e pelo que determina a Constitui\u00e7\u00e3o.<\/p>\n<p><b>Emenda Defensoria<\/b><\/p>\n<p>O SINPROFAZ faz quest\u00e3o de registrar aos filiados que acompanha os \u00faltimos desdobramentos das emendas ao Or\u00e7amento da Uni\u00e3o.<\/p>\n<p>Vale ressaltar que a luta pelo tratamento ison\u00f4mico entre as Fun\u00e7\u00f5es Essenciais \u00e0 Justi\u00e7a tem sido cont\u00ednua no Congresso Nacional, junto \u00e0s autoridades do Poder Executivo, na m\u00eddia, entre outros agentes pol\u00edticos.<\/p>\n<p>Neste contexto, \u00e9 imprescind\u00edvel prestar um esclarecimento acerca de informa\u00e7\u00e3o de que a DPU teria inclu\u00eddo verba para seu reajuste atrav\u00e9s de emenda da CCJ do Senado no Or\u00e7amento.<\/p>\n<p>De fato, a CCJ do Senado aumentou o or\u00e7amento destinado \u00e0s despesas de custeio da DPU, todavia n\u00e3o previu possibilidade de reajuste. Al\u00e9m disso, a aprova\u00e7\u00e3o desse aumento de despesa de custeio exige aprova\u00e7\u00e3o no plen\u00e1rio.<\/p>\n<p>A Anadef \u2013 Associa\u00e7\u00e3o Nacional dos Defensores P\u00fablicos Federais continuar\u00e1 atuando em conjunto com o Forum Nacional porque n\u00e3o concorda que o governo conceda poss\u00edvel aumento remunerat\u00f3rio apenas aos agentes p\u00fablicos do Poder Judici\u00e1rio e do Minist\u00e9rio P\u00fablico. A entidade tamb\u00e9m convocou os membros da carreira para a mobiliza\u00e7\u00e3o de quinta-feira, 1\u00ba de dezembro, no Congresso Nacional.<\/p>\n<p><b>Outras pautas<\/b><\/p>\n<p>Al\u00e9m do pleito de tratamento ison\u00f4mico entre as Fun\u00e7\u00f5es Essenciais \u00e0 Justi\u00e7a, incluindo remunera\u00e7\u00e3o, estrutura e prerrogativas, a atua\u00e7\u00e3o do Forum e do SINPROFAZ junto aos parlamentares e autoridades tem destacado as seguintes pautas:<\/p>\n<p>1) Campanha em torno dos honor\u00e1rios, como direito dos advogados, sejam p\u00fablicos ou provados, conforme determina a Lei n\u00ba 8906\/94;<\/p>\n<p>2) Falta de estrutura da AGU e PGFN, carecendo, assim, de pessoal de apoio;<\/p>\n<p>3) Grande quantitativo de trabalho, o que demanda o provimento de todo o quadro de PFNs e demais carreiras da AGU, bem como estrutura\u00e7\u00e3o de carreira de apoio.<\/p>\n<p>Ao destacar essas lutas, esclarece-se o papel da AGU e PGFN para o Estado, ressaltando o retorno que as a\u00e7\u00f5es dos respectivos \u00f3rg\u00e3os geram ao Estado brasileiro. Esse trabalho tem resultado no reconhecimento das respectivas atividades.<\/p>\n<p>O SINPROFAZ recomenda aos Procuradores da Fazenda que acessem os links a seguir para rever as not\u00edcias sobre as mobiliza\u00e7\u00f5es em torno do reajuste, bem como acerca da agenda parlamentar cont\u00ednua do Forum e Sindicato, a manifesta\u00e7\u00e3o de parlamentares reconhecendo o papel da AGU e PGFN, al\u00e9m de interven\u00e7\u00f5es junto aos representantes do Poder Executivo.<\/p>\n<p><b>Mobiliza\u00e7\u00f5es em torno do reajuste<\/b><\/p>\n<p><a href=\"noticias\/sinprofraz-e-forum-nacional-reforcam-acoes-da-campanha-salarial\" target=\"_blank\">http:\/\/www.sinprofaz.org.br\/s\/noticias\/sinprofraz-e-forum-nacional-reforcam-acoes-da-campanha-salarial<\/a><br \/> <a href=\"noticias\/sinprofaz-realiza-age-em-12-de-agosto\" target=\"_blank\">http:\/\/www.sinprofaz.org.br\/s\/noticias\/sinprofaz-realiza-age-em-12-de-agosto<\/a><br \/> <a href=\"noticias\/agenda-da-mobilizacao-em-brasilia-9-a-12-de-agosto\" target=\"_blank\">http:\/\/www.sinprofaz.org.br\/s\/noticias\/agenda-da-mobilizacao-em-brasilia-9-a-12-de-agosto<\/a><br \/> <a href=\"noticias\/mpog-diz-que-reajuste-so-para-2013-forum-encampa-mobilizacao-nacional\" target=\"_blank\">http:\/\/www.sinprofaz.org.br\/s\/noticias\/mpog-diz-que-reajuste-so-para-2013-forum-encampa-mobilizacao-nacional<\/a><br \/> <a href=\"noticias\/7-de-setembro-forum-nacional-pede-reestruturacao-da-advocacia-publica\" target=\"_blank\">http:\/\/www.sinprofaz.org.br\/s\/noticias\/7-de-setembro-forum-nacional-pede-reestruturacao-da-advocacia-publica<\/a><br \/> <a href=\"noticias\/confira-o-calendario-da-mobilizacao-nacional-do-forum\" target=\"_blank\">http:\/\/www.sinprofaz.org.br\/s\/noticias\/confira-o-calendario-da-mobilizacao-nacional-do-forum<\/a><br \/> <a href=\"noticias\/honorarios-para-todos-relancamento-da-campanha-em-21-de-setembro\" target=\"_blank\">http:\/\/www.sinprofaz.org.br\/s\/noticias\/honorarios-para-todos-relancamento-da-campanha-em-21-de-setembro<\/a><br \/> <a href=\"noticias\/mobilizacao-campanha-honorarios-para-todos\" target=\"_blank\">http:\/\/www.sinprofaz.org.br\/s\/noticias\/mobilizacao-campanha-honorarios-para-todos<\/a><br \/> <a href=\"noticias\/forum-e-o-sinprofaz-iniciam-mobilizacao\" target=\"_blank\">http:\/\/www.sinprofaz.org.br\/s\/noticias\/forum-e-o-sinprofaz-iniciam-mobilizacao<\/a><br \/> <a href=\"noticias\/advocacia-publica-reage-a-tratamento-diferenciado-na-concessao-de-reajuste\" target=\"_blank\">http:\/\/www.sinprofaz.org.br\/s\/noticias\/advocacia-publica-reage-a-tratamento-diferenciado-na-concessao-de-reajuste<\/a><\/p>\n<p><b>Atua\u00e7\u00e3o no Parlamento defendendo o pleito de tratamento ison\u00f4mico e reajuste<\/b><\/p>\n<p><a href=\"noticias\/sinprofaz-reforca-pleitos-da-carreira-em-audiencia-com-parlamentares\" target=\"_blank\">http:\/\/www.sinprofaz.org.br\/s\/noticias\/sinprofaz-reforca-pleitos-da-carreira-em-audiencia-com-parlamentares<\/a><br \/> <a href=\"noticias\/relator-da-ldo-recebe-presidente-do-sinprofaz\" target=\"_blank\">http:\/\/www.sinprofaz.org.br\/s\/noticias\/relator-da-ldo-recebe-presidente-do-sinprofaz<\/a><br \/> <a href=\"noticias\/ato-pelo-tratamento-isonomico-dirigentes-se-reunem-com-diversos-parlamentares\" target=\"_blank\">http:\/\/www.sinprofaz.org.br\/s\/noticias\/ato-pelo-tratamento-isonomico-dirigentes-se-reunem-com-diversos-parlamentares<\/a><br \/> <a href=\"noticias\/tratamento-isonomico-apoio-de-diversos-deputados-marca-segundo-dia\" target=\"_blank\">http:\/\/www.sinprofaz.org.br\/s\/noticias\/tratamento-isonomico-apoio-de-diversos-deputados-marca-segundo-dia<\/a><br \/> <a href=\"noticias\/novos-apoios-a-tratamento-isonomico-entre-as-carreiras-das-funcoes-essenciais-a-justica\" target=\"_blank\">http:\/\/www.sinprofaz.org.br\/s\/noticias\/novos-apoios-a-tratamento-isonomico-entre-as-carreiras-das-funcoes-essenciais-a-justica<\/a><br \/> <a href=\"noticias\/forum-faz-novos-contatos-para-buscar-apoios-as-pecs-443-e-452\" target=\"_blank\">http:\/\/www.sinprofaz.org.br\/s\/noticias\/forum-faz-novos-contatos-para-buscar-apoios-as-pecs-443-e-452<\/a><br \/> <a href=\"noticias\/forum-nacional-reune-se-com-deputado-arnaldo-faria-de-sa\" target=\"_blank\">http:\/\/www.sinprofaz.org.br\/s\/noticias\/forum-nacional-reune-se-com-deputado-arnaldo-faria-de-sa<\/a><br \/> <a href=\"noticias\/presidente-e-vice-do-sinprofaz-em-atuacao-permanente-no-congresso\" target=\"_blank\">http:\/\/www.sinprofaz.org.br\/s\/noticias\/presidente-e-vice-do-sinprofaz-em-atuacao-permanente-no-congresso<\/a><br \/> <a href=\"noticias\/diretoria-do-sinprofaz-mantem-atuacao-permanente-no-congresso-nacional\" target=\"_blank\">http:\/\/www.sinprofaz.org.br\/s\/noticias\/diretoria-do-sinprofaz-mantem-atuacao-permanente-no-congresso-nacional<\/a><br \/> <a href=\"noticias\/atuacao-parlamentar-do-forum-nacional\" target=\"_blank\">http:\/\/www.sinprofaz.org.br\/s\/noticias\/tratamento-isonomico-forum-da-continuidade-ao-trabalho-parlamentar<br \/>http:\/\/www.sinprofaz.org.br\/s\/noticias\/atuacao-parlamentar-do-forum-nacional<\/a><a href=\"noticias\/agenda-na-camara-federal\" target=\"_blank\"><br \/>http:\/\/www.sinprofaz.org.br\/s\/noticias\/agenda-na-camara-federal<\/a><\/p>\n<p><b>Manifesta\u00e7\u00f5es p\u00fablicas de Deputados e Senadores defendendo a Advocacia P\u00fablica<\/b><\/p>\n<p><a href=\"noticias\/senador-wilson-santiago-enaltece-valores-da-advocacia-publica\" target=\"_blank\">http:\/\/www.sinprofaz.org.br\/s\/noticias\/senador-wilson-santiago-enaltece-valores-da-advocacia-publica<\/a><br \/> <a href=\"noticias\/mais-uma-manifestacao-de-parlamentar-em-apoio-as-pecs-443-e-452\" target=\"_blank\">http:\/\/www.sinprofaz.org.br\/s\/noticias\/mais-uma-manifestacao-de-parlamentar-em-apoio-as-pecs-443-e-452<\/a><br \/> <a href=\"noticias\/lider-do-pr-pronuncia-se-a-favor-dos-pleitos-da-advocacia-publica\" target=\"_blank\">http:\/\/www.sinprofaz.org.br\/s\/noticias\/lider-do-pr-pronuncia-se-a-favor-dos-pleitos-da-advocacia-publica<\/a><br \/> <a href=\"noticias\/deputado-comunica-a-camara-sobre-realizacao-do-11o-encontro-de-pfns\" target=\"_blank\">http:\/\/www.sinprofaz.org.br\/s\/noticias\/deputado-comunica-a-camara-sobre-realizacao-do-11o-encontro-de-pfns<\/a><\/p>\n<p><b>Reuni\u00f5es com autoridades do Poder Executivo defendendo o reajuste<\/b><\/p>\n<p><a href=\"noticias\/campanha-salarial-reuniao-do-forum-com-mpog\" target=\"_blank\">http:\/\/www.sinprofaz.org.br\/s\/noticias\/campanha-salarial-reuniao-do-forum-com-mpog<\/a><br \/> <a href=\"noticias\/sinprofaz-relata-sobrecarga-de-pfns-a-rh-do-ministerio-da-fazenda\" target=\"_blank\">http:\/\/www.sinprofaz.org.br\/s\/noticias\/sinprofaz-relata-sobrecarga-de-pfns-a-rh-do-ministerio-da-fazenda<\/a><br \/> <a href=\"noticias\/dirigentes-do-forum-participam-de-reuniao-com-ministro-da-agu\" target=\"_blank\">http:\/\/www.sinprofaz.org.br\/s\/noticias\/dirigentes-do-forum-participam-de-reuniao-com-ministro-da-agu<\/a><br \/> <a href=\"noticias\/campanha-salarial-nova-rodada-de-negociacoes-com-mpog\" target=\"_blank\">http:\/\/www.sinprofaz.org.br\/s\/noticias\/campanha-salarial-nova-rodada-de-negociacoes-com-mpog<\/a><br \/> <a href=\"noticias\/sindicato-reitera-pleitos-da-carreira-a-administracao\" target=\"_blank\">http:\/\/www.sinprofaz.org.br\/s\/noticias\/sindicato-reitera-pleitos-da-carreira-a-administracao<\/a><br \/> <a href=\"noticias\/sinprofaz-e-pgfn-debatem-interesses-da-carreira-de-pfn\" target=\"_blank\">http:\/\/www.sinprofaz.org.br\/s\/noticias\/sinprofaz-e-pgfn-debatem-interesses-da-carreira-de-pfn<\/a><br \/> <a href=\"noticias\/forum-trata-de-prerrogativas-e-reestruturacao-da-agu-com-casa-civil\" target=\"_blank\">http:\/\/www.sinprofaz.org.br\/s\/noticias\/forum-trata-de-prerrogativas-e-reestruturacao-da-agu-com-casa-civil<\/a><br \/> <a href=\"noticias\/dirigentes-do-forum-reunem-se-com-secretario-de-reforma-do-judiciario\" target=\"_blank\">http:\/\/www.sinprofaz.org.br\/s\/noticias\/dirigentes-do-forum-reunem-se-com-secretario-de-reforma-do-judiciario<\/a><br \/> <a href=\"noticias\/forum-nacional-e-recebido-por-agu-para-tratar-demandas-das-carreiras\" target=\"_blank\">http:\/\/www.sinprofaz.org.br\/s\/noticias\/forum-nacional-e-recebido-por-agu-para-tratar-demandas-das-carreiras<\/a><\/p>\n","protected":false},"excerpt":{"rendered":"<p>Conforme j\u00e1 noticiado em nota, entidades n\u00e3o v\u00e3o admitir tratamento diferenciado para a Magistratura e Minist\u00e9rio P\u00fablico e convocam mobiliza\u00e7\u00e3o para quinta-feira, 1\u00ba de dezembro.<\/p>\n","protected":false},"author":1,"featured_media":0,"comment_status":"closed","ping_status":"open","sticky":false,"template":"","format":"standard","meta":{"footnotes":""},"categories":[8],"tags":[],"featured_image_url":"https:\/\/dummyimage.com\/720x400","character_count":4017,"formatted_date":"28\/11\/2011 - 15:49","contentNovo":"\r\n<p>\u00c9 muito importante que os membros das carreiras da Advocacia P\u00fablica continuem mobilizados e participem dos atos convocados pelo Forum Nacional e SINPROFAZ.<\/p>\r\n<p>O Sindicato reitera especialmente aos Procuradores da Fazenda a import\u00e2ncia de comparecerem \u00e0 C\u00e2mara dos Deputados na pr\u00f3xima quinta-feira, 1\u00ba de dezembro, a partir das 9h. O trabalho no Parlamento ter\u00e1 in\u00edcio com a realiza\u00e7\u00e3o de audi\u00eancia p\u00fablica da Comiss\u00e3o Especial da PEC 443\/09, no plen\u00e1rio 5, anexo II, da Casa. Ap\u00f3s a reuni\u00e3o, ser\u00e1 cumprida agenda de visitas e audi\u00eancias com v\u00e1rios parlamentares.<\/p>\r\n<p>A estrat\u00e9gia de refor\u00e7ar a atua\u00e7\u00e3o no Congresso \u00e9 mais uma iniciativa do Forum Nacional e do SINPROFAZ contra a postura do governo em dar tratamento diferenciado a determinadas carreiras na previs\u00e3o or\u00e7ament\u00e1ria.<\/p>\r\n<p>Este tratamento diferenciado foi confirmado com a aprova\u00e7\u00e3o, em 23\/11, na Comiss\u00e3o de Constitui\u00e7\u00e3o, Justi\u00e7a e Cidadania da C\u00e2mara dos Deputados, de emenda or\u00e7ament\u00e1ria para o Plano de Cargos e Sal\u00e1rios dos servidores do Poder Judici\u00e1rio e do Minist\u00e9rio P\u00fablico e para aumento do subs\u00eddio dos ministros do Supremo Tribunal Federal.<\/p>\r\n<p>Hist\u00f3rico<\/p>\r\n<p>Desde que a nova Diretoria do Sindicato e do Forum deram in\u00edcio ao seu trabalho, em continuidade aos atos j\u00e1 realizados pelas diretorias anteriores, foram convocadas quatro mobiliza\u00e7\u00f5es.<\/p>\r\n<p>Em todas essas mobiliza\u00e7\u00f5es, o mote principal sempre foi a necessidade de garantir tratamento ison\u00f4mico entre as Fun\u00e7\u00f5es Essenciais \u00e0 Justi\u00e7a, com destaque para o relan\u00e7amento da campanha \u201cHonor\u00e1rios para Todos\u201d e todas as atividades relacionadas \u00e0 PEC 443\/09.<\/p>\r\n<p>O Forum e o SINPROFAZ v\u00eam insistindo no argumento de que qualquer reajuste a ser concedido para a Magistratura ou Minist\u00e9rio P\u00fablico deve ser estendido \u00e0 Advocacia P\u00fablica Federal pela similitude das fun\u00e7\u00f5es e pelo que determina a Constitui\u00e7\u00e3o.<\/p>\r\n<p>Emenda Defensoria<\/p>\r\n<p>O SINPROFAZ faz quest\u00e3o de registrar aos filiados que acompanha os \u00faltimos desdobramentos das emendas ao Or\u00e7amento da Uni\u00e3o.<\/p>\r\n<p>Vale ressaltar que a luta pelo tratamento ison\u00f4mico entre as Fun\u00e7\u00f5es Essenciais \u00e0 Justi\u00e7a tem sido cont\u00ednua no Congresso Nacional, junto \u00e0s autoridades do Poder Executivo, na m\u00eddia, entre outros agentes pol\u00edticos.<\/p>\r\n<p>Neste contexto, \u00e9 imprescind\u00edvel prestar um esclarecimento acerca de informa\u00e7\u00e3o de que a DPU teria inclu\u00eddo verba para seu reajuste atrav\u00e9s de emenda da CCJ do Senado no Or\u00e7amento.<\/p>\r\n<p>De fato, a CCJ do Senado aumentou o or\u00e7amento destinado \u00e0s despesas de custeio da DPU, todavia n\u00e3o previu possibilidade de reajuste. Al\u00e9m disso, a aprova\u00e7\u00e3o desse aumento de despesa de custeio exige aprova\u00e7\u00e3o no plen\u00e1rio.<\/p>\r\n<p>A Anadef \u2013 Associa\u00e7\u00e3o Nacional dos Defensores P\u00fablicos Federais continuar\u00e1 atuando em conjunto com o Forum Nacional porque n\u00e3o concorda que o governo conceda poss\u00edvel aumento remunerat\u00f3rio apenas aos agentes p\u00fablicos do Poder Judici\u00e1rio e do Minist\u00e9rio P\u00fablico. A entidade tamb\u00e9m convocou os membros da carreira para a mobiliza\u00e7\u00e3o de quinta-feira, 1\u00ba de dezembro, no Congresso Nacional.<\/p>\r\n<p>Outras pautas<\/p>\r\n<p>Al\u00e9m do pleito de tratamento ison\u00f4mico entre as Fun\u00e7\u00f5es Essenciais \u00e0 Justi\u00e7a, incluindo remunera\u00e7\u00e3o, estrutura e prerrogativas, a atua\u00e7\u00e3o do Forum e do SINPROFAZ junto aos parlamentares e autoridades tem destacado as seguintes pautas:<\/p>\r\n<p>1) Campanha em torno dos honor\u00e1rios, como direito dos advogados, sejam p\u00fablicos ou provados, conforme determina a Lei n\u00ba 8906\/94;<\/p>\r\n<p>2) Falta de estrutura da AGU e PGFN, carecendo, assim, de pessoal de apoio;<\/p>\r\n<p>3) Grande quantitativo de trabalho, o que demanda o provimento de todo o quadro de PFNs e demais carreiras da AGU, bem como estrutura\u00e7\u00e3o de carreira de apoio.<\/p>\r\n<p>Ao destacar essas lutas, esclarece-se o papel da AGU e PGFN para o Estado, ressaltando o retorno que as a\u00e7\u00f5es dos respectivos \u00f3rg\u00e3os geram ao Estado brasileiro. Esse trabalho tem resultado no reconhecimento das respectivas atividades.<\/p>\r\n<p>O SINPROFAZ recomenda aos Procuradores da Fazenda que acessem os links a seguir para rever as not\u00edcias sobre as mobiliza\u00e7\u00f5es em torno do reajuste, bem como acerca da agenda parlamentar cont\u00ednua do Forum e Sindicato, a manifesta\u00e7\u00e3o de parlamentares reconhecendo o papel da AGU e PGFN, al\u00e9m de interven\u00e7\u00f5es junto aos representantes do Poder Executivo.<\/p>\r\n<p>Mobiliza\u00e7\u00f5es em torno do reajuste<\/p>\r\n<p><a href=\"noticias\/sinprofraz-e-forum-nacional-reforcam-acoes-da-campanha-salarial\" target=\"_blank\">http:\/\/www.sinprofaz.org.br\/s\/noticias\/sinprofraz-e-forum-nacional-reforcam-acoes-da-campanha-salarial<\/a> <a href=\"noticias\/sinprofaz-realiza-age-em-12-de-agosto\" target=\"_blank\">http:\/\/www.sinprofaz.org.br\/s\/noticias\/sinprofaz-realiza-age-em-12-de-agosto<\/a> <a href=\"noticias\/agenda-da-mobilizacao-em-brasilia-9-a-12-de-agosto\" target=\"_blank\">http:\/\/www.sinprofaz.org.br\/s\/noticias\/agenda-da-mobilizacao-em-brasilia-9-a-12-de-agosto<\/a> <a href=\"noticias\/mpog-diz-que-reajuste-so-para-2013-forum-encampa-mobilizacao-nacional\" target=\"_blank\">http:\/\/www.sinprofaz.org.br\/s\/noticias\/mpog-diz-que-reajuste-so-para-2013-forum-encampa-mobilizacao-nacional<\/a> <a href=\"noticias\/7-de-setembro-forum-nacional-pede-reestruturacao-da-advocacia-publica\" target=\"_blank\">http:\/\/www.sinprofaz.org.br\/s\/noticias\/7-de-setembro-forum-nacional-pede-reestruturacao-da-advocacia-publica<\/a> <a href=\"noticias\/confira-o-calendario-da-mobilizacao-nacional-do-forum\" target=\"_blank\">http:\/\/www.sinprofaz.org.br\/s\/noticias\/confira-o-calendario-da-mobilizacao-nacional-do-forum<\/a> <a href=\"noticias\/honorarios-para-todos-relancamento-da-campanha-em-21-de-setembro\" target=\"_blank\">http:\/\/www.sinprofaz.org.br\/s\/noticias\/honorarios-para-todos-relancamento-da-campanha-em-21-de-setembro<\/a> <a href=\"noticias\/mobilizacao-campanha-honorarios-para-todos\" target=\"_blank\">http:\/\/www.sinprofaz.org.br\/s\/noticias\/mobilizacao-campanha-honorarios-para-todos<\/a> <a href=\"noticias\/forum-e-o-sinprofaz-iniciam-mobilizacao\" target=\"_blank\">http:\/\/www.sinprofaz.org.br\/s\/noticias\/forum-e-o-sinprofaz-iniciam-mobilizacao<\/a> <a href=\"noticias\/advocacia-publica-reage-a-tratamento-diferenciado-na-concessao-de-reajuste\" target=\"_blank\">http:\/\/www.sinprofaz.org.br\/s\/noticias\/advocacia-publica-reage-a-tratamento-diferenciado-na-concessao-de-reajuste<\/a><\/p>\r\n<p>Atua\u00e7\u00e3o no Parlamento defendendo o pleito de tratamento ison\u00f4mico e reajuste<\/p>\r\n<p><a href=\"noticias\/sinprofaz-reforca-pleitos-da-carreira-em-audiencia-com-parlamentares\" target=\"_blank\">http:\/\/www.sinprofaz.org.br\/s\/noticias\/sinprofaz-reforca-pleitos-da-carreira-em-audiencia-com-parlamentares<\/a> <a href=\"noticias\/relator-da-ldo-recebe-presidente-do-sinprofaz\" target=\"_blank\">http:\/\/www.sinprofaz.org.br\/s\/noticias\/relator-da-ldo-recebe-presidente-do-sinprofaz<\/a> <a href=\"noticias\/ato-pelo-tratamento-isonomico-dirigentes-se-reunem-com-diversos-parlamentares\" target=\"_blank\">http:\/\/www.sinprofaz.org.br\/s\/noticias\/ato-pelo-tratamento-isonomico-dirigentes-se-reunem-com-diversos-parlamentares<\/a> <a href=\"noticias\/tratamento-isonomico-apoio-de-diversos-deputados-marca-segundo-dia\" target=\"_blank\">http:\/\/www.sinprofaz.org.br\/s\/noticias\/tratamento-isonomico-apoio-de-diversos-deputados-marca-segundo-dia<\/a> <a href=\"noticias\/novos-apoios-a-tratamento-isonomico-entre-as-carreiras-das-funcoes-essenciais-a-justica\" target=\"_blank\">http:\/\/www.sinprofaz.org.br\/s\/noticias\/novos-apoios-a-tratamento-isonomico-entre-as-carreiras-das-funcoes-essenciais-a-justica<\/a> <a href=\"noticias\/forum-faz-novos-contatos-para-buscar-apoios-as-pecs-443-e-452\" target=\"_blank\">http:\/\/www.sinprofaz.org.br\/s\/noticias\/forum-faz-novos-contatos-para-buscar-apoios-as-pecs-443-e-452<\/a> <a href=\"noticias\/forum-nacional-reune-se-com-deputado-arnaldo-faria-de-sa\" target=\"_blank\">http:\/\/www.sinprofaz.org.br\/s\/noticias\/forum-nacional-reune-se-com-deputado-arnaldo-faria-de-sa<\/a> <a href=\"noticias\/presidente-e-vice-do-sinprofaz-em-atuacao-permanente-no-congresso\" target=\"_blank\">http:\/\/www.sinprofaz.org.br\/s\/noticias\/presidente-e-vice-do-sinprofaz-em-atuacao-permanente-no-congresso<\/a> <a href=\"noticias\/diretoria-do-sinprofaz-mantem-atuacao-permanente-no-congresso-nacional\" target=\"_blank\">http:\/\/www.sinprofaz.org.br\/s\/noticias\/diretoria-do-sinprofaz-mantem-atuacao-permanente-no-congresso-nacional<\/a> <a href=\"noticias\/atuacao-parlamentar-do-forum-nacional\" target=\"_blank\">http:\/\/www.sinprofaz.org.br\/s\/noticias\/tratamento-isonomico-forum-da-continuidade-ao-trabalho-parlamentarhttp:\/\/www.sinprofaz.org.br\/s\/noticias\/atuacao-parlamentar-do-forum-nacional<\/a><a href=\"noticias\/agenda-na-camara-federal\" target=\"_blank\">http:\/\/www.sinprofaz.org.br\/s\/noticias\/agenda-na-camara-federal<\/a><\/p>\r\n<p>Manifesta\u00e7\u00f5es p\u00fablicas de Deputados e Senadores defendendo a Advocacia P\u00fablica<\/p>\r\n<p><a href=\"noticias\/senador-wilson-santiago-enaltece-valores-da-advocacia-publica\" target=\"_blank\">http:\/\/www.sinprofaz.org.br\/s\/noticias\/senador-wilson-santiago-enaltece-valores-da-advocacia-publica<\/a> <a href=\"noticias\/mais-uma-manifestacao-de-parlamentar-em-apoio-as-pecs-443-e-452\" target=\"_blank\">http:\/\/www.sinprofaz.org.br\/s\/noticias\/mais-uma-manifestacao-de-parlamentar-em-apoio-as-pecs-443-e-452<\/a> <a href=\"noticias\/lider-do-pr-pronuncia-se-a-favor-dos-pleitos-da-advocacia-publica\" target=\"_blank\">http:\/\/www.sinprofaz.org.br\/s\/noticias\/lider-do-pr-pronuncia-se-a-favor-dos-pleitos-da-advocacia-publica<\/a> <a href=\"noticias\/deputado-comunica-a-camara-sobre-realizacao-do-11o-encontro-de-pfns\" target=\"_blank\">http:\/\/www.sinprofaz.org.br\/s\/noticias\/deputado-comunica-a-camara-sobre-realizacao-do-11o-encontro-de-pfns<\/a><\/p>\r\n<p>Reuni\u00f5es com autoridades do Poder Executivo defendendo o reajuste<\/p>\r\n<p><a href=\"noticias\/campanha-salarial-reuniao-do-forum-com-mpog\" target=\"_blank\">http:\/\/www.sinprofaz.org.br\/s\/noticias\/campanha-salarial-reuniao-do-forum-com-mpog<\/a> <a href=\"noticias\/sinprofaz-relata-sobrecarga-de-pfns-a-rh-do-ministerio-da-fazenda\" target=\"_blank\">http:\/\/www.sinprofaz.org.br\/s\/noticias\/sinprofaz-relata-sobrecarga-de-pfns-a-rh-do-ministerio-da-fazenda<\/a> <a href=\"noticias\/dirigentes-do-forum-participam-de-reuniao-com-ministro-da-agu\" target=\"_blank\">http:\/\/www.sinprofaz.org.br\/s\/noticias\/dirigentes-do-forum-participam-de-reuniao-com-ministro-da-agu<\/a> <a href=\"noticias\/campanha-salarial-nova-rodada-de-negociacoes-com-mpog\" target=\"_blank\">http:\/\/www.sinprofaz.org.br\/s\/noticias\/campanha-salarial-nova-rodada-de-negociacoes-com-mpog<\/a> <a href=\"noticias\/sindicato-reitera-pleitos-da-carreira-a-administracao\" target=\"_blank\">http:\/\/www.sinprofaz.org.br\/s\/noticias\/sindicato-reitera-pleitos-da-carreira-a-administracao<\/a> <a href=\"noticias\/sinprofaz-e-pgfn-debatem-interesses-da-carreira-de-pfn\" target=\"_blank\">http:\/\/www.sinprofaz.org.br\/s\/noticias\/sinprofaz-e-pgfn-debatem-interesses-da-carreira-de-pfn<\/a> <a href=\"noticias\/forum-trata-de-prerrogativas-e-reestruturacao-da-agu-com-casa-civil\" target=\"_blank\">http:\/\/www.sinprofaz.org.br\/s\/noticias\/forum-trata-de-prerrogativas-e-reestruturacao-da-agu-com-casa-civil<\/a> <a href=\"noticias\/dirigentes-do-forum-reunem-se-com-secretario-de-reforma-do-judiciario\" target=\"_blank\">http:\/\/www.sinprofaz.org.br\/s\/noticias\/dirigentes-do-forum-reunem-se-com-secretario-de-reforma-do-judiciario<\/a> <a href=\"noticias\/forum-nacional-e-recebido-por-agu-para-tratar-demandas-das-carreiras\" target=\"_blank\">http:\/\/www.sinprofaz.org.br\/s\/noticias\/forum-nacional-e-recebido-por-agu-para-tratar-demandas-das-carreiras<\/a><\/p>","_links":{"self":[{"href":"https:\/\/sinprofaz.org.br\/2024\/wp-json\/wp\/v2\/posts\/478"}],"collection":[{"href":"https:\/\/sinprofaz.org.br\/2024\/wp-json\/wp\/v2\/posts"}],"about":[{"href":"https:\/\/sinprofaz.org.br\/2024\/wp-json\/wp\/v2\/types\/post"}],"author":[{"embeddable":true,"href":"https:\/\/sinprofaz.org.br\/2024\/wp-json\/wp\/v2\/users\/1"}],"replies":[{"embeddable":true,"href":"https:\/\/sinprofaz.org.br\/2024\/wp-json\/wp\/v2\/comments?post=478"}],"version-history":[{"count":0,"href":"https:\/\/sinprofaz.org.br\/2024\/wp-json\/wp\/v2\/posts\/478\/revisions"}],"wp:attachment":[{"href":"https:\/\/sinprofaz.org.br\/2024\/wp-json\/wp\/v2\/media?parent=478"}],"wp:term":[{"taxonomy":"category","embeddable":true,"href":"https:\/\/sinprofaz.org.br\/2024\/wp-json\/wp\/v2\/categories?post=478"},{"taxonomy":"post_tag","embeddable":true,"href":"https:\/\/sinprofaz.org.br\/2024\/wp-json\/wp\/v2\/tags?post=478"}],"curies":[{"name":"wp","href":"https:\/\/api.w.org\/{rel}","templated":true}]}}