{"id":4668,"date":"2016-05-13T11:46:17","date_gmt":"2016-05-13T11:46:17","guid":{"rendered":"http:\/\/www.sinprofaz.org.br\/?p=4668"},"modified":"2016-05-13T20:53:56","modified_gmt":"2016-05-13T20:53:56","slug":"nota-sobre-indicacao-do-novo-agu","status":"publish","type":"post","link":"https:\/\/sinprofaz.org.br\/2024\/noticias\/nota-sobre-indicacao-do-novo-agu\/","title":{"rendered":"NOTA SOBRE INDICA\u00c7\u00c3O DO NOVO AGU"},"content":{"rendered":"<p>O Sindicato dos Procuradores da Fazenda Nacional &#8211; SINPROFAZ recebeu com espanto a not\u00edcia da indica\u00e7\u00e3o de advogado privado para ocupar o cargo de Advogado-Geral da Uni\u00e3o.<\/p>\n<p>Embora n\u00e3o se discuta o conhecimento jur\u00eddico do escolhido, os recentes epis\u00f3dios demonstram uma desmedida utiliza\u00e7\u00e3o pol\u00edtica da institui\u00e7\u00e3o, evidenciando a necessidade de reedifica\u00e7\u00e3o da AGU, de maneira que cres\u00e7a desapegada dos interesses de ocasi\u00e3o.<\/p>\n<p>A indica\u00e7\u00e3o de uma pessoa estranha ao quadro de advogados p\u00fablicos federais destoa da preval\u00eancia da dimens\u00e3o t\u00e9cnica do \u00f3rg\u00e3o e confere \u00e0 institui\u00e7\u00e3o a odiosa pecha de advocacia de governo, subserviente e voltada \u00e0 defesa de eventuais mandos do executivo.<\/p>\n<p>Somente a escolha de um Advogado-Geral da Uni\u00e3o pelos seus pares asseguraria o exerc\u00edcio t\u00edpico de uma Advocacia de Estado, alicer\u00e7ada \u00fanica e exclusivamente na submiss\u00e3o aos ditames da Constitui\u00e7\u00e3o e da Lei.<\/p>\n","protected":false},"excerpt":{"rendered":"<p>O SINPROFAZ recebeu com espanto a not\u00edcia da indica\u00e7\u00e3o de advogado privado para o cargo de Advogado-Geral da Uni\u00e3o. Somente a escolha de um AGU pelos seus pares asseguraria o exerc\u00edcio de uma Advocacia de Estado alicer\u00e7ada na Constitui\u00e7\u00e3o e na Lei.<\/p>\n","protected":false},"author":2,"featured_media":2630,"comment_status":"open","ping_status":"open","sticky":false,"template":"","format":"standard","meta":{"footnotes":""},"categories":[8],"tags":[43,32,25],"featured_image_url":"https:\/\/sinprofaz.org.br\/2024\/wp-content\/uploads\/2016\/01\/logo-sinprofaz1.jpg","character_count":467,"formatted_date":"13\/05\/2016 - 11:46","contentNovo":"<p>O Sindicato dos Procuradores da Fazenda Nacional - SINPROFAZ recebeu com espanto a not\u00edcia da indica\u00e7\u00e3o de advogado privado para ocupar o cargo de Advogado-Geral da Uni\u00e3o.<\/p><p>Embora n\u00e3o se discuta o conhecimento jur\u00eddico do escolhido, os recentes epis\u00f3dios demonstram uma desmedida utiliza\u00e7\u00e3o pol\u00edtica da institui\u00e7\u00e3o, evidenciando a necessidade de reedifica\u00e7\u00e3o da AGU, de maneira que cres\u00e7a desapegada dos interesses de ocasi\u00e3o.<\/p><p>A indica\u00e7\u00e3o de uma pessoa estranha ao quadro de advogados p\u00fablicos federais destoa da preval\u00eancia da dimens\u00e3o t\u00e9cnica do \u00f3rg\u00e3o e confere \u00e0 institui\u00e7\u00e3o a odiosa pecha de advocacia de governo, subserviente e voltada \u00e0 defesa de eventuais mandos do executivo.<\/p><p>Somente a escolha de um Advogado-Geral da Uni\u00e3o pelos seus pares asseguraria o exerc\u00edcio t\u00edpico de uma Advocacia de Estado, alicer\u00e7ada \u00fanica e exclusivamente na submiss\u00e3o aos ditames da Constitui\u00e7\u00e3o e da Lei.<\/p>\r\n","_links":{"self":[{"href":"https:\/\/sinprofaz.org.br\/2024\/wp-json\/wp\/v2\/posts\/4668"}],"collection":[{"href":"https:\/\/sinprofaz.org.br\/2024\/wp-json\/wp\/v2\/posts"}],"about":[{"href":"https:\/\/sinprofaz.org.br\/2024\/wp-json\/wp\/v2\/types\/post"}],"author":[{"embeddable":true,"href":"https:\/\/sinprofaz.org.br\/2024\/wp-json\/wp\/v2\/users\/2"}],"replies":[{"embeddable":true,"href":"https:\/\/sinprofaz.org.br\/2024\/wp-json\/wp\/v2\/comments?post=4668"}],"version-history":[{"count":1,"href":"https:\/\/sinprofaz.org.br\/2024\/wp-json\/wp\/v2\/posts\/4668\/revisions"}],"predecessor-version":[{"id":4669,"href":"https:\/\/sinprofaz.org.br\/2024\/wp-json\/wp\/v2\/posts\/4668\/revisions\/4669"}],"wp:featuredmedia":[{"embeddable":true,"href":"https:\/\/sinprofaz.org.br\/2024\/wp-json\/wp\/v2\/media\/2630"}],"wp:attachment":[{"href":"https:\/\/sinprofaz.org.br\/2024\/wp-json\/wp\/v2\/media?parent=4668"}],"wp:term":[{"taxonomy":"category","embeddable":true,"href":"https:\/\/sinprofaz.org.br\/2024\/wp-json\/wp\/v2\/categories?post=4668"},{"taxonomy":"post_tag","embeddable":true,"href":"https:\/\/sinprofaz.org.br\/2024\/wp-json\/wp\/v2\/tags?post=4668"}],"curies":[{"name":"wp","href":"https:\/\/api.w.org\/{rel}","templated":true}]}}