{"id":464,"date":"2011-11-19T17:25:46","date_gmt":"2011-11-19T17:25:46","guid":{"rendered":""},"modified":"-0001-11-30T00:00:00","modified_gmt":"-0001-11-30T03:00:00","slug":"novo-cpc-e-reforma-tributaria-em-pauta-no-11o-encontro-de-pfns","status":"publish","type":"post","link":"https:\/\/sinprofaz.org.br\/2024\/noticias\/novo-cpc-e-reforma-tributaria-em-pauta-no-11o-encontro-de-pfns\/","title":{"rendered":"Novo CPC e reforma tribut\u00e1ria em pauta no 11\u00ba Encontro de PFNs"},"content":{"rendered":"<p><img loading=\"lazy\" decoding=\"async\" style=\"margin-right: 10px; border: 1px solid #000000; float: left;\" alt=\"\" src=\"images\/noticias\/18-11-2011\/02.jpg\" height=\"154\" width=\"218\" \/>Esses temas foram os destaques no ciclo de palestras da segunda noite do evento em Cumbuco.<\/p>\n<p>O relator do novo C\u00f3digo de Processo Civil, deputado federal S\u00e9rgio Barradas Carneiro (PT-BA), abriu o ciclo de palestras nesta sexta-feira, 18 de novembro.<\/p>\n<p>O parlamentar, que percorre o Brasil coletando contribui\u00e7\u00f5es para formular seu relat\u00f3rio, pediu a colabora\u00e7\u00e3o dos PFNs para aperfei\u00e7oar o novo CPC, de modo que os processos se tornem mais c\u00e9leres, as concilia\u00e7\u00f5es e media\u00e7\u00f5es sejam ampliadas e tamb\u00e9m se garanta a percep\u00e7\u00e3o de honor\u00e1rios sucumbenciais aos advogados p\u00fablicos.<\/p>\n<p>\u201cVim aqui ouvir voc\u00eas, provoc\u00e1-los a me apontarem o que \u00e9 relevante no dia-a-dia profissional dos PFNs, especialmente na \u00e1rea de execu\u00e7\u00e3o\u201d, disse Barradas Carneiro, que ressaltou a marca deste novo CPC: a participa\u00e7\u00e3o de todos, presencial ou por meios eletr\u00f4nicos.<\/p>\n<p>O deputado comentou ainda que os pilares do novo CPC s\u00e3o a motiva\u00e7\u00e3o das decis\u00f5es e a efic\u00e1cia normativa da jurisprud\u00eancia, ou seja, na din\u00e2mica proposta haver\u00e1 a modula\u00e7\u00e3o da jurisprud\u00eancia com efeito <i>ex-nunc,<\/i> de forma que tudo o que for julgado sob este c\u00f3digo s\u00f3 valer\u00e1 da sua aprova\u00e7\u00e3o para frente.<\/p>\n<p>No que diz respeito ao est\u00edmulo \u00e0 concilia\u00e7\u00e3o e media\u00e7\u00e3o, Barradas Carneiro explicou que cada tribunal poder\u00e1 criar seu pr\u00f3prio setor de concilia\u00e7\u00e3o e dever\u00e1 manter um cadastro atualizado de conciliadores.<\/p>\n<p>Nas considera\u00e7\u00f5es finais, o relator do novo CPC fez um alerta. \u201cNada disso ser\u00e1 eficaz, entretanto, se n\u00e3o melhorarmos as condi\u00e7\u00f5es de funcionamento do Poder Judici\u00e1rio e n\u00e3o mudarmos a mentalidade dos advogados e ju\u00edzes para migrar de uma cultura beligerante para um perfil de concilia\u00e7\u00e3o\u201d.<\/p>\n<p><b>Reforma Tribut\u00e1ria, guerra fiscal e federalismo<\/b><\/p>\n<p>Para tratar desses assuntos, o palestrante convidado foi o senador Randolfe Rodrigues (PSol-AP).<\/p>\n<p>O senador, que tamb\u00e9m fez palestra no X Encontro de PFNs, realizado ano passado em B\u00fazios\/RJ, voltou a se posicionar sobre o modelo de sistema tribut\u00e1rio brasileiro, chamando aten\u00e7\u00e3o para a elevada carga tribut\u00e1ria e para a caracter\u00edstica de regressividade, que provoca injusti\u00e7as fiscais. \u201c\u00c9 uma carga que incide muito mais sobre o consumo do que sobre a renda e patrim\u00f4nio. Isso amplia o fosso das desigualdades sociais\u201d, comentou.<\/p>\n<p>De acordo com o senador, h\u00e1 quatro desafios a superar com a reforma tribut\u00e1ria: reduzir a carga, promover justi\u00e7a fiscal, unificar e desburocratizar, e estimular o desenvolvimento sustent\u00e1vel. Ele inseriu ao debate ainda a necessidade de repactua\u00e7\u00e3o da Federa\u00e7\u00e3o, o que dever\u00e1 gerar outras duas grandes batalhas, al\u00e9m da reforma tribut\u00e1ria, a distribui\u00e7\u00e3o dos royalties do mar e a nova reparti\u00e7\u00e3o do Fundo de Participa\u00e7\u00e3o dos Estados \u2013 FPE.<\/p>\n<p>A reforma pol\u00edtica foi mais um assunto em tela na exposi\u00e7\u00e3o do senador amapaense que disse \u201csentir aus\u00eancia de debate popular e entidades do movimento social\u201d.<\/p>\n<p>Randolfe Rodrigues compartilhou com a plateia suas opini\u00f5es sobre pontos controversos que est\u00e3o em discuss\u00e3o nas comiss\u00f5es especiais da C\u00e2mara e do Senado institu\u00eddas no in\u00edcio da Legislatura: sistemas eleitorais, financiamento eleitoral e partid\u00e1rio, coliga\u00e7\u00e3o na elei\u00e7\u00e3o proporcional, voto facultativo, cl\u00e1usula de desempenho, fidelidade partid\u00e1ria, entre outros.<\/p>\n<p><img loading=\"lazy\" decoding=\"async\" style=\"border: 1px solid #000000; margin-right: 5px; margin-top: 5px;\" alt=\"\" src=\"images\/noticias\/18-11-2011\/_MMR3381.jpg\" height=\"132\" width=\"200\" \/> <img loading=\"lazy\" decoding=\"async\" style=\"border: 1px solid #000000; margin-top: 5px; margin-right: 5px;\" alt=\"\" src=\"images\/noticias\/18-11-2011\/_MMR3384.jpg\" height=\"132\" width=\"200\" \/> <img loading=\"lazy\" decoding=\"async\" style=\"border: 1px solid #000000; margin-top: 5px; margin-right: 5px;\" alt=\"\" src=\"images\/noticias\/18-11-2011\/_MMR3403.jpg\" height=\"132\" width=\"200\" \/> <img loading=\"lazy\" decoding=\"async\" style=\"border: 1px solid #000000; margin-right: 5px; margin-top: 5px;\" alt=\"\" src=\"images\/noticias\/18-11-2011\/_MMR3501.jpg\" height=\"132\" width=\"200\" \/> <img loading=\"lazy\" decoding=\"async\" style=\"border: 1px solid #000000; margin-right: 5px; margin-top: 5px;\" alt=\"\" src=\"images\/noticias\/18-11-2011\/_MMR3568.jpg\" height=\"132\" width=\"200\" \/><\/p>\n<p><a href=\"http:\/\/www.encontrosinprofaz.com.br\/11\/fotos.php?idalbum=281201295251433\" target=\"_blank\">&nbsp;<\/a><\/p>\n","protected":false},"excerpt":{"rendered":"<p>Esses temas foram os destaques no ciclo de palestras da segunda noite do evento em Cumbuco.<\/p>\n","protected":false},"author":1,"featured_media":0,"comment_status":"closed","ping_status":"open","sticky":false,"template":"","format":"standard","meta":{"footnotes":""},"categories":[8],"tags":[],"featured_image_url":"https:\/\/dummyimage.com\/720x400","character_count":1664,"formatted_date":"19\/11\/2011 - 17:25","contentNovo":"\r\n<p>Esses temas foram os destaques no ciclo de palestras da segunda noite do evento em Cumbuco.<\/p>\r\n<p>O relator do novo C\u00f3digo de Processo Civil, deputado federal S\u00e9rgio Barradas Carneiro (PT-BA), abriu o ciclo de palestras nesta sexta-feira, 18 de novembro.<\/p>\r\n<p>O parlamentar, que percorre o Brasil coletando contribui\u00e7\u00f5es para formular seu relat\u00f3rio, pediu a colabora\u00e7\u00e3o dos PFNs para aperfei\u00e7oar o novo CPC, de modo que os processos se tornem mais c\u00e9leres, as concilia\u00e7\u00f5es e media\u00e7\u00f5es sejam ampliadas e tamb\u00e9m se garanta a percep\u00e7\u00e3o de honor\u00e1rios sucumbenciais aos advogados p\u00fablicos.<\/p>\r\n<p>\u201cVim aqui ouvir voc\u00eas, provoc\u00e1-los a me apontarem o que \u00e9 relevante no dia-a-dia profissional dos PFNs, especialmente na \u00e1rea de execu\u00e7\u00e3o\u201d, disse Barradas Carneiro, que ressaltou a marca deste novo CPC: a participa\u00e7\u00e3o de todos, presencial ou por meios eletr\u00f4nicos.<\/p>\r\n<p>O deputado comentou ainda que os pilares do novo CPC s\u00e3o a motiva\u00e7\u00e3o das decis\u00f5es e a efic\u00e1cia normativa da jurisprud\u00eancia, ou seja, na din\u00e2mica proposta haver\u00e1 a modula\u00e7\u00e3o da jurisprud\u00eancia com efeito ex-nunc, de forma que tudo o que for julgado sob este c\u00f3digo s\u00f3 valer\u00e1 da sua aprova\u00e7\u00e3o para frente.<\/p>\r\n<p>No que diz respeito ao est\u00edmulo \u00e0 concilia\u00e7\u00e3o e media\u00e7\u00e3o, Barradas Carneiro explicou que cada tribunal poder\u00e1 criar seu pr\u00f3prio setor de concilia\u00e7\u00e3o e dever\u00e1 manter um cadastro atualizado de conciliadores.<\/p>\r\n<p>Nas considera\u00e7\u00f5es finais, o relator do novo CPC fez um alerta. \u201cNada disso ser\u00e1 eficaz, entretanto, se n\u00e3o melhorarmos as condi\u00e7\u00f5es de funcionamento do Poder Judici\u00e1rio e n\u00e3o mudarmos a mentalidade dos advogados e ju\u00edzes para migrar de uma cultura beligerante para um perfil de concilia\u00e7\u00e3o\u201d.<\/p>\r\n<p>Reforma Tribut\u00e1ria, guerra fiscal e federalismo<\/p>\r\n<p>Para tratar desses assuntos, o palestrante convidado foi o senador Randolfe Rodrigues (PSol-AP).<\/p>\r\n<p>O senador, que tamb\u00e9m fez palestra no X Encontro de PFNs, realizado ano passado em B\u00fazios\/RJ, voltou a se posicionar sobre o modelo de sistema tribut\u00e1rio brasileiro, chamando aten\u00e7\u00e3o para a elevada carga tribut\u00e1ria e para a caracter\u00edstica de regressividade, que provoca injusti\u00e7as fiscais. \u201c\u00c9 uma carga que incide muito mais sobre o consumo do que sobre a renda e patrim\u00f4nio. Isso amplia o fosso das desigualdades sociais\u201d, comentou.<\/p>\r\n<p>De acordo com o senador, h\u00e1 quatro desafios a superar com a reforma tribut\u00e1ria: reduzir a carga, promover justi\u00e7a fiscal, unificar e desburocratizar, e estimular o desenvolvimento sustent\u00e1vel. Ele inseriu ao debate ainda a necessidade de repactua\u00e7\u00e3o da Federa\u00e7\u00e3o, o que dever\u00e1 gerar outras duas grandes batalhas, al\u00e9m da reforma tribut\u00e1ria, a distribui\u00e7\u00e3o dos royalties do mar e a nova reparti\u00e7\u00e3o do Fundo de Participa\u00e7\u00e3o dos Estados \u2013 FPE.<\/p>\r\n<p>A reforma pol\u00edtica foi mais um assunto em tela na exposi\u00e7\u00e3o do senador amapaense que disse \u201csentir aus\u00eancia de debate popular e entidades do movimento social\u201d.<\/p>\r\n<p>Randolfe Rodrigues compartilhou com a plateia suas opini\u00f5es sobre pontos controversos que est\u00e3o em discuss\u00e3o nas comiss\u00f5es especiais da C\u00e2mara e do Senado institu\u00eddas no in\u00edcio da Legislatura: sistemas eleitorais, financiamento eleitoral e partid\u00e1rio, coliga\u00e7\u00e3o na elei\u00e7\u00e3o proporcional, voto facultativo, cl\u00e1usula de desempenho, fidelidade partid\u00e1ria, entre outros.<\/p>\r\n<p>    <\/p>\r\n<p><a href=\"http:\/\/www.encontrosinprofaz.com.br\/11\/fotos.php?idalbum=281201295251433\" target=\"_blank\">&nbsp;<\/a><\/p>","_links":{"self":[{"href":"https:\/\/sinprofaz.org.br\/2024\/wp-json\/wp\/v2\/posts\/464"}],"collection":[{"href":"https:\/\/sinprofaz.org.br\/2024\/wp-json\/wp\/v2\/posts"}],"about":[{"href":"https:\/\/sinprofaz.org.br\/2024\/wp-json\/wp\/v2\/types\/post"}],"author":[{"embeddable":true,"href":"https:\/\/sinprofaz.org.br\/2024\/wp-json\/wp\/v2\/users\/1"}],"replies":[{"embeddable":true,"href":"https:\/\/sinprofaz.org.br\/2024\/wp-json\/wp\/v2\/comments?post=464"}],"version-history":[{"count":0,"href":"https:\/\/sinprofaz.org.br\/2024\/wp-json\/wp\/v2\/posts\/464\/revisions"}],"wp:attachment":[{"href":"https:\/\/sinprofaz.org.br\/2024\/wp-json\/wp\/v2\/media?parent=464"}],"wp:term":[{"taxonomy":"category","embeddable":true,"href":"https:\/\/sinprofaz.org.br\/2024\/wp-json\/wp\/v2\/categories?post=464"},{"taxonomy":"post_tag","embeddable":true,"href":"https:\/\/sinprofaz.org.br\/2024\/wp-json\/wp\/v2\/tags?post=464"}],"curies":[{"name":"wp","href":"https:\/\/api.w.org\/{rel}","templated":true}]}}