{"id":4619,"date":"2016-05-04T16:38:55","date_gmt":"2016-05-04T16:38:55","guid":{"rendered":"http:\/\/www.sinprofaz.org.br\/?p=4619"},"modified":"2016-05-09T12:13:19","modified_gmt":"2016-05-09T12:13:19","slug":"apos-mobilizacao-na-camara-requerimento-de-urgencia-entra-em-pauta","status":"publish","type":"post","link":"https:\/\/sinprofaz.org.br\/2024\/noticias\/apos-mobilizacao-na-camara-requerimento-de-urgencia-entra-em-pauta\/","title":{"rendered":"AP\u00d3S MOBILIZA\u00c7\u00c3O NA C\u00c2MARA, REQUERIMENTO DE URG\u00caNCIA ENTRA EM PAUTA"},"content":{"rendered":"<p>Associados do SINPROFAZ, ao lado de membros das demais Carreiras da AGU, compareceram em peso \u00e0 C\u00e2mara dos Deputados nessa ter\u00e7a-feira (03). A mobiliza\u00e7\u00e3o no Corredor de L\u00edderes refor\u00e7ou a necessidade, entre as lideran\u00e7as partid\u00e1rias, de aprova\u00e7\u00e3o do requerimento de urg\u00eancia para vota\u00e7\u00e3o do Projeto de Lei 4254\/2015.<\/p>\n<p>Na C\u00e2mara dos Deputados, o SINPROFAZ foi representado pela diretoria. Al\u00e9m do presidente Achilles Frias e do vice-presidente Juscelino Ferreira, participaram da mobiliza\u00e7\u00e3o os diretores Iolanda Guindani, Jos\u00e9 Ernane Brito, Giuliano Menezes, Arthur Porto, Roberto Rodrigues, Ant\u00f4nio Guedes, S\u00e9rgio Carneiro, Rodrigo Mellet e Caio Graco.<\/p>\n<p>Parlamentares da Casa foram abordados pelo presidente Achilles Frias durante a mobiliza\u00e7\u00e3o. Lideran\u00e7as como do PDT, Weverton Rocha (PDT\/MA), do DEM, Pauderney Avelino (DEM\/AM), do PPS, Rubens Bueno (PPS\/PR), e da REDE, Alessandro Molon (REDE\/RJ), demonstraram apoio \u00e0 inclus\u00e3o do requerimento na ordem do dia. Os l\u00edderes Ronaldo Fonseca (PROS\/DF), Andr\u00e9 Moura (PSC\/SE), M\u00e1rcio Marinho (PRB\/BA), Aguinaldo Ribeiro (PP\/PB) e Daniel Almeida (PCdoB\/BA) tamb\u00e9m manifestaram apoio aos pleitos da Carreira.<\/p>\n<p>Vicente C\u00e2ndido (PT\/SP), autor do requerimento de urg\u00eancia, esteve com as entidades durante a mobiliza\u00e7\u00e3o na C\u00e2mara. No Corredor de L\u00edderes, o SINPROFAZ tamb\u00e9m recebeu o apoio de parlamentares como Luiz Carlos Ramos (PTN\/RJ), l\u00edder do bloco PTN, PTdoB e PSL, Henrique Fontana (PT\/RS), vice-l\u00edder do Governo, e Valtenir Pereira (PMDB\/MT), vice-l\u00edder do PMDB.<\/p>\n<p>A mobiliza\u00e7\u00e3o continuou nas galerias do Plen\u00e1rio, de onde a Carreira assistiu a aprova\u00e7\u00e3o, pelos parlamentares, da inclus\u00e3o do requerimento de urg\u00eancia na pauta desta quarta-feira. Hoje, dirigentes e associados das entidades devem se concentrar novamente na Casa para acompanhar a vota\u00e7\u00e3o.<\/p>\n\n\t\t<style type=\"text\/css\">\n\t\t\t#gallery-1 {\n\t\t\t\tmargin: auto;\n\t\t\t}\n\t\t\t#gallery-1 .gallery-item {\n\t\t\t\tfloat: left;\n\t\t\t\tmargin-top: 10px;\n\t\t\t\ttext-align: center;\n\t\t\t\twidth: 33%;\n\t\t\t}\n\t\t\t#gallery-1 img {\n\t\t\t\tborder: 2px solid #cfcfcf;\n\t\t\t}\n\t\t\t#gallery-1 .gallery-caption {\n\t\t\t\tmargin-left: 0;\n\t\t\t}\n\t\t\t\/* see gallery_shortcode() in wp-includes\/media.php *\/\n\t\t<\/style>\n\t\t<div id='gallery-1' class='gallery galleryid-4619 gallery-columns-3 gallery-size-thumbnail'><dl class='gallery-item'>\n\t\t\t<dt class='gallery-icon landscape'>\n\t\t\t\t<a href='https:\/\/sinprofaz.org.br\/2024\/wp-content\/uploads\/2016\/05\/011.jpg'><img loading=\"lazy\" decoding=\"async\" width=\"150\" height=\"150\" src=\"https:\/\/sinprofaz.org.br\/2024\/wp-content\/uploads\/2016\/05\/011-150x150.jpg\" class=\"attachment-thumbnail size-thumbnail\" alt=\"\" \/><\/a>\n\t\t\t<\/dt><\/dl><dl class='gallery-item'>\n\t\t\t<dt class='gallery-icon landscape'>\n\t\t\t\t<a href='https:\/\/sinprofaz.org.br\/2024\/wp-content\/uploads\/2016\/05\/021.jpg'><img loading=\"lazy\" decoding=\"async\" width=\"150\" height=\"150\" src=\"https:\/\/sinprofaz.org.br\/2024\/wp-content\/uploads\/2016\/05\/021-150x150.jpg\" class=\"attachment-thumbnail size-thumbnail\" alt=\"\" \/><\/a>\n\t\t\t<\/dt><\/dl><dl class='gallery-item'>\n\t\t\t<dt class='gallery-icon landscape'>\n\t\t\t\t<a href='https:\/\/sinprofaz.org.br\/2024\/wp-content\/uploads\/2016\/05\/03.jpg'><img loading=\"lazy\" decoding=\"async\" width=\"150\" height=\"150\" src=\"https:\/\/sinprofaz.org.br\/2024\/wp-content\/uploads\/2016\/05\/03-150x150.jpg\" class=\"attachment-thumbnail size-thumbnail\" alt=\"\" \/><\/a>\n\t\t\t<\/dt><\/dl><br style=\"clear: both\" \/><dl class='gallery-item'>\n\t\t\t<dt class='gallery-icon landscape'>\n\t\t\t\t<a href='https:\/\/sinprofaz.org.br\/2024\/wp-content\/uploads\/2016\/05\/04.jpg'><img loading=\"lazy\" decoding=\"async\" width=\"150\" height=\"150\" src=\"https:\/\/sinprofaz.org.br\/2024\/wp-content\/uploads\/2016\/05\/04-150x150.jpg\" class=\"attachment-thumbnail size-thumbnail\" alt=\"\" \/><\/a>\n\t\t\t<\/dt><\/dl><dl class='gallery-item'>\n\t\t\t<dt class='gallery-icon landscape'>\n\t\t\t\t<a href='https:\/\/sinprofaz.org.br\/2024\/wp-content\/uploads\/2016\/05\/05.jpg'><img loading=\"lazy\" decoding=\"async\" width=\"150\" height=\"150\" src=\"https:\/\/sinprofaz.org.br\/2024\/wp-content\/uploads\/2016\/05\/05-150x150.jpg\" class=\"attachment-thumbnail size-thumbnail\" alt=\"\" \/><\/a>\n\t\t\t<\/dt><\/dl><dl class='gallery-item'>\n\t\t\t<dt class='gallery-icon landscape'>\n\t\t\t\t<a href='https:\/\/sinprofaz.org.br\/2024\/wp-content\/uploads\/2016\/05\/06.jpg'><img loading=\"lazy\" decoding=\"async\" width=\"150\" height=\"150\" src=\"https:\/\/sinprofaz.org.br\/2024\/wp-content\/uploads\/2016\/05\/06-150x150.jpg\" class=\"attachment-thumbnail size-thumbnail\" alt=\"\" \/><\/a>\n\t\t\t<\/dt><\/dl><br style=\"clear: both\" \/><dl class='gallery-item'>\n\t\t\t<dt class='gallery-icon landscape'>\n\t\t\t\t<a href='https:\/\/sinprofaz.org.br\/2024\/wp-content\/uploads\/2016\/05\/07.jpg'><img loading=\"lazy\" decoding=\"async\" width=\"150\" height=\"150\" src=\"https:\/\/sinprofaz.org.br\/2024\/wp-content\/uploads\/2016\/05\/07-150x150.jpg\" class=\"attachment-thumbnail size-thumbnail\" alt=\"\" \/><\/a>\n\t\t\t<\/dt><\/dl><dl class='gallery-item'>\n\t\t\t<dt class='gallery-icon landscape'>\n\t\t\t\t<a href='https:\/\/sinprofaz.org.br\/2024\/wp-content\/uploads\/2016\/05\/08.jpg'><img loading=\"lazy\" decoding=\"async\" width=\"150\" height=\"150\" src=\"https:\/\/sinprofaz.org.br\/2024\/wp-content\/uploads\/2016\/05\/08-150x150.jpg\" class=\"attachment-thumbnail size-thumbnail\" alt=\"\" \/><\/a>\n\t\t\t<\/dt><\/dl><dl class='gallery-item'>\n\t\t\t<dt class='gallery-icon landscape'>\n\t\t\t\t<a href='https:\/\/sinprofaz.org.br\/2024\/wp-content\/uploads\/2016\/05\/09.jpg'><img loading=\"lazy\" decoding=\"async\" width=\"150\" height=\"150\" src=\"https:\/\/sinprofaz.org.br\/2024\/wp-content\/uploads\/2016\/05\/09-150x150.jpg\" class=\"attachment-thumbnail size-thumbnail\" alt=\"\" \/><\/a>\n\t\t\t<\/dt><\/dl><br style=\"clear: both\" \/><dl class='gallery-item'>\n\t\t\t<dt class='gallery-icon landscape'>\n\t\t\t\t<a href='https:\/\/sinprofaz.org.br\/2024\/wp-content\/uploads\/2016\/05\/10.jpg'><img loading=\"lazy\" decoding=\"async\" width=\"150\" height=\"150\" src=\"https:\/\/sinprofaz.org.br\/2024\/wp-content\/uploads\/2016\/05\/10-150x150.jpg\" class=\"attachment-thumbnail size-thumbnail\" alt=\"\" \/><\/a>\n\t\t\t<\/dt><\/dl><dl class='gallery-item'>\n\t\t\t<dt class='gallery-icon landscape'>\n\t\t\t\t<a href='https:\/\/sinprofaz.org.br\/2024\/wp-content\/uploads\/2016\/05\/11.jpg'><img loading=\"lazy\" decoding=\"async\" width=\"150\" height=\"150\" src=\"https:\/\/sinprofaz.org.br\/2024\/wp-content\/uploads\/2016\/05\/11-150x150.jpg\" class=\"attachment-thumbnail size-thumbnail\" alt=\"\" \/><\/a>\n\t\t\t<\/dt><\/dl><dl class='gallery-item'>\n\t\t\t<dt class='gallery-icon landscape'>\n\t\t\t\t<a href='https:\/\/sinprofaz.org.br\/2024\/wp-content\/uploads\/2016\/05\/12.jpg'><img loading=\"lazy\" decoding=\"async\" width=\"150\" height=\"150\" src=\"https:\/\/sinprofaz.org.br\/2024\/wp-content\/uploads\/2016\/05\/12-150x150.jpg\" class=\"attachment-thumbnail size-thumbnail\" alt=\"\" \/><\/a>\n\t\t\t<\/dt><\/dl><br style=\"clear: both\" \/>\n\t\t<\/div>\n\n","protected":false},"excerpt":{"rendered":"<p>A movimenta\u00e7\u00e3o do Corredor de L\u00edderes continuou nas galerias do Plen\u00e1rio, de onde a Carreira assistiu a aprova\u00e7\u00e3o, pelos parlamentares, da inclus\u00e3o do requerimento de urg\u00eancia na pauta desta quarta. As entidades v\u00e3o acompanhar a vota\u00e7\u00e3o na Casa.<\/p>\n","protected":false},"author":2,"featured_media":4620,"comment_status":"open","ping_status":"open","sticky":false,"template":"","format":"standard","meta":{"footnotes":""},"categories":[8],"tags":[48,32,33],"featured_image_url":"https:\/\/sinprofaz.org.br\/2024\/wp-content\/uploads\/2016\/05\/capa-800x198.jpg","character_count":1173,"formatted_date":"04\/05\/2016 - 16:38","contentNovo":"<p>Associados do SINPROFAZ, ao lado de membros das demais Carreiras da AGU, compareceram em peso \u00e0 C\u00e2mara dos Deputados nessa ter\u00e7a-feira (03). A mobiliza\u00e7\u00e3o no Corredor de L\u00edderes refor\u00e7ou a necessidade, entre as lideran\u00e7as partid\u00e1rias, de aprova\u00e7\u00e3o do requerimento de urg\u00eancia para vota\u00e7\u00e3o do Projeto de Lei 4254\/2015.<\/p><p>Na C\u00e2mara dos Deputados, o SINPROFAZ foi representado pela diretoria. Al\u00e9m do presidente Achilles Frias e do vice-presidente Juscelino Ferreira, participaram da mobiliza\u00e7\u00e3o os diretores Iolanda Guindani, Jos\u00e9 Ernane Brito, Giuliano Menezes, Arthur Porto, Roberto Rodrigues, Ant\u00f4nio Guedes, S\u00e9rgio Carneiro, Rodrigo Mellet e Caio Graco.<\/p><p>Parlamentares da Casa foram abordados pelo presidente Achilles Frias durante a mobiliza\u00e7\u00e3o. Lideran\u00e7as como do PDT, Weverton Rocha (PDT\/MA), do DEM, Pauderney Avelino (DEM\/AM), do PPS, Rubens Bueno (PPS\/PR), e da REDE, Alessandro Molon (REDE\/RJ), demonstraram apoio \u00e0 inclus\u00e3o do requerimento na ordem do dia. Os l\u00edderes Ronaldo Fonseca (PROS\/DF), Andr\u00e9 Moura (PSC\/SE), M\u00e1rcio Marinho (PRB\/BA), Aguinaldo Ribeiro (PP\/PB) e Daniel Almeida (PCdoB\/BA) tamb\u00e9m manifestaram apoio aos pleitos da Carreira.<\/p><p>Vicente C\u00e2ndido (PT\/SP), autor do requerimento de urg\u00eancia, esteve com as entidades durante a mobiliza\u00e7\u00e3o na C\u00e2mara. No Corredor de L\u00edderes, o SINPROFAZ tamb\u00e9m recebeu o apoio de parlamentares como Luiz Carlos Ramos (PTN\/RJ), l\u00edder do bloco PTN, PTdoB e PSL, Henrique Fontana (PT\/RS), vice-l\u00edder do Governo, e Valtenir Pereira (PMDB\/MT), vice-l\u00edder do PMDB.<\/p><p>A mobiliza\u00e7\u00e3o continuou nas galerias do Plen\u00e1rio, de onde a Carreira assistiu a aprova\u00e7\u00e3o, pelos parlamentares, da inclus\u00e3o do requerimento de urg\u00eancia na pauta desta quarta-feira. Hoje, dirigentes e associados das entidades devem se concentrar novamente na Casa para acompanhar a vota\u00e7\u00e3o.<\/p>\r\n[gallery link=\"file\" ids=\"4621,4622,4623,4624,4625,4626,4627,4628,4629,4630,4631,4632\"]","_links":{"self":[{"href":"https:\/\/sinprofaz.org.br\/2024\/wp-json\/wp\/v2\/posts\/4619"}],"collection":[{"href":"https:\/\/sinprofaz.org.br\/2024\/wp-json\/wp\/v2\/posts"}],"about":[{"href":"https:\/\/sinprofaz.org.br\/2024\/wp-json\/wp\/v2\/types\/post"}],"author":[{"embeddable":true,"href":"https:\/\/sinprofaz.org.br\/2024\/wp-json\/wp\/v2\/users\/2"}],"replies":[{"embeddable":true,"href":"https:\/\/sinprofaz.org.br\/2024\/wp-json\/wp\/v2\/comments?post=4619"}],"version-history":[{"count":7,"href":"https:\/\/sinprofaz.org.br\/2024\/wp-json\/wp\/v2\/posts\/4619\/revisions"}],"predecessor-version":[{"id":4639,"href":"https:\/\/sinprofaz.org.br\/2024\/wp-json\/wp\/v2\/posts\/4619\/revisions\/4639"}],"wp:featuredmedia":[{"embeddable":true,"href":"https:\/\/sinprofaz.org.br\/2024\/wp-json\/wp\/v2\/media\/4620"}],"wp:attachment":[{"href":"https:\/\/sinprofaz.org.br\/2024\/wp-json\/wp\/v2\/media?parent=4619"}],"wp:term":[{"taxonomy":"category","embeddable":true,"href":"https:\/\/sinprofaz.org.br\/2024\/wp-json\/wp\/v2\/categories?post=4619"},{"taxonomy":"post_tag","embeddable":true,"href":"https:\/\/sinprofaz.org.br\/2024\/wp-json\/wp\/v2\/tags?post=4619"}],"curies":[{"name":"wp","href":"https:\/\/api.w.org\/{rel}","templated":true}]}}