{"id":4588,"date":"2016-04-28T18:44:02","date_gmt":"2016-04-28T18:44:02","guid":{"rendered":"http:\/\/www.sinprofaz.org.br\/?p=4588"},"modified":"2016-04-28T18:59:35","modified_gmt":"2016-04-28T18:59:35","slug":"entidades-se-unem-para-mobilizacao-em-torno-do-projeto-de-lei","status":"publish","type":"post","link":"https:\/\/sinprofaz.org.br\/2024\/noticias\/entidades-se-unem-para-mobilizacao-em-torno-do-projeto-de-lei\/","title":{"rendered":"ENTIDADES SE UNEM PARA MOBILIZA\u00c7\u00c3O EM TORNO DO PROJETO DE LEI"},"content":{"rendered":"<p>O SINPROFAZ, representado pelo presidente Achilles Frias, o diretor S\u00e9rgio Carneiro e o ex-presidente Allan Titonelli, esteve durante a tarde e noite de ontem (27) na C\u00e2mara dos Deputados. Na Casa, os dirigentes do Sindicato atuaram pela aprova\u00e7\u00e3o do pedido de urg\u00eancia para vota\u00e7\u00e3o do Projeto de Lei 4254\/2015 em Plen\u00e1rio.<\/p>\n<p>O Procurador-Geral da Fazenda Nacional, Fabricio da Soller, acompanhou as entidades representantes da Advocacia P\u00fablica Federal durante o trabalho parlamentar, refor\u00e7ando a mobiliza\u00e7\u00e3o junto \u00e0s lideran\u00e7as partid\u00e1rias da Casa.<\/p>\n<p>As associa\u00e7\u00f5es tamb\u00e9m aguardavam a vota\u00e7\u00e3o do pedido de urg\u00eancia do Projeto que aumenta os sal\u00e1rios dos servidores do Poder Judici\u00e1rio (PL 2648\/15). O pedido foi aprovado em Plen\u00e1rio apenas na tarde de hoje. A expectativa \u00e9 que o PL dos honor\u00e1rios seja votado na C\u00e2mara juntamente com a proposta do Judici\u00e1rio.<\/p>\n<p>Na pr\u00f3xima semana, a diretoria do Sindicato comparecer\u00e1 em peso ao Congresso Nacional. O SINPROFAZ convoca a Carreira para se juntar \u00e0 mobiliza\u00e7\u00e3o pela c\u00e9lere vota\u00e7\u00e3o e aprova\u00e7\u00e3o do Projeto de Lei na C\u00e2mara dos Deputados.<\/p>\n","protected":false},"excerpt":{"rendered":"<p>O SINPROFAZ esteve durante a tarde e noite de ontem (27) na C\u00e2mara dos Deputados. Na Casa, os dirigentes do Sindicato atuaram pela aprova\u00e7\u00e3o do pedido de urg\u00eancia para vota\u00e7\u00e3o do Projeto de Lei 4254\/2015 em Plen\u00e1rio.<\/p>\n","protected":false},"author":2,"featured_media":4589,"comment_status":"open","ping_status":"open","sticky":false,"template":"","format":"standard","meta":{"footnotes":""},"categories":[8],"tags":[48,23,33],"featured_image_url":"https:\/\/sinprofaz.org.br\/2024\/wp-content\/uploads\/2016\/04\/019-800x198.jpg","character_count":561,"formatted_date":"28\/04\/2016 - 18:44","contentNovo":"<p>O SINPROFAZ, representado pelo presidente Achilles Frias, o diretor S\u00e9rgio Carneiro e o ex-presidente Allan Titonelli, esteve durante a tarde e noite de ontem (27) na C\u00e2mara dos Deputados. Na Casa, os dirigentes do Sindicato atuaram pela aprova\u00e7\u00e3o do pedido de urg\u00eancia para vota\u00e7\u00e3o do Projeto de Lei 4254\/2015 em Plen\u00e1rio.<\/p>\r\n<p>O Procurador-Geral da Fazenda Nacional, Fabricio da Soller, acompanhou as entidades representantes da Advocacia P\u00fablica Federal durante o trabalho parlamentar, refor\u00e7ando a mobiliza\u00e7\u00e3o junto \u00e0s lideran\u00e7as partid\u00e1rias da Casa.<\/p>\r\n<p>As associa\u00e7\u00f5es tamb\u00e9m aguardavam a vota\u00e7\u00e3o do pedido de urg\u00eancia do Projeto que aumenta os sal\u00e1rios dos servidores do Poder Judici\u00e1rio (PL 2648\/15). O pedido foi aprovado em Plen\u00e1rio apenas na tarde de hoje. A expectativa \u00e9 que o PL dos honor\u00e1rios seja votado na C\u00e2mara juntamente com a proposta do Judici\u00e1rio.<\/p>\r\n<p>Na pr\u00f3xima semana, a diretoria do Sindicato comparecer\u00e1 em peso ao Congresso Nacional. O SINPROFAZ convoca a Carreira para se juntar \u00e0 mobiliza\u00e7\u00e3o pela c\u00e9lere vota\u00e7\u00e3o e aprova\u00e7\u00e3o do Projeto de Lei na C\u00e2mara dos Deputados.<\/p>\r\n","_links":{"self":[{"href":"https:\/\/sinprofaz.org.br\/2024\/wp-json\/wp\/v2\/posts\/4588"}],"collection":[{"href":"https:\/\/sinprofaz.org.br\/2024\/wp-json\/wp\/v2\/posts"}],"about":[{"href":"https:\/\/sinprofaz.org.br\/2024\/wp-json\/wp\/v2\/types\/post"}],"author":[{"embeddable":true,"href":"https:\/\/sinprofaz.org.br\/2024\/wp-json\/wp\/v2\/users\/2"}],"replies":[{"embeddable":true,"href":"https:\/\/sinprofaz.org.br\/2024\/wp-json\/wp\/v2\/comments?post=4588"}],"version-history":[{"count":2,"href":"https:\/\/sinprofaz.org.br\/2024\/wp-json\/wp\/v2\/posts\/4588\/revisions"}],"predecessor-version":[{"id":4594,"href":"https:\/\/sinprofaz.org.br\/2024\/wp-json\/wp\/v2\/posts\/4588\/revisions\/4594"}],"wp:featuredmedia":[{"embeddable":true,"href":"https:\/\/sinprofaz.org.br\/2024\/wp-json\/wp\/v2\/media\/4589"}],"wp:attachment":[{"href":"https:\/\/sinprofaz.org.br\/2024\/wp-json\/wp\/v2\/media?parent=4588"}],"wp:term":[{"taxonomy":"category","embeddable":true,"href":"https:\/\/sinprofaz.org.br\/2024\/wp-json\/wp\/v2\/categories?post=4588"},{"taxonomy":"post_tag","embeddable":true,"href":"https:\/\/sinprofaz.org.br\/2024\/wp-json\/wp\/v2\/tags?post=4588"}],"curies":[{"name":"wp","href":"https:\/\/api.w.org\/{rel}","templated":true}]}}