{"id":4511,"date":"2016-04-20T12:14:41","date_gmt":"2016-04-20T12:14:41","guid":{"rendered":"http:\/\/www.sinprofaz.org.br\/?p=4511"},"modified":"2016-04-26T18:58:53","modified_gmt":"2016-04-26T18:58:53","slug":"maceio-sedia-reuniao-entre-sindicato-e-associados","status":"publish","type":"post","link":"https:\/\/sinprofaz.org.br\/2024\/noticias\/maceio-sedia-reuniao-entre-sindicato-e-associados\/","title":{"rendered":"MACEI\u00d3 SEDIA REUNI\u00c3O ENTRE SINDICATO E ASSOCIADOS"},"content":{"rendered":"<p>O SINPROFAZ, representado pelo presidente Achilles Frias, esteve em Macei\u00f3 na quinta-feira (14) para reuni\u00e3o com os filiados do Estado de Alagoas. Dezesseis PFNs participaram do encontro, que contou com a participa\u00e7\u00e3o da delegada sindical Marcela Tavares, da delegada suplente Carla Guerra, da ex-vice-presidente do Sindicato Liciane Ten\u00f3rio e do procurador-chefe do Estado de Alagoas, Elton Mascarenhas.<\/p>\n<p>O debate priorizou a quest\u00e3o do Projeto de Lei n. 4254\/2015, o PL dos honor\u00e1rios. Achilles Frias esclareceu os Colegas sobre as estrat\u00e9gias de atua\u00e7\u00e3o do Sindicato para aprova\u00e7\u00e3o do Projeto na C\u00e2mara dos Deputados e destacou a import\u00e2ncia do consenso entre entidades e AGU para inser\u00e7\u00e3o dos aposentados no PL.<\/p>\n<p>Na reuni\u00e3o, discutiu-se a necessidade de elei\u00e7\u00f5es em substitui\u00e7\u00e3o ao PSS. Em prolongado debate, o Presidente do SINPROFAZ abordou tamb\u00e9m a situa\u00e7\u00e3o dos pleitos judiciais de interesse da Carreira em torno dos quais os advogados do Sindicato t\u00eam atuado. <\/p>\n","protected":false},"excerpt":{"rendered":"<p>O SINPROFAZ, representado pelo presidente Achilles Frias, esteve em Macei\u00f3 para reuni\u00e3o com os filiados do Estado de Alagoas. Dezesseis PFNs participaram do debate, que priorizou a quest\u00e3o do Projeto de Lei n. 4254\/2015, o PL dos honor\u00e1rios.<\/p>\n","protected":false},"author":2,"featured_media":4512,"comment_status":"open","ping_status":"open","sticky":false,"template":"","format":"standard","meta":{"footnotes":""},"categories":[8],"tags":[32,25],"featured_image_url":"https:\/\/sinprofaz.org.br\/2024\/wp-content\/uploads\/2016\/04\/015-800x198.jpg","character_count":497,"formatted_date":"20\/04\/2016 - 12:14","contentNovo":"<p>O SINPROFAZ, representado pelo presidente Achilles Frias, esteve em Macei\u00f3 na quinta-feira (14) para reuni\u00e3o com os filiados do Estado de Alagoas. Dezesseis PFNs participaram do encontro, que contou com a participa\u00e7\u00e3o da delegada sindical Marcela Tavares, da delegada suplente Carla Guerra, da ex-vice-presidente do Sindicato Liciane Ten\u00f3rio e do procurador-chefe do Estado de Alagoas, Elton Mascarenhas.<\/p>\r\n<p>O debate priorizou a quest\u00e3o do Projeto de Lei n. 4254\/2015, o PL dos honor\u00e1rios. Achilles Frias esclareceu os Colegas sobre as estrat\u00e9gias de atua\u00e7\u00e3o do Sindicato para aprova\u00e7\u00e3o do Projeto na C\u00e2mara dos Deputados e destacou a import\u00e2ncia do consenso entre entidades e AGU para inser\u00e7\u00e3o dos aposentados no PL.<\/p>\r\n<p>Na reuni\u00e3o, discutiu-se a necessidade de elei\u00e7\u00f5es em substitui\u00e7\u00e3o ao PSS. Em prolongado debate, o Presidente do SINPROFAZ abordou tamb\u00e9m a situa\u00e7\u00e3o dos pleitos judiciais de interesse da Carreira em torno dos quais os advogados do Sindicato t\u00eam atuado. <\/p>","_links":{"self":[{"href":"https:\/\/sinprofaz.org.br\/2024\/wp-json\/wp\/v2\/posts\/4511"}],"collection":[{"href":"https:\/\/sinprofaz.org.br\/2024\/wp-json\/wp\/v2\/posts"}],"about":[{"href":"https:\/\/sinprofaz.org.br\/2024\/wp-json\/wp\/v2\/types\/post"}],"author":[{"embeddable":true,"href":"https:\/\/sinprofaz.org.br\/2024\/wp-json\/wp\/v2\/users\/2"}],"replies":[{"embeddable":true,"href":"https:\/\/sinprofaz.org.br\/2024\/wp-json\/wp\/v2\/comments?post=4511"}],"version-history":[{"count":1,"href":"https:\/\/sinprofaz.org.br\/2024\/wp-json\/wp\/v2\/posts\/4511\/revisions"}],"predecessor-version":[{"id":4513,"href":"https:\/\/sinprofaz.org.br\/2024\/wp-json\/wp\/v2\/posts\/4511\/revisions\/4513"}],"wp:featuredmedia":[{"embeddable":true,"href":"https:\/\/sinprofaz.org.br\/2024\/wp-json\/wp\/v2\/media\/4512"}],"wp:attachment":[{"href":"https:\/\/sinprofaz.org.br\/2024\/wp-json\/wp\/v2\/media?parent=4511"}],"wp:term":[{"taxonomy":"category","embeddable":true,"href":"https:\/\/sinprofaz.org.br\/2024\/wp-json\/wp\/v2\/categories?post=4511"},{"taxonomy":"post_tag","embeddable":true,"href":"https:\/\/sinprofaz.org.br\/2024\/wp-json\/wp\/v2\/tags?post=4511"}],"curies":[{"name":"wp","href":"https:\/\/api.w.org\/{rel}","templated":true}]}}