{"id":448,"date":"2011-11-14T10:29:18","date_gmt":"2011-11-14T10:29:18","guid":{"rendered":""},"modified":"-0001-11-30T00:00:00","modified_gmt":"-0001-11-30T03:00:00","slug":"forum-nacional-e-recebido-por-agu-para-tratar-demandas-das-carreiras","status":"publish","type":"post","link":"https:\/\/sinprofaz.org.br\/2024\/noticias\/forum-nacional-e-recebido-por-agu-para-tratar-demandas-das-carreiras\/","title":{"rendered":"Forum Nacional \u00e9 recebido por AGU para tratar demandas das carreiras"},"content":{"rendered":"<p>Os principais assuntos em pauta foram os seguintes:<\/p>\n<p>1) Revis\u00e3o da Lei Org\u00e2nica da AGU, possibilitando garantir prerrogativas para o desempenho das fun\u00e7\u00f5es, bem como um tratamento ison\u00f4mico em rela\u00e7\u00e3o \u00e0s Fun\u00e7\u00f5es Essenciais \u00e0 Justi\u00e7a. Os dirigentes solicitaram vista do projeto para apresentar sugest\u00f5es;<\/p>\n<p>2) Necessidade da melhoria do ambiente de trabalho para os membros das carreiras que comp\u00f5em a AGU. Para isso, \u00e9 preciso prover o quadro efetivo de todas as carreiras, com abertura imediata de concurso; cria\u00e7\u00e3o de uma carreira de apoio; aperfei\u00e7oamento e moderniza\u00e7\u00e3o das instala\u00e7\u00f5es; unifica\u00e7\u00e3o e integra\u00e7\u00e3o dos sistemas; entre outros;<\/p>\n<p>3) Manifesta\u00e7\u00e3o sobre a &#8220;estrat\u00e9gia&#8221; anunciada pela Ajufe dando conta que <i>\u201cos processos de interesse da Uni\u00e3o nas Varas C\u00edveis e de Execu\u00e7\u00e3o Fiscal ter\u00e3o as suas intima\u00e7\u00f5es e cita\u00e7\u00f5es totalmente represadas, a partir desta semana, at\u00e9 serem remetidas para a Advocacia Geral da Uni\u00e3o em bloco somente no dia 29 de novembro\u201d<\/i>, situa\u00e7\u00e3o de risco institucional que merece toda nossa aten\u00e7\u00e3o;<\/p>\n<p>4) Pedido de resposta quanto ao requerimento de tratamento ison\u00f4mico da Advocacia P\u00fablica Federal frente \u00e0 Magistratura e ao Minist\u00e9rio P\u00fablico;<\/p>\n<p>5) Manifesta\u00e7\u00e3o sobre a campanha \u201cHonor\u00e1rios para Todos\u201d, desenvolvida pelo F\u00f3rum em parceria com o Conselho Federal da Ordem dos Advogados do Brasil;<\/p>\n<p>6) Necessidade de haver tratamento ison\u00f4mico no que tange ao pleito remunerat\u00f3rio, uma vez que h\u00e1 not\u00edcias de que o PMDB e outros partidos da base aliada estariam apoiando a proposta de cargo e sal\u00e1rios dos t\u00e9cnicos e analistas do Poder Judici\u00e1rio Federal e do Minist\u00e9rio P\u00fablico Federal, bem como a revis\u00e3o geral apenas para a Magistratura e o Minist\u00e9rio P\u00fablico, situa\u00e7\u00e3o inadmiss\u00edvel para a Advocacia P\u00fablica Federal.<\/p>\n<p><b>Lei Complementar da AGU <\/b><\/p>\n<p>O Ministro disse que a Lei Complementar da AGU est\u00e1 tramitando na Casa Civil, devendo haver uma reuni\u00e3o, em breve, com a Ministra Gleisy Hoffman para tratar do assunto.<\/p>\n<p>Pontuou, ainda, que, no seu entendimento, seria melhor definir a posi\u00e7\u00e3o governamental para, assim, haver o encaminhamento do projeto da LC ao Congresso, uma vez que este debate j\u00e1 se arrasta por bastante tempo.<\/p>\n<p>Esclareceu que a abertura de um debate sobre o projeto, nesse momento, poderia resultar em um engessamento da proposta, com possibilidade de posterga\u00e7\u00e3o do prazo para o envio do projeto ao Congresso.<\/p>\n<p>Os dirigentes disseram que os integrantes das carreiras est\u00e3o ansiosos para a apresenta\u00e7\u00e3o do projeto, bem como para debater a proposta. Registraram a necessidade do projeto garantir prerrogativas para o desempenhos das fun\u00e7\u00f5es, bem como um tratamento ison\u00f4mico em rela\u00e7\u00e3o \u00e0s Fun\u00e7\u00f5es Essenciais \u00e0 Justi\u00e7a. Entre alguns itens sugeridos, destaque para: (i) aperfei\u00e7oamento dos crit\u00e9rios de promo\u00e7\u00e3o; (ii) previs\u00e3o de pagamento pela Uni\u00e3o da OAB; (iii) indeniza\u00e7\u00e3o\/gratifica\u00e7\u00e3o por lota\u00e7\u00e3o em localidade de dif\u00edcil provimento; (iv) pagamento de adicional por substitui\u00e7\u00e3o; (v) recebimento dos honor\u00e1rios de sucumb\u00eancia; (vi) pagamento de di\u00e1ria na propor\u00e7\u00e3o de 1\/30 avos da remunera\u00e7\u00e3o, conforme ocorre na Magistratura e no Minist\u00e9rio P\u00fablico Federal; (vii) previs\u00e3o de pagamento pela Uni\u00e3o do afastamento do dirigente sindical; entre outras propostas.<\/p>\n<p>O AGU disse que o Forum poderia fazer as interven\u00e7\u00f5es necess\u00e1rias no processo legislativo, anotando, desde j\u00e1, as reivindica\u00e7\u00f5es.<\/p>\n<p><b>Crit\u00e9rios de promo\u00e7\u00e3o e engessamento das categorias <\/b><\/p>\n<p>Os dirigentes do Forum registraram a necessidade da abertura de debates para apresenta\u00e7\u00e3o de solu\u00e7\u00f5es que contemplem crit\u00e9rios de promo\u00e7\u00e3o condizentes com a realidade existente nas carreiras, considerando que hoje h\u00e1 um engessamento das categorias.<\/p>\n<p>O Advogado-Geral esclareceu que este debate sobre crit\u00e9rios n\u00e3o est\u00e1 inclu\u00eddo no projeto de lei complementar da AGU e que n\u00e3o obstaria \u00e0 cria\u00e7\u00e3o de uma comiss\u00e3o para debater o assunto, ressalvando que essa discuss\u00e3o n\u00e3o pode ficar restrita ao aspecto econ\u00f4mico. Necessitando, para tanto, de estabelecer uma reestrutura\u00e7\u00e3o que contemple o comprometimento dos integrantes das carreiras com a institui\u00e7\u00e3o.<\/p>\n<p><b>Condi\u00e7\u00f5es de trabalho e concursos <\/b><\/p>\n<p>Foram ressaltadas, mais uma vez, as condi\u00e7\u00f5es de trabalho a que os Advogados da Uni\u00e3o, Procuradores Federais, Procuradores da Fazenda Nacional e Procuradores do Banco Central est\u00e3o sendo submetidos. Havendo grande quantitativo de processos por Procurador\/Advogado da Uni\u00e3o, necessidade de consulta a sistemas de inform\u00e1tica pulverizados, falta de Procuradores\/Advogados da Uni\u00e3o, falta de servidores, falta de estrutura e material de apoio em muitas unidades, etc.<\/p>\n<p>O AGU disse que tem trabalhado internamente para a resolu\u00e7\u00e3o desses problemas, entretanto, a crise financeira internacional contribuiu para ado\u00e7\u00e3o de medidas or\u00e7ament\u00e1rias restritivas.<\/p>\n<p>O Ministro Adams asseverou, ainda, que a autoriza\u00e7\u00e3o para realiza\u00e7\u00e3o de concurso para Advogado da Uni\u00e3o e Procurador da Fazenda Nacional j\u00e1 foi dada pelo MPOG e que o edital ser\u00e1 debatido no \u00e2mbito do Conselho. Sendo certo que ser\u00e3o cerca de 70 vagas para cada um dos concursos.<\/p>\n<p>Questionado quanto \u00e0 nomea\u00e7\u00e3o do grupo de Procuradores Federais aprovados, e que j\u00e1 fizeram curso de forma\u00e7\u00e3o, disse que trabalha para que todas as vagas do edital sejam preenchidas at\u00e9 maio de 2012.<\/p>\n<p><b>Medidas em rela\u00e7\u00e3o \u00e0s declara\u00e7\u00f5es da Ajufe<\/b><\/p>\n<p>O AGU afirmou que est\u00e1 monitorando o andamento dos processos judiciais para adotar as medidas cab\u00edveis, asseverando que at\u00e9 o presente momento n\u00e3o recebeu qualquer informa\u00e7\u00e3o de represamento das intima\u00e7\u00f5es e cita\u00e7\u00f5es da Uni\u00e3o. Reportando-se \u00e0 manifesta\u00e7\u00e3o do Presidente do Supremo, Cezar Peluso, e do STJ, Ari Pargendler, no que tange ao m\u00e9rito da quest\u00e3o e das medidas preventivas anunciadas.<\/p>\n<p><b>Requerimento de tratamento ison\u00f4mico em rela\u00e7\u00e3o \u00e0 Resolu\u00e7\u00e3o expedida pelo CNJ<\/b><\/p>\n<p>O Ministro Adams informou que o pedido se encontra na Consultoria-Geral da Uni\u00e3o para emiss\u00e3o de parecer, objetivando embasar a decis\u00e3o sobre o caso.<\/p>\n<p><b>Pauta Remunerat\u00f3ria<\/b><\/p>\n<p>Os dirigentes do Forum alertaram ao Ministro o anseio que todos os colegas da Advocacia P\u00fablica Federal esperam em rela\u00e7\u00e3o \u00e0 recomposi\u00e7\u00e3o salarial, uma vez que o processo inflacion\u00e1rio tem corro\u00eddo a remunera\u00e7\u00e3o e o poder de compra, necessitando, de um reajuste urgente.<\/p>\n<p>Os dirigentes do Forum pediram a intercess\u00e3o do Ministro junto ao Governo para que n\u00e3o permita que a magistratura seja tratada, novamente, de forma diferenciada, uma vez que a revis\u00e3o geral deve ser estendida a todos os servidores.<\/p>\n<p>O presidente do Forum Nacional, Allan Titonelli, asseverou que &#8220;\u00e9 necess\u00e1rio que a Constitui\u00e7\u00e3o seja respeitada. Em um Estado Democr\u00e1tico de Direito, o primado da Constitui\u00e7\u00e3o e das leis deve ser sempre observado. O art. 29, \u00a7 2\u00ba, do ADCT, e o Cap\u00edtulo IV, do T\u00edtulo IV, da Carta Magna, deixam claro o tratamento ison\u00f4mico entre as Fun\u00e7\u00f5es Essenciais \u00e0 Justi\u00e7a. Soma-se a isso o que disp\u00f5e o art. 37, XII, da CF\/88, o qual determina que a remunera\u00e7\u00e3o do Poder Legislativo e Judici\u00e1rio n\u00e3o poder\u00e1 ser superior a do Poder Executivo, sendo certo que hoje os Advogados do Senado possuem remunera\u00e7\u00e3o igual aos Magistrados e ao Minist\u00e9rio P\u00fablico, motivo pelo qual se deve concretizar esse preceito em rela\u00e7\u00e3o \u00e0 Advocacia P\u00fablica Federal.&#8221;<\/p>\n<p>O Ministro disse que a posi\u00e7\u00e3o do Governo \u00e9 de n\u00e3o conceder aumento para nenhuma das carreiras. Informou, contudo, que o Governo pretende retomar as negocia\u00e7\u00f5es em mar\u00e7o de 2012, para que o reajustes sejam efetivados a partir de 2013.<\/p>\n<p><b>Remo\u00e7\u00e3o por permuta <\/b><\/p>\n<p>Na oportunidade, o Ministro informou que o processo de remo\u00e7\u00e3o por permuta est\u00e1 bem adiantado. Disse que, em rela\u00e7\u00e3o \u00e0 carreira de Procurador da Fazenda Nacional, aguarda assinatura do Ministro da Fazenda para publica\u00e7\u00e3o.<\/p>\n","protected":false},"excerpt":{"rendered":"<p>Representantes do Forum Nacional discutem com ministro Lu\u00eds In\u00e1cio Adams reivindica\u00e7\u00f5es das carreiras que integram a Advocacia-Geral da Uni\u00e3o.<\/p>\n","protected":false},"author":1,"featured_media":0,"comment_status":"closed","ping_status":"open","sticky":false,"template":"","format":"standard","meta":{"footnotes":""},"categories":[8],"tags":[],"featured_image_url":"https:\/\/dummyimage.com\/720x400","character_count":3950,"formatted_date":"14\/11\/2011 - 10:29","contentNovo":"\r\n<p>Os principais assuntos em pauta foram os seguintes:<\/p>\r\n<p>1) Revis\u00e3o da Lei Org\u00e2nica da AGU, possibilitando garantir prerrogativas para o desempenho das fun\u00e7\u00f5es, bem como um tratamento ison\u00f4mico em rela\u00e7\u00e3o \u00e0s Fun\u00e7\u00f5es Essenciais \u00e0 Justi\u00e7a. Os dirigentes solicitaram vista do projeto para apresentar sugest\u00f5es;<\/p>\r\n<p>2) Necessidade da melhoria do ambiente de trabalho para os membros das carreiras que comp\u00f5em a AGU. Para isso, \u00e9 preciso prover o quadro efetivo de todas as carreiras, com abertura imediata de concurso; cria\u00e7\u00e3o de uma carreira de apoio; aperfei\u00e7oamento e moderniza\u00e7\u00e3o das instala\u00e7\u00f5es; unifica\u00e7\u00e3o e integra\u00e7\u00e3o dos sistemas; entre outros;<\/p>\r\n<p>3) Manifesta\u00e7\u00e3o sobre a \"estrat\u00e9gia\" anunciada pela Ajufe dando conta que \u201cos processos de interesse da Uni\u00e3o nas Varas C\u00edveis e de Execu\u00e7\u00e3o Fiscal ter\u00e3o as suas intima\u00e7\u00f5es e cita\u00e7\u00f5es totalmente represadas, a partir desta semana, at\u00e9 serem remetidas para a Advocacia Geral da Uni\u00e3o em bloco somente no dia 29 de novembro\u201d, situa\u00e7\u00e3o de risco institucional que merece toda nossa aten\u00e7\u00e3o;<\/p>\r\n<p>4) Pedido de resposta quanto ao requerimento de tratamento ison\u00f4mico da Advocacia P\u00fablica Federal frente \u00e0 Magistratura e ao Minist\u00e9rio P\u00fablico;<\/p>\r\n<p>5) Manifesta\u00e7\u00e3o sobre a campanha \u201cHonor\u00e1rios para Todos\u201d, desenvolvida pelo F\u00f3rum em parceria com o Conselho Federal da Ordem dos Advogados do Brasil;<\/p>\r\n<p>6) Necessidade de haver tratamento ison\u00f4mico no que tange ao pleito remunerat\u00f3rio, uma vez que h\u00e1 not\u00edcias de que o PMDB e outros partidos da base aliada estariam apoiando a proposta de cargo e sal\u00e1rios dos t\u00e9cnicos e analistas do Poder Judici\u00e1rio Federal e do Minist\u00e9rio P\u00fablico Federal, bem como a revis\u00e3o geral apenas para a Magistratura e o Minist\u00e9rio P\u00fablico, situa\u00e7\u00e3o inadmiss\u00edvel para a Advocacia P\u00fablica Federal.<\/p>\r\n<p>Lei Complementar da AGU <\/p>\r\n<p>O Ministro disse que a Lei Complementar da AGU est\u00e1 tramitando na Casa Civil, devendo haver uma reuni\u00e3o, em breve, com a Ministra Gleisy Hoffman para tratar do assunto.<\/p>\r\n<p>Pontuou, ainda, que, no seu entendimento, seria melhor definir a posi\u00e7\u00e3o governamental para, assim, haver o encaminhamento do projeto da LC ao Congresso, uma vez que este debate j\u00e1 se arrasta por bastante tempo.<\/p>\r\n<p>Esclareceu que a abertura de um debate sobre o projeto, nesse momento, poderia resultar em um engessamento da proposta, com possibilidade de posterga\u00e7\u00e3o do prazo para o envio do projeto ao Congresso.<\/p>\r\n<p>Os dirigentes disseram que os integrantes das carreiras est\u00e3o ansiosos para a apresenta\u00e7\u00e3o do projeto, bem como para debater a proposta. Registraram a necessidade do projeto garantir prerrogativas para o desempenhos das fun\u00e7\u00f5es, bem como um tratamento ison\u00f4mico em rela\u00e7\u00e3o \u00e0s Fun\u00e7\u00f5es Essenciais \u00e0 Justi\u00e7a. Entre alguns itens sugeridos, destaque para: (i) aperfei\u00e7oamento dos crit\u00e9rios de promo\u00e7\u00e3o; (ii) previs\u00e3o de pagamento pela Uni\u00e3o da OAB; (iii) indeniza\u00e7\u00e3o\/gratifica\u00e7\u00e3o por lota\u00e7\u00e3o em localidade de dif\u00edcil provimento; (iv) pagamento de adicional por substitui\u00e7\u00e3o; (v) recebimento dos honor\u00e1rios de sucumb\u00eancia; (vi) pagamento de di\u00e1ria na propor\u00e7\u00e3o de 1\/30 avos da remunera\u00e7\u00e3o, conforme ocorre na Magistratura e no Minist\u00e9rio P\u00fablico Federal; (vii) previs\u00e3o de pagamento pela Uni\u00e3o do afastamento do dirigente sindical; entre outras propostas.<\/p>\r\n<p>O AGU disse que o Forum poderia fazer as interven\u00e7\u00f5es necess\u00e1rias no processo legislativo, anotando, desde j\u00e1, as reivindica\u00e7\u00f5es.<\/p>\r\n<p>Crit\u00e9rios de promo\u00e7\u00e3o e engessamento das categorias <\/p>\r\n<p>Os dirigentes do Forum registraram a necessidade da abertura de debates para apresenta\u00e7\u00e3o de solu\u00e7\u00f5es que contemplem crit\u00e9rios de promo\u00e7\u00e3o condizentes com a realidade existente nas carreiras, considerando que hoje h\u00e1 um engessamento das categorias.<\/p>\r\n<p>O Advogado-Geral esclareceu que este debate sobre crit\u00e9rios n\u00e3o est\u00e1 inclu\u00eddo no projeto de lei complementar da AGU e que n\u00e3o obstaria \u00e0 cria\u00e7\u00e3o de uma comiss\u00e3o para debater o assunto, ressalvando que essa discuss\u00e3o n\u00e3o pode ficar restrita ao aspecto econ\u00f4mico. Necessitando, para tanto, de estabelecer uma reestrutura\u00e7\u00e3o que contemple o comprometimento dos integrantes das carreiras com a institui\u00e7\u00e3o.<\/p>\r\n<p>Condi\u00e7\u00f5es de trabalho e concursos <\/p>\r\n<p>Foram ressaltadas, mais uma vez, as condi\u00e7\u00f5es de trabalho a que os Advogados da Uni\u00e3o, Procuradores Federais, Procuradores da Fazenda Nacional e Procuradores do Banco Central est\u00e3o sendo submetidos. Havendo grande quantitativo de processos por Procurador\/Advogado da Uni\u00e3o, necessidade de consulta a sistemas de inform\u00e1tica pulverizados, falta de Procuradores\/Advogados da Uni\u00e3o, falta de servidores, falta de estrutura e material de apoio em muitas unidades, etc.<\/p>\r\n<p>O AGU disse que tem trabalhado internamente para a resolu\u00e7\u00e3o desses problemas, entretanto, a crise financeira internacional contribuiu para ado\u00e7\u00e3o de medidas or\u00e7ament\u00e1rias restritivas.<\/p>\r\n<p>O Ministro Adams asseverou, ainda, que a autoriza\u00e7\u00e3o para realiza\u00e7\u00e3o de concurso para Advogado da Uni\u00e3o e Procurador da Fazenda Nacional j\u00e1 foi dada pelo MPOG e que o edital ser\u00e1 debatido no \u00e2mbito do Conselho. Sendo certo que ser\u00e3o cerca de 70 vagas para cada um dos concursos.<\/p>\r\n<p>Questionado quanto \u00e0 nomea\u00e7\u00e3o do grupo de Procuradores Federais aprovados, e que j\u00e1 fizeram curso de forma\u00e7\u00e3o, disse que trabalha para que todas as vagas do edital sejam preenchidas at\u00e9 maio de 2012.<\/p>\r\n<p>Medidas em rela\u00e7\u00e3o \u00e0s declara\u00e7\u00f5es da Ajufe<\/p>\r\n<p>O AGU afirmou que est\u00e1 monitorando o andamento dos processos judiciais para adotar as medidas cab\u00edveis, asseverando que at\u00e9 o presente momento n\u00e3o recebeu qualquer informa\u00e7\u00e3o de represamento das intima\u00e7\u00f5es e cita\u00e7\u00f5es da Uni\u00e3o. Reportando-se \u00e0 manifesta\u00e7\u00e3o do Presidente do Supremo, Cezar Peluso, e do STJ, Ari Pargendler, no que tange ao m\u00e9rito da quest\u00e3o e das medidas preventivas anunciadas.<\/p>\r\n<p>Requerimento de tratamento ison\u00f4mico em rela\u00e7\u00e3o \u00e0 Resolu\u00e7\u00e3o expedida pelo CNJ<\/p>\r\n<p>O Ministro Adams informou que o pedido se encontra na Consultoria-Geral da Uni\u00e3o para emiss\u00e3o de parecer, objetivando embasar a decis\u00e3o sobre o caso.<\/p>\r\n<p>Pauta Remunerat\u00f3ria<\/p>\r\n<p>Os dirigentes do Forum alertaram ao Ministro o anseio que todos os colegas da Advocacia P\u00fablica Federal esperam em rela\u00e7\u00e3o \u00e0 recomposi\u00e7\u00e3o salarial, uma vez que o processo inflacion\u00e1rio tem corro\u00eddo a remunera\u00e7\u00e3o e o poder de compra, necessitando, de um reajuste urgente.<\/p>\r\n<p>Os dirigentes do Forum pediram a intercess\u00e3o do Ministro junto ao Governo para que n\u00e3o permita que a magistratura seja tratada, novamente, de forma diferenciada, uma vez que a revis\u00e3o geral deve ser estendida a todos os servidores.<\/p>\r\n<p>O presidente do Forum Nacional, Allan Titonelli, asseverou que \"\u00e9 necess\u00e1rio que a Constitui\u00e7\u00e3o seja respeitada. Em um Estado Democr\u00e1tico de Direito, o primado da Constitui\u00e7\u00e3o e das leis deve ser sempre observado. O art. 29, \u00a7 2\u00ba, do ADCT, e o Cap\u00edtulo IV, do T\u00edtulo IV, da Carta Magna, deixam claro o tratamento ison\u00f4mico entre as Fun\u00e7\u00f5es Essenciais \u00e0 Justi\u00e7a. Soma-se a isso o que disp\u00f5e o art. 37, XII, da CF\/88, o qual determina que a remunera\u00e7\u00e3o do Poder Legislativo e Judici\u00e1rio n\u00e3o poder\u00e1 ser superior a do Poder Executivo, sendo certo que hoje os Advogados do Senado possuem remunera\u00e7\u00e3o igual aos Magistrados e ao Minist\u00e9rio P\u00fablico, motivo pelo qual se deve concretizar esse preceito em rela\u00e7\u00e3o \u00e0 Advocacia P\u00fablica Federal.\"<\/p>\r\n<p>O Ministro disse que a posi\u00e7\u00e3o do Governo \u00e9 de n\u00e3o conceder aumento para nenhuma das carreiras. Informou, contudo, que o Governo pretende retomar as negocia\u00e7\u00f5es em mar\u00e7o de 2012, para que o reajustes sejam efetivados a partir de 2013.<\/p>\r\n<p>Remo\u00e7\u00e3o por permuta <\/p>\r\n<p>Na oportunidade, o Ministro informou que o processo de remo\u00e7\u00e3o por permuta est\u00e1 bem adiantado. Disse que, em rela\u00e7\u00e3o \u00e0 carreira de Procurador da Fazenda Nacional, aguarda assinatura do Ministro da Fazenda para publica\u00e7\u00e3o.<\/p>","_links":{"self":[{"href":"https:\/\/sinprofaz.org.br\/2024\/wp-json\/wp\/v2\/posts\/448"}],"collection":[{"href":"https:\/\/sinprofaz.org.br\/2024\/wp-json\/wp\/v2\/posts"}],"about":[{"href":"https:\/\/sinprofaz.org.br\/2024\/wp-json\/wp\/v2\/types\/post"}],"author":[{"embeddable":true,"href":"https:\/\/sinprofaz.org.br\/2024\/wp-json\/wp\/v2\/users\/1"}],"replies":[{"embeddable":true,"href":"https:\/\/sinprofaz.org.br\/2024\/wp-json\/wp\/v2\/comments?post=448"}],"version-history":[{"count":0,"href":"https:\/\/sinprofaz.org.br\/2024\/wp-json\/wp\/v2\/posts\/448\/revisions"}],"wp:attachment":[{"href":"https:\/\/sinprofaz.org.br\/2024\/wp-json\/wp\/v2\/media?parent=448"}],"wp:term":[{"taxonomy":"category","embeddable":true,"href":"https:\/\/sinprofaz.org.br\/2024\/wp-json\/wp\/v2\/categories?post=448"},{"taxonomy":"post_tag","embeddable":true,"href":"https:\/\/sinprofaz.org.br\/2024\/wp-json\/wp\/v2\/tags?post=448"}],"curies":[{"name":"wp","href":"https:\/\/api.w.org\/{rel}","templated":true}]}}