{"id":444,"date":"2011-11-10T15:39:31","date_gmt":"2011-11-10T15:39:31","guid":{"rendered":""},"modified":"-0001-11-30T00:00:00","modified_gmt":"-0001-11-30T03:00:00","slug":"projeto-amplia-prerrogativas-a-membros-da-advocacia-publica","status":"publish","type":"post","link":"https:\/\/sinprofaz.org.br\/2024\/noticias\/projeto-amplia-prerrogativas-a-membros-da-advocacia-publica\/","title":{"rendered":"Projeto amplia prerrogativas a membros da Advocacia P\u00fablica"},"content":{"rendered":"<p>A proposi\u00e7\u00e3o, de autoria do deputado Arnaldo Faria de S\u00e1 (PTB\/SP), foi apresentada na \u00faltima ter\u00e7a-feira (08\/11) e aguarda despacho do presidente da C\u00e2mara.<\/p>\n<p>O projeto tamb\u00e9m disp\u00f5e sobre a pr\u00e1tica de improbidade administrativa em rela\u00e7\u00e3o ao parecer jur\u00eddico da Advocacia P\u00fablica.<\/p>\n<p>De acordo com a justificativa do PL, os advogados p\u00fablicos n\u00e3o s\u00e3o pass\u00edveis de responsabiliza\u00e7\u00e3o por suas opini\u00f5es t\u00e9cnicas, ressalvada a hip\u00f3tese de dolo, fraude ou erro grosseiro, a serem apurados pelas respectivas Corregedorias, mediante manifesta\u00e7\u00e3o pr\u00e9via do \u00f3rg\u00e3o consultivo superior da Advocacia P\u00fablica Federal, dos Estados, do Distrito Federal e dos Munic\u00edpios, onde houver.<\/p>\n<p>Na opini\u00e3o do presidente do SINPROFAZ e Forum Nacional, Allan Titonelli, \u201co projeto de lei vai ao encontro \u00e0 necessidade de dotar a Advocacia P\u00fablica de prerrogativas para o exerc\u00edcio de suas fun\u00e7\u00f5es. O Advogado P\u00fablico precisa de garantias para o desempenho de suas atividades, sem qualquer temor em rela\u00e7\u00e3o a persegui\u00e7\u00f5es\u201d.<\/p>\n<p>Essa proposta vem consolidar os anseios e bandeiras defendidas pelo Forum e SINPROFAZ.<\/p>\n","protected":false},"excerpt":{"rendered":"<p>PL 2.650\/2011 disciplina a obrigatoriedade de manifesta\u00e7\u00e3o e os efeitos da participa\u00e7\u00e3o dos \u00f3rg\u00e3os consultivos da advocacia p\u00fablica em processos administrativos.<\/p>\n","protected":false},"author":1,"featured_media":0,"comment_status":"closed","ping_status":"open","sticky":false,"template":"","format":"standard","meta":{"footnotes":""},"categories":[8],"tags":[],"featured_image_url":"https:\/\/dummyimage.com\/720x400","character_count":561,"formatted_date":"10\/11\/2011 - 15:39","contentNovo":"\r\n<p>A proposi\u00e7\u00e3o, de autoria do deputado Arnaldo Faria de S\u00e1 (PTB\/SP), foi apresentada na \u00faltima ter\u00e7a-feira (08\/11) e aguarda despacho do presidente da C\u00e2mara.<\/p>\r\n<p>O projeto tamb\u00e9m disp\u00f5e sobre a pr\u00e1tica de improbidade administrativa em rela\u00e7\u00e3o ao parecer jur\u00eddico da Advocacia P\u00fablica.<\/p>\r\n<p>De acordo com a justificativa do PL, os advogados p\u00fablicos n\u00e3o s\u00e3o pass\u00edveis de responsabiliza\u00e7\u00e3o por suas opini\u00f5es t\u00e9cnicas, ressalvada a hip\u00f3tese de dolo, fraude ou erro grosseiro, a serem apurados pelas respectivas Corregedorias, mediante manifesta\u00e7\u00e3o pr\u00e9via do \u00f3rg\u00e3o consultivo superior da Advocacia P\u00fablica Federal, dos Estados, do Distrito Federal e dos Munic\u00edpios, onde houver.<\/p>\r\n<p>Na opini\u00e3o do presidente do SINPROFAZ e Forum Nacional, Allan Titonelli, \u201co projeto de lei vai ao encontro \u00e0 necessidade de dotar a Advocacia P\u00fablica de prerrogativas para o exerc\u00edcio de suas fun\u00e7\u00f5es. O Advogado P\u00fablico precisa de garantias para o desempenho de suas atividades, sem qualquer temor em rela\u00e7\u00e3o a persegui\u00e7\u00f5es\u201d.<\/p>\r\n<p>Essa proposta vem consolidar os anseios e bandeiras defendidas pelo Forum e SINPROFAZ.<\/p>","_links":{"self":[{"href":"https:\/\/sinprofaz.org.br\/2024\/wp-json\/wp\/v2\/posts\/444"}],"collection":[{"href":"https:\/\/sinprofaz.org.br\/2024\/wp-json\/wp\/v2\/posts"}],"about":[{"href":"https:\/\/sinprofaz.org.br\/2024\/wp-json\/wp\/v2\/types\/post"}],"author":[{"embeddable":true,"href":"https:\/\/sinprofaz.org.br\/2024\/wp-json\/wp\/v2\/users\/1"}],"replies":[{"embeddable":true,"href":"https:\/\/sinprofaz.org.br\/2024\/wp-json\/wp\/v2\/comments?post=444"}],"version-history":[{"count":0,"href":"https:\/\/sinprofaz.org.br\/2024\/wp-json\/wp\/v2\/posts\/444\/revisions"}],"wp:attachment":[{"href":"https:\/\/sinprofaz.org.br\/2024\/wp-json\/wp\/v2\/media?parent=444"}],"wp:term":[{"taxonomy":"category","embeddable":true,"href":"https:\/\/sinprofaz.org.br\/2024\/wp-json\/wp\/v2\/categories?post=444"},{"taxonomy":"post_tag","embeddable":true,"href":"https:\/\/sinprofaz.org.br\/2024\/wp-json\/wp\/v2\/tags?post=444"}],"curies":[{"name":"wp","href":"https:\/\/api.w.org\/{rel}","templated":true}]}}