{"id":4395,"date":"2016-04-14T16:50:58","date_gmt":"2016-04-14T16:50:58","guid":{"rendered":"http:\/\/www.sinprofaz.org.br\/?p=4395"},"modified":"2016-04-19T19:29:51","modified_gmt":"2016-04-19T19:29:51","slug":"sinprofaz-se-reune-com-filiados-em-salvador-2","status":"publish","type":"post","link":"https:\/\/sinprofaz.org.br\/2024\/noticias\/sinprofaz-se-reune-com-filiados-em-salvador-2\/","title":{"rendered":"SINPROFAZ SE RE\u00daNE COM FILIADOS EM SALVADOR"},"content":{"rendered":"<p>O SINPROFAZ, representado pelo presidente Achilles Frias, esteve em Salvador (BA) no \u00faltimo dia 7 para reuni\u00e3o com Procuradores da Fazenda Nacional lotados no Estado da Bahia. O encontro reuniu cerca de vinte e cinco PFNs e contou com a presen\u00e7a da Delegada Sindical Loan Kizzi Reina, do Subdelegado Ricardo Queiroz, dos Delegados anteriores, Roberto Levy e Moema d\u2019Almeida, da Procuradora-Chefe Marcela Bassi e do Subprocurador-chefe Paulo Germano da Rocha.<\/p>\n<p>No debate realizado, foram abordados temas como o Projeto de Lei n.4254\/2015, que trata dos honor\u00e1rios advocat\u00edcios, e as PECs de interesse da Carreira. Achilles Frias esclareceu aos Colegas as estrat\u00e9gias do Sindicato para a fase de aprecia\u00e7\u00e3o do PL na C\u00e2mara dos Deputados e ressaltou a import\u00e2ncia do consenso alcan\u00e7ado entre as entidades da Advocacia P\u00fablica Federal e a AGU com rela\u00e7\u00e3o ao teor do Projeto de Lei.<\/p>\n<p>Destacou-se a import\u00e2ncia de realizar elei\u00e7\u00e3o para a Chefia Estadual, ocasi\u00e3o em que foram feitas cr\u00edticas ao PSS. Ressaltou-se, ainda, a import\u00e2ncia de manter Digra e Nae desativados. Foram feitos relatos acerca de a\u00e7\u00f5es judiciais, al\u00e9m de in\u00fameras considera\u00e7\u00f5es sobre os demais temas. O debate foi intenso e prof\u00edcuo.<\/p>\n<p>O SINPROFAZ agradece aos Colegas baianos pela importante participa\u00e7\u00e3o.<\/p>\n\n\t\t<style type=\"text\/css\">\n\t\t\t#gallery-1 {\n\t\t\t\tmargin: auto;\n\t\t\t}\n\t\t\t#gallery-1 .gallery-item {\n\t\t\t\tfloat: left;\n\t\t\t\tmargin-top: 10px;\n\t\t\t\ttext-align: center;\n\t\t\t\twidth: 33%;\n\t\t\t}\n\t\t\t#gallery-1 img {\n\t\t\t\tborder: 2px solid #cfcfcf;\n\t\t\t}\n\t\t\t#gallery-1 .gallery-caption {\n\t\t\t\tmargin-left: 0;\n\t\t\t}\n\t\t\t\/* see gallery_shortcode() in wp-includes\/media.php *\/\n\t\t<\/style>\n\t\t<div id='gallery-1' class='gallery galleryid-4395 gallery-columns-3 gallery-size-thumbnail'><dl class='gallery-item'>\n\t\t\t<dt class='gallery-icon landscape'>\n\t\t\t\t<a href='https:\/\/sinprofaz.org.br\/2024\/wp-content\/uploads\/2016\/04\/013.jpg'><img loading=\"lazy\" decoding=\"async\" width=\"150\" height=\"150\" src=\"https:\/\/sinprofaz.org.br\/2024\/wp-content\/uploads\/2016\/04\/013-150x150.jpg\" class=\"attachment-thumbnail size-thumbnail\" alt=\"\" \/><\/a>\n\t\t\t<\/dt><\/dl><dl class='gallery-item'>\n\t\t\t<dt class='gallery-icon landscape'>\n\t\t\t\t<a href='https:\/\/sinprofaz.org.br\/2024\/wp-content\/uploads\/2016\/04\/033.jpg'><img loading=\"lazy\" decoding=\"async\" width=\"150\" height=\"150\" src=\"https:\/\/sinprofaz.org.br\/2024\/wp-content\/uploads\/2016\/04\/033-150x150.jpg\" class=\"attachment-thumbnail size-thumbnail\" alt=\"\" \/><\/a>\n\t\t\t<\/dt><\/dl>\n\t\t\t<br style='clear: both' \/>\n\t\t<\/div>\n\n","protected":false},"excerpt":{"rendered":"<p>O SINPROFAZ, representado pelo presidente Achilles Frias, esteve em Salvador (BA) no \u00faltimo dia 7 para reuni\u00e3o com Procuradores da Fazenda Nacional lotados no Estado da Bahia. O encontro reuniu cerca de vinte e cinco PFNs.<\/p>\n","protected":false},"author":2,"featured_media":4397,"comment_status":"open","ping_status":"open","sticky":false,"template":"","format":"standard","meta":{"footnotes":""},"categories":[8],"tags":[32,25],"featured_image_url":"https:\/\/sinprofaz.org.br\/2024\/wp-content\/uploads\/2016\/04\/023-800x198.jpg","character_count":834,"formatted_date":"14\/04\/2016 - 16:50","contentNovo":"O SINPROFAZ, representado pelo presidente Achilles Frias, esteve em Salvador (BA) no \u00faltimo dia 7 para reuni\u00e3o com Procuradores da Fazenda Nacional lotados no Estado da Bahia. O encontro reuniu cerca de vinte e cinco PFNs e contou com a presen\u00e7a da Delegada Sindical Loan Kizzi Reina, do Subdelegado Ricardo Queiroz, dos Delegados anteriores, Roberto Levy e Moema d\u2019Almeida, da Procuradora-Chefe Marcela Bassi e do Subprocurador-chefe Paulo Germano da Rocha.\r\n\r\nNo debate realizado, foram abordados temas como o Projeto de Lei n.4254\/2015, que trata dos honor\u00e1rios advocat\u00edcios, e as PECs de interesse da Carreira. Achilles Frias esclareceu aos Colegas as estrat\u00e9gias do Sindicato para a fase de aprecia\u00e7\u00e3o do PL na C\u00e2mara dos Deputados e ressaltou a import\u00e2ncia do consenso alcan\u00e7ado entre as entidades da Advocacia P\u00fablica Federal e a AGU com rela\u00e7\u00e3o ao teor do Projeto de Lei.\r\n\r\nDestacou-se a import\u00e2ncia de realizar elei\u00e7\u00e3o para a Chefia Estadual, ocasi\u00e3o em que foram feitas cr\u00edticas ao PSS. Ressaltou-se, ainda, a import\u00e2ncia de manter Digra e Nae desativados. Foram feitos relatos acerca de a\u00e7\u00f5es judiciais, al\u00e9m de in\u00fameras considera\u00e7\u00f5es sobre os demais temas. O debate foi intenso e prof\u00edcuo.\r\n\r\nO SINPROFAZ agradece aos Colegas baianos pela importante participa\u00e7\u00e3o.\r\n\r\n[gallery link=\"file\" ids=\"4396,4398\"]","_links":{"self":[{"href":"https:\/\/sinprofaz.org.br\/2024\/wp-json\/wp\/v2\/posts\/4395"}],"collection":[{"href":"https:\/\/sinprofaz.org.br\/2024\/wp-json\/wp\/v2\/posts"}],"about":[{"href":"https:\/\/sinprofaz.org.br\/2024\/wp-json\/wp\/v2\/types\/post"}],"author":[{"embeddable":true,"href":"https:\/\/sinprofaz.org.br\/2024\/wp-json\/wp\/v2\/users\/2"}],"replies":[{"embeddable":true,"href":"https:\/\/sinprofaz.org.br\/2024\/wp-json\/wp\/v2\/comments?post=4395"}],"version-history":[{"count":2,"href":"https:\/\/sinprofaz.org.br\/2024\/wp-json\/wp\/v2\/posts\/4395\/revisions"}],"predecessor-version":[{"id":4454,"href":"https:\/\/sinprofaz.org.br\/2024\/wp-json\/wp\/v2\/posts\/4395\/revisions\/4454"}],"wp:featuredmedia":[{"embeddable":true,"href":"https:\/\/sinprofaz.org.br\/2024\/wp-json\/wp\/v2\/media\/4397"}],"wp:attachment":[{"href":"https:\/\/sinprofaz.org.br\/2024\/wp-json\/wp\/v2\/media?parent=4395"}],"wp:term":[{"taxonomy":"category","embeddable":true,"href":"https:\/\/sinprofaz.org.br\/2024\/wp-json\/wp\/v2\/categories?post=4395"},{"taxonomy":"post_tag","embeddable":true,"href":"https:\/\/sinprofaz.org.br\/2024\/wp-json\/wp\/v2\/tags?post=4395"}],"curies":[{"name":"wp","href":"https:\/\/api.w.org\/{rel}","templated":true}]}}