{"id":425,"date":"2011-10-27T16:11:23","date_gmt":"2011-10-27T16:11:23","guid":{"rendered":""},"modified":"-0001-11-30T00:00:00","modified_gmt":"-0001-11-30T03:00:00","slug":"mais-uma-acao-do-sinprofaz-no-combate-a-sonegacao-de-tributos","status":"publish","type":"post","link":"https:\/\/sinprofaz.org.br\/2024\/noticias\/mais-uma-acao-do-sinprofaz-no-combate-a-sonegacao-de-tributos\/","title":{"rendered":"Mais uma a\u00e7\u00e3o do SINPROFAZ no combate \u00e0 sonega\u00e7\u00e3o de tributos"},"content":{"rendered":"<p>O projeto trata da suspens\u00e3o e cassa\u00e7\u00e3o da efic\u00e1cia da inscri\u00e7\u00e3o no Cadastro Nacional de Pessoas Jur\u00eddicas do Minist\u00e9rio da Fazenda &#8211; CNPJ\/MF de estabelecimentos que distribuam, adquiram, comercializem, transportem ou estoquem produtos que tenham sido objeto de contrafa\u00e7\u00e3o, crimes contra a marca, sonega\u00e7\u00e3o de tributos ou furto ou roubo.<\/p>\n<p>Na oportunidade, foi esclarecido todo o trabalho que o Sindicato desempenha no combate \u00e0 sonega\u00e7\u00e3o. O deputado colocou-se \u00e0 disposi\u00e7\u00e3o para receber sugest\u00f5es ao projeto.<\/p>\n<p>Refor\u00e7ou-se, tamb\u00e9m, o papel atinente \u00e0 Advocacia P\u00fablica Federal esclarecendo que \u00e9 necess\u00e1rio concluir o trabalho do Poder Constituinte Origin\u00e1rio para possibilitar que os integrantes da Advocacia-Geral da Uni\u00e3o possam compatibilizar sua voca\u00e7\u00e3o com a satisfa\u00e7\u00e3o pessoal e profissional, fazendo valer a equipara\u00e7\u00e3o entre as Fun\u00e7\u00f5es Essenciais \u00e0 Justi\u00e7a, conforme enseja interpreta\u00e7\u00e3o do art. 29, \u00a72\u00ba, do ADCT e Cap\u00edtulo IV, da Constitui\u00e7\u00e3o Federal.<\/p>\n<p>Assim, a reforma da Advocacia P\u00fablica Federal poder\u00e1 ser concretizada com a aprova\u00e7\u00e3o das PECs n\u00ba 443\/09 e 452\/09.<\/p>\n","protected":false},"excerpt":{"rendered":"<p>O presidente do SINPROFAZ, Allan Titonelli, esteve reunido com o deputado Romero Rodrigues (PSDB\/PB), relator do PL 1.778\/2011 na Comiss\u00e3o de Desenvolvimento Econ\u00f4mico, Ind\u00fastria e Com\u00e9rcio. A proposi\u00e7\u00e3o pretende frear a sonega\u00e7\u00e3o fiscal.<\/p>\n","protected":false},"author":1,"featured_media":0,"comment_status":"closed","ping_status":"open","sticky":false,"template":"","format":"standard","meta":{"footnotes":""},"categories":[8],"tags":[],"featured_image_url":"https:\/\/dummyimage.com\/720x400","character_count":565,"formatted_date":"27\/10\/2011 - 16:11","contentNovo":"\r\n<p>O projeto trata da suspens\u00e3o e cassa\u00e7\u00e3o da efic\u00e1cia da inscri\u00e7\u00e3o no Cadastro Nacional de Pessoas Jur\u00eddicas do Minist\u00e9rio da Fazenda - CNPJ\/MF de estabelecimentos que distribuam, adquiram, comercializem, transportem ou estoquem produtos que tenham sido objeto de contrafa\u00e7\u00e3o, crimes contra a marca, sonega\u00e7\u00e3o de tributos ou furto ou roubo.<\/p>\r\n<p>Na oportunidade, foi esclarecido todo o trabalho que o Sindicato desempenha no combate \u00e0 sonega\u00e7\u00e3o. O deputado colocou-se \u00e0 disposi\u00e7\u00e3o para receber sugest\u00f5es ao projeto.<\/p>\r\n<p>Refor\u00e7ou-se, tamb\u00e9m, o papel atinente \u00e0 Advocacia P\u00fablica Federal esclarecendo que \u00e9 necess\u00e1rio concluir o trabalho do Poder Constituinte Origin\u00e1rio para possibilitar que os integrantes da Advocacia-Geral da Uni\u00e3o possam compatibilizar sua voca\u00e7\u00e3o com a satisfa\u00e7\u00e3o pessoal e profissional, fazendo valer a equipara\u00e7\u00e3o entre as Fun\u00e7\u00f5es Essenciais \u00e0 Justi\u00e7a, conforme enseja interpreta\u00e7\u00e3o do art. 29, \u00a72\u00ba, do ADCT e Cap\u00edtulo IV, da Constitui\u00e7\u00e3o Federal.<\/p>\r\n<p>Assim, a reforma da Advocacia P\u00fablica Federal poder\u00e1 ser concretizada com a aprova\u00e7\u00e3o das PECs n\u00ba 443\/09 e 452\/09.<\/p>","_links":{"self":[{"href":"https:\/\/sinprofaz.org.br\/2024\/wp-json\/wp\/v2\/posts\/425"}],"collection":[{"href":"https:\/\/sinprofaz.org.br\/2024\/wp-json\/wp\/v2\/posts"}],"about":[{"href":"https:\/\/sinprofaz.org.br\/2024\/wp-json\/wp\/v2\/types\/post"}],"author":[{"embeddable":true,"href":"https:\/\/sinprofaz.org.br\/2024\/wp-json\/wp\/v2\/users\/1"}],"replies":[{"embeddable":true,"href":"https:\/\/sinprofaz.org.br\/2024\/wp-json\/wp\/v2\/comments?post=425"}],"version-history":[{"count":0,"href":"https:\/\/sinprofaz.org.br\/2024\/wp-json\/wp\/v2\/posts\/425\/revisions"}],"wp:attachment":[{"href":"https:\/\/sinprofaz.org.br\/2024\/wp-json\/wp\/v2\/media?parent=425"}],"wp:term":[{"taxonomy":"category","embeddable":true,"href":"https:\/\/sinprofaz.org.br\/2024\/wp-json\/wp\/v2\/categories?post=425"},{"taxonomy":"post_tag","embeddable":true,"href":"https:\/\/sinprofaz.org.br\/2024\/wp-json\/wp\/v2\/tags?post=425"}],"curies":[{"name":"wp","href":"https:\/\/api.w.org\/{rel}","templated":true}]}}