{"id":422,"date":"2011-10-26T15:41:55","date_gmt":"2011-10-26T15:41:55","guid":{"rendered":""},"modified":"-0001-11-30T00:00:00","modified_gmt":"-0001-11-30T03:00:00","slug":"sindicato-ouve-colegas-de-fortaleza-e-visita-local-do-xi-encontro-de-pfns","status":"publish","type":"post","link":"https:\/\/sinprofaz.org.br\/2024\/noticias\/sindicato-ouve-colegas-de-fortaleza-e-visita-local-do-xi-encontro-de-pfns\/","title":{"rendered":"Sindicato ouve colegas PFNs lotados em Fortaleza"},"content":{"rendered":"<p>Em continuidade ao processo de visita \u00e0s unidades da PGFN e aproxima\u00e7\u00e3o dos filiados, objetivando propiciar uma maior mobiliza\u00e7\u00e3o da carreira, o presidente Allan Titonelli esteve reunido na manh\u00e3 da \u00faltima segunda-feira, 24 de outubro, com os Procuradores lotados em Fortaleza.<\/p>\n<p>Na oportunidade, os colegas puderam tirar d\u00favidas pessoais, apresentar sugest\u00f5es e relatar os problemas locais.<\/p>\n<p>O presidente do SINPROFAZ fez um hist\u00f3rico sobre as principais a\u00e7\u00f5es judiciais existentes, pauta remunerat\u00f3ria e outros assuntos que afligem a carreira.<\/p>\n<p>Foi ressaltado que o SINPROFAZ e o Forum est\u00e3o insatisfeitos com a postura do governo em n\u00e3o promover a reestrutura\u00e7\u00e3o da Advocacia P\u00fablica Federal. O presidente esclareceu que \u201cn\u00e3o admitir\u00e1 tratamento diferenciado entre as Fun\u00e7\u00f5es Essenciais \u00e0 Justi\u00e7a, sendo certo que as respectivas entidades adotar\u00e3o todas as medidas republicanas e democr\u00e1ticas poss\u00edveis para que o art. 37, X, da CF\/88 seja cumprido igualitariamente. Isso porque, a manifesta\u00e7\u00e3o p\u00fablica da Magistratura e Minist\u00e9rio P\u00fablico respaldam tratamento ison\u00f4mico tamb\u00e9m em rela\u00e7\u00e3o \u00e0 Advocacia P\u00fablica Federal.\u201d<\/p>\n<p><b>Reuni\u00e3o com o Procurador-Geral do Estado do Cear\u00e1<\/b><\/p>\n<p>O presidente Titonelli, o diretor de Comunica\u00e7\u00e3o Social do Sindicato, J\u00e2nio Vidal, e a Procuradora da Fazenda Nacional, Paula Campos, estiveram reunidos com o Procurador-Geral do Estado do Cear\u00e1, Fernando Oliveira, que tamb\u00e9m \u00e9 PFN.<\/p>\n<p>Na ocasi\u00e3o, foram abordados temas relacionados \u00e0 Advocacia P\u00fablica e ultimadas algumas provid\u00eancias em rela\u00e7\u00e3o ao XI Encontro Nacional da Carreira.<\/p>\n<p>Foi debatida a participa\u00e7\u00e3o do PGE, Fernando Oliveira, em um dos pain\u00e9is do evento, e discutida a possibilidade de o governador, Cid Gomes, participar da abertura.<\/p>\n<p>Por fim, os diretores agradeceram a disponibilidade do governo em patrocinar o Encontro e envidar esfor\u00e7os para ter uma participa\u00e7\u00e3o efetiva nos debates.<\/p>\n","protected":false},"excerpt":{"rendered":"<p>Presidente do SINPROFAZ, Allan Titonelli, esteve em Fortaleza para se reunir com PFNs da capital do Cear\u00e1, bem como ultimar os preparativos para o XI Encontro Nacional dos Procuradores da Fazenda Nacional.<\/p>\n","protected":false},"author":1,"featured_media":0,"comment_status":"closed","ping_status":"open","sticky":false,"template":"","format":"standard","meta":{"footnotes":""},"categories":[8],"tags":[],"featured_image_url":"https:\/\/dummyimage.com\/720x400","character_count":965,"formatted_date":"26\/10\/2011 - 15:41","contentNovo":"\r\n<p>Em continuidade ao processo de visita \u00e0s unidades da PGFN e aproxima\u00e7\u00e3o dos filiados, objetivando propiciar uma maior mobiliza\u00e7\u00e3o da carreira, o presidente Allan Titonelli esteve reunido na manh\u00e3 da \u00faltima segunda-feira, 24 de outubro, com os Procuradores lotados em Fortaleza.<\/p>\r\n<p>Na oportunidade, os colegas puderam tirar d\u00favidas pessoais, apresentar sugest\u00f5es e relatar os problemas locais.<\/p>\r\n<p>O presidente do SINPROFAZ fez um hist\u00f3rico sobre as principais a\u00e7\u00f5es judiciais existentes, pauta remunerat\u00f3ria e outros assuntos que afligem a carreira.<\/p>\r\n<p>Foi ressaltado que o SINPROFAZ e o Forum est\u00e3o insatisfeitos com a postura do governo em n\u00e3o promover a reestrutura\u00e7\u00e3o da Advocacia P\u00fablica Federal. O presidente esclareceu que \u201cn\u00e3o admitir\u00e1 tratamento diferenciado entre as Fun\u00e7\u00f5es Essenciais \u00e0 Justi\u00e7a, sendo certo que as respectivas entidades adotar\u00e3o todas as medidas republicanas e democr\u00e1ticas poss\u00edveis para que o art. 37, X, da CF\/88 seja cumprido igualitariamente. Isso porque, a manifesta\u00e7\u00e3o p\u00fablica da Magistratura e Minist\u00e9rio P\u00fablico respaldam tratamento ison\u00f4mico tamb\u00e9m em rela\u00e7\u00e3o \u00e0 Advocacia P\u00fablica Federal.\u201d<\/p>\r\n<p>Reuni\u00e3o com o Procurador-Geral do Estado do Cear\u00e1<\/p>\r\n<p>O presidente Titonelli, o diretor de Comunica\u00e7\u00e3o Social do Sindicato, J\u00e2nio Vidal, e a Procuradora da Fazenda Nacional, Paula Campos, estiveram reunidos com o Procurador-Geral do Estado do Cear\u00e1, Fernando Oliveira, que tamb\u00e9m \u00e9 PFN.<\/p>\r\n<p>Na ocasi\u00e3o, foram abordados temas relacionados \u00e0 Advocacia P\u00fablica e ultimadas algumas provid\u00eancias em rela\u00e7\u00e3o ao XI Encontro Nacional da Carreira.<\/p>\r\n<p>Foi debatida a participa\u00e7\u00e3o do PGE, Fernando Oliveira, em um dos pain\u00e9is do evento, e discutida a possibilidade de o governador, Cid Gomes, participar da abertura.<\/p>\r\n<p>Por fim, os diretores agradeceram a disponibilidade do governo em patrocinar o Encontro e envidar esfor\u00e7os para ter uma participa\u00e7\u00e3o efetiva nos debates.<\/p>","_links":{"self":[{"href":"https:\/\/sinprofaz.org.br\/2024\/wp-json\/wp\/v2\/posts\/422"}],"collection":[{"href":"https:\/\/sinprofaz.org.br\/2024\/wp-json\/wp\/v2\/posts"}],"about":[{"href":"https:\/\/sinprofaz.org.br\/2024\/wp-json\/wp\/v2\/types\/post"}],"author":[{"embeddable":true,"href":"https:\/\/sinprofaz.org.br\/2024\/wp-json\/wp\/v2\/users\/1"}],"replies":[{"embeddable":true,"href":"https:\/\/sinprofaz.org.br\/2024\/wp-json\/wp\/v2\/comments?post=422"}],"version-history":[{"count":0,"href":"https:\/\/sinprofaz.org.br\/2024\/wp-json\/wp\/v2\/posts\/422\/revisions"}],"wp:attachment":[{"href":"https:\/\/sinprofaz.org.br\/2024\/wp-json\/wp\/v2\/media?parent=422"}],"wp:term":[{"taxonomy":"category","embeddable":true,"href":"https:\/\/sinprofaz.org.br\/2024\/wp-json\/wp\/v2\/categories?post=422"},{"taxonomy":"post_tag","embeddable":true,"href":"https:\/\/sinprofaz.org.br\/2024\/wp-json\/wp\/v2\/tags?post=422"}],"curies":[{"name":"wp","href":"https:\/\/api.w.org\/{rel}","templated":true}]}}